{"id":53552,"date":"2020-10-23T00:01:21","date_gmt":"2020-10-22T22:01:21","guid":{"rendered":"http:\/\/www.editiondaslabor.de\/blog\/?p=53552"},"modified":"2020-08-31T12:32:28","modified_gmt":"2020-08-31T10:32:28","slug":"53552","status":"publish","type":"post","link":"http:\/\/www.editiondaslabor.de\/blog\/2020\/10\/23\/53552\/","title":{"rendered":":"},"content":{"rendered":"<p>:<\/p>\n<p>Krach im Kopf der<\/p>\n<p>krank macht<\/p>\n<p>&nbsp;<\/p>\n<p>wir aber<\/p>\n<p><em>sweet selfie<\/em>lass nach!<\/p>\n<p>verzinsen<\/p>\n<p>sogar unsere Sehns\u00fcchte<\/p>\n<p>heute:<\/p>\n<p>&nbsp;<\/p>\n<p style=\"text-align: right;\">(k\u00e4m doch<\/p>\n<p style=\"text-align: right;\">Gesang)<\/p>\n<p>&nbsp;<\/p>\n<p>&nbsp;<\/p>\n<p>&nbsp;<\/p>\n<p>&nbsp;<\/p>\n<p>&nbsp;<\/p>\n<p style=\"text-align: center;\">***<\/p>\n<p style=\"text-align: justify;\"><strong>Baumzyklen, <\/strong>Gedichte von Sophie Reyer, KUNO 2020<\/p>\n<div style=\"width: 204px\" class=\"wp-caption alignleft\"><a id=\"set-post-thumbnail\" class=\"thickbox\" href=\"http:\/\/www.editiondaslabor.de\/blog\/wp-admin\/media-upload.php?post_id=53406&amp;type=image&amp;TB_iframe=1\" aria-describedby=\"set-post-thumbnail-desc\"><img loading=\"lazy\" decoding=\"async\" class=\"attachment-266x266\" src=\"http:\/\/www.editiondaslabor.de\/blog\/wp-content\/uploads\/2018\/06\/Zyklop3.jpeg\" sizes=\"auto, (max-width: 194px) 100vw, 194px\" srcset=\"http:\/\/www.editiondaslabor.de\/blog\/wp-content\/uploads\/2018\/06\/Zyklop3.jpeg 633w, http:\/\/www.editiondaslabor.de\/blog\/wp-content\/uploads\/2018\/06\/Zyklop3-218x300.jpeg 218w\" alt=\"\" width=\"194\" height=\"266\"\/><\/a><p class=\"wp-caption-text\">Aus: Zyklop I von Haimo Hieronymus, Edition Das Labor, 2018<\/p><\/div>\n<p style=\"text-align: justify;\">Ein Portr\u00e4t von Sophie Reyer findet sich&nbsp;<a href=\"http:\/\/www.editiondaslabor.de\/blog\/?p=18115\">hier<\/a>. In ihrem preisgekr\u00f6nten Essay&nbsp;<a href=\"http:\/\/www.editiondaslabor.de\/blog\/?p=17985\"><em>Referenzuniversum<\/em><\/a>&nbsp;geht sie der Frage nach, wie das Schreiben durch das schreibende Analysieren gebrochen wird. Vertiefend zur Lekt\u00fcre empfohlen, das Kollegengespr\u00e4ch&nbsp;<a href=\"http:\/\/www.editiondaslabor.de\/blog\/?p=19055\">:2= Verweisungszeichen zur Twitteratur<\/a>&nbsp;von Sophie Reyer und A.J. Weigoni zum Projekt&nbsp;<em>Wortspielhalle<\/em>. H\u00f6ren kann man einen Auszug aus der&nbsp;<em>Wortspielhalle<\/em>in der Reihe&nbsp;<a href=\"http:\/\/vordenker.de\/weigoni\/wortspielhalle.htm\">MetaPhon<\/a>.<\/p>\n<p>&nbsp;<\/p>\n","protected":false},"excerpt":{"rendered":"<p>: Krach im Kopf der krank macht &nbsp; wir aber sweet selfielass nach! verzinsen sogar unsere Sehns\u00fcchte heute: &nbsp; (k\u00e4m doch Gesang) &nbsp; &nbsp; &nbsp; &nbsp; &nbsp; *** Baumzyklen, Gedichte von Sophie Reyer, KUNO 2020 Ein Portr\u00e4t von Sophie Reyer&hellip;<\/p>\n<p class=\"more-link-p\"><a class=\"more-link\" href=\"http:\/\/www.editiondaslabor.de\/blog\/2020\/10\/23\/53552\/\">Read more &rarr;<\/a><\/p>\n","protected":false},"author":100,"featured_media":50734,"comment_status":"closed","ping_status":"closed","sticky":false,"template":"","format":"standard","meta":{"footnotes":""},"categories":[1],"tags":[394],"class_list":["post-53552","post","type-post","status-publish","format-standard","has-post-thumbnail","hentry","category-literatur","tag-sophie-reyer"],"_links":{"self":[{"href":"http:\/\/www.editiondaslabor.de\/blog\/wp-json\/wp\/v2\/posts\/53552","targetHints":{"allow":["GET"]}}],"collection":[{"href":"http:\/\/www.editiondaslabor.de\/blog\/wp-json\/wp\/v2\/posts"}],"about":[{"href":"http:\/\/www.editiondaslabor.de\/blog\/wp-json\/wp\/v2\/types\/post"}],"author":[{"embeddable":true,"href":"http:\/\/www.editiondaslabor.de\/blog\/wp-json\/wp\/v2\/users\/100"}],"replies":[{"embeddable":true,"href":"http:\/\/www.editiondaslabor.de\/blog\/wp-json\/wp\/v2\/comments?post=53552"}],"version-history":[{"count":0,"href":"http:\/\/www.editiondaslabor.de\/blog\/wp-json\/wp\/v2\/posts\/53552\/revisions"}],"wp:featuredmedia":[{"embeddable":true,"href":"http:\/\/www.editiondaslabor.de\/blog\/wp-json\/"}],"wp:attachment":[{"href":"http:\/\/www.editiondaslabor.de\/blog\/wp-json\/wp\/v2\/media?parent=53552"}],"wp:term":[{"taxonomy":"category","embeddable":true,"href":"http:\/\/www.editiondaslabor.de\/blog\/wp-json\/wp\/v2\/categories?post=53552"},{"taxonomy":"post_tag","embeddable":true,"href":"http:\/\/www.editiondaslabor.de\/blog\/wp-json\/wp\/v2\/tags?post=53552"}],"curies":[{"name":"wp","href":"https:\/\/api.w.org\/{rel}","templated":true}]}}