{"id":53245,"date":"1995-07-27T00:01:13","date_gmt":"1995-07-26T22:01:13","guid":{"rendered":"http:\/\/www.editiondaslabor.de\/blog\/?p=53245"},"modified":"2022-03-13T05:44:16","modified_gmt":"2022-03-13T04:44:16","slug":"fluegelfrei","status":"publish","type":"post","link":"http:\/\/www.editiondaslabor.de\/blog\/1995\/07\/27\/fluegelfrei\/","title":{"rendered":"Fl\u00fcgelfrei"},"content":{"rendered":"<p>&nbsp;<\/p>\n<p>Hey Villon!, k\u00f6nnte ich ihn wie einen Kumpel rufen und fragen, ob wir,<\/p>\n<p>Schulter an Schulter, nicht mal ein Glas \u00fcber den Durst trinken.<\/p>\n<p>&nbsp;<\/p>\n<p>Und ob! Ich war schon vorher verloren, wackelte wie ein frisch geborenes Buckelrind &#8230;<\/p>\n<p>W\u00e4re ich so m\u00e4chtig wie der Drache im M\u00e4rchen gewesen, h\u00e4tte ich alle Sterne als<\/p>\n<p>Geisel genommen, so b\u00f6se war ich auf die Welt!<\/p>\n<p>&nbsp;<\/p>\n<p>Selbst die Balladen, die ich dazu schrieb, halfen nicht weiter. Falsche W\u00f6rter<\/p>\n<p>und Namen waren nun Vogelscheuchen im Feld oder auf Zaunspitzen gespie\u00dft .<\/p>\n<p>&nbsp;<\/p>\n<p>Aber alles verging, wer jetzt schreibt, ist von Kopf bis Fu\u00df vernarbt und verdreht,<\/p>\n<p>nur will ich diesmal fl\u00fcgelfrei sein, Vagabundin wie er, der Dichter Fran\u00e7ois.<\/p>\n<p>Doch mich nicht an den Gittern festhalten oder am Galgen baumeln mit seiner Zunft,<\/p>\n<p>&nbsp;<\/p>\n<p>will mittrinken und von \u00fcberall spr\u00fchende Funken mitklauen, um daraus mein eigenes Licht \u00fcber den Heimweg zu streuen, und die aufgeblasenen Wahn- und L\u00fcgenballons<\/p>\n<p>mit einem einzigen Messerstich zu durchl\u00f6chern.<\/p>\n<p>&nbsp;<\/p>\n<p>Und ihm am Ende verraten, wo der Schnee der vergangenen Jahre hinging<\/p>\n<p>&nbsp;<\/p>\n<p>&nbsp;<\/p>\n<p>&nbsp;<\/p>\n<p style=\"text-align: center;\">***<\/p>\n<p style=\"text-align: justify;\"><img loading=\"lazy\" decoding=\"async\" class=\"alignleft size-full wp-image-99651\" src=\"http:\/\/www.editiondaslabor.de\/blog\/wp-content\/uploads\/2025\/06\/Francisca-Ricinski-e1645559681429.jpg\" alt=\"\" width=\"300\" height=\"200\" \/>Bei Francisca Ricinski sind die Grenzen zwischen Poesie und Prosa flie\u00dfend. Ihre <em>po<span lang=\"fr-Latn\">\u00e8mes en prose<\/span><\/em> weisen Merkmale eines Gedichts wie starke Verdichtung und Rhythmisierung der Sprache sowie lyrische Subjektivit\u00e4t auf, eine Selbstanleitung zur Introspektion. Diese Texte \u00fcber <em>Wurzellosigkeit<\/em> sind eine Melange aus Erinnerung, Beschreibung und poetologischer Reflexion, in der sich das eine vom anderen nicht trennen l\u00e4\u00dft. Mit stilistischem Gesp\u00fcr mischt sie Genres, gleitet vom Heute ins Gestern und wieder zur\u00fcck, es sind gleichsam <em>Radierspuren<\/em>, die das Vergessen freilegen.<\/p>\n<p style=\"text-align: justify;\"><strong>Weiterf\u00fchrend\u00a0<\/strong><strong>\u2192\u00a0<\/strong><\/p>\n<p style=\"text-align: justify;\">Wir verleihen Francisca Ricinski in 2016 den KUNO-Prosa-Preis. Lesen Sie <a href=\"http:\/\/www.editiondaslabor.de\/blog\/?p=32148\">hier<\/a> die Begr\u00fcndung.<\/p>\n","protected":false},"excerpt":{"rendered":"<p>&nbsp; Hey Villon!, k\u00f6nnte ich ihn wie einen Kumpel rufen und fragen, ob wir, Schulter an Schulter, nicht mal ein Glas \u00fcber den Durst trinken. &nbsp; Und ob! Ich war schon vorher verloren, wackelte wie ein frisch geborenes Buckelrind &#8230;&hellip;<\/p>\n<p class=\"more-link-p\"><a class=\"more-link\" href=\"http:\/\/www.editiondaslabor.de\/blog\/1995\/07\/27\/fluegelfrei\/\">Read more &rarr;<\/a><\/p>\n","protected":false},"author":34,"featured_media":99651,"comment_status":"closed","ping_status":"closed","sticky":false,"template":"","format":"standard","meta":{"footnotes":""},"categories":[1],"tags":[93],"class_list":["post-53245","post","type-post","status-publish","format-standard","has-post-thumbnail","hentry","category-literatur","tag-francisca-ricinski"],"_links":{"self":[{"href":"http:\/\/www.editiondaslabor.de\/blog\/wp-json\/wp\/v2\/posts\/53245","targetHints":{"allow":["GET"]}}],"collection":[{"href":"http:\/\/www.editiondaslabor.de\/blog\/wp-json\/wp\/v2\/posts"}],"about":[{"href":"http:\/\/www.editiondaslabor.de\/blog\/wp-json\/wp\/v2\/types\/post"}],"author":[{"embeddable":true,"href":"http:\/\/www.editiondaslabor.de\/blog\/wp-json\/wp\/v2\/users\/34"}],"replies":[{"embeddable":true,"href":"http:\/\/www.editiondaslabor.de\/blog\/wp-json\/wp\/v2\/comments?post=53245"}],"version-history":[{"count":3,"href":"http:\/\/www.editiondaslabor.de\/blog\/wp-json\/wp\/v2\/posts\/53245\/revisions"}],"predecessor-version":[{"id":102210,"href":"http:\/\/www.editiondaslabor.de\/blog\/wp-json\/wp\/v2\/posts\/53245\/revisions\/102210"}],"wp:featuredmedia":[{"embeddable":true,"href":"http:\/\/www.editiondaslabor.de\/blog\/wp-json\/wp\/v2\/media\/99651"}],"wp:attachment":[{"href":"http:\/\/www.editiondaslabor.de\/blog\/wp-json\/wp\/v2\/media?parent=53245"}],"wp:term":[{"taxonomy":"category","embeddable":true,"href":"http:\/\/www.editiondaslabor.de\/blog\/wp-json\/wp\/v2\/categories?post=53245"},{"taxonomy":"post_tag","embeddable":true,"href":"http:\/\/www.editiondaslabor.de\/blog\/wp-json\/wp\/v2\/tags?post=53245"}],"curies":[{"name":"wp","href":"https:\/\/api.w.org\/{rel}","templated":true}]}}