{"id":52548,"date":"2018-09-29T00:01:33","date_gmt":"2018-09-28T22:01:33","guid":{"rendered":"http:\/\/www.editiondaslabor.de\/blog\/?p=52548"},"modified":"2021-10-04T19:52:38","modified_gmt":"2021-10-04T17:52:38","slug":"seelenvoegel","status":"publish","type":"post","link":"http:\/\/www.editiondaslabor.de\/blog\/2018\/09\/29\/seelenvoegel\/","title":{"rendered":"seelenv\u00f6gel"},"content":{"rendered":"<p>&nbsp;<\/p>\n<p style=\"text-align: center;\">singen vogelfrauen lockend reden sie tr\u00fcgerisch<\/p>\n<p style=\"text-align: center;\">mit sanfter stimme wird ihr gesang nicht \u00fcbert\u00f6nt<\/p>\n<p style=\"text-align: center;\">versprechen sie die seligkeit des todes spielen sie fl\u00f6te<\/p>\n<p style=\"text-align: center;\">wachsen ihnen h\u00e4nde aus den fl\u00fcgeln tragen sie menschen<\/p>\n<p style=\"text-align: center;\">\u00a0in den krallen saugen sie blut liegen wei\u00dfe knochen<\/p>\n<p style=\"text-align: center;\">\u00a0auf ihrer insel sitzen sie klagend \u00fcber den toten<\/p>\n<p style=\"text-align: center;\">\u00a0schlagen sie sich gegen die brust zerraufen die haare<\/p>\n<p style=\"text-align: center;\">\u00a0und zerkratzen ihre haut am ende bergen sie die seelen<\/p>\n<p style=\"text-align: center;\">\u00a0wie kinder im grab schauen sie traurig und kokett<\/p>\n<p style=\"text-align: center;\">bindet man aus ihren federn kr\u00e4nze<\/p>\n<p>&nbsp;<\/p>\n<p>&nbsp;<\/p>\n<p>&nbsp;<\/p>\n<p style=\"text-align: center;\">***<\/p>\n<p style=\"text-align: justify;\"><strong>fliegende wesen<\/strong>, Gedichte von Holger Benkel,\u00a0 erschienen in der Weberknecht-Edition, Magdeburg, 2018<\/p>\n<p class=\"hide-if-no-js\" style=\"text-align: justify;\"><a id=\"set-post-thumbnail\" class=\"thickbox\" href=\"http:\/\/www.editiondaslabor.de\/blog\/wp-admin\/media-upload.php?post_id=49394&amp;type=image&amp;TB_iframe=1\" aria-describedby=\"set-post-thumbnail-desc\"><img loading=\"lazy\" decoding=\"async\" class=\"attachment-266x266 size-266x266 alignleft\" src=\"http:\/\/www.editiondaslabor.de\/blog\/wp-content\/uploads\/2018\/05\/Cover_fliegende_wesen.jpg\" sizes=\"auto, (max-width: 206px) 100vw, 206px\" srcset=\"http:\/\/www.editiondaslabor.de\/blog\/wp-content\/uploads\/2018\/05\/Cover_fliegende_wesen.jpg 447w, http:\/\/www.editiondaslabor.de\/blog\/wp-content\/uploads\/2018\/05\/Cover_fliegende_wesen-232x300.jpg 232w\" alt=\"\" width=\"206\" height=\"266\" \/><\/a><b>Weiterf\u00fchrend <\/b><b>\u2192<\/b> Holger Benkel faszinieren manche Tiernamen und auffallende \u00c4hnlichkeiten mit mythischen Gestalten, stellt Ulrich Bergmann in einer <a href=\"http:\/\/www.editiondaslabor.de\/blog\/2018\/12\/25\/literarisches-traume\/\">kollegialen W\u00fcrdigung<\/a> fest.<\/p>\n<p style=\"text-align: justify;\"><strong>kindheit und kadaver<\/strong>, Gedichte von Holger Benkel, mit Radierungen von Jens Eigner. Verlag Blaue \u00c4pfel, Magdeburg 1995. Eine Rezension des ersten Gedichtbandes von Holger Benkel finden Sie<a href=\"http:\/\/www.editiondaslabor.de\/blog\/?p=6898\"> hier<\/a>.<\/p>\n<p style=\"text-align: justify;\"><strong>mei\u00dfelbrut<\/strong>,\u00a0Gedichte von Holger Benkel, mit siebzehn Holzschnitten von Sabine Kunz und einem Nachwort von Volker Drube, Dr. Ziethen Verlag, Oschersleben 2009. Eine Rezension finden Sie <a href=\"http:\/\/www.editiondaslabor.de\/blog\/?p=12769\">hier<\/a>.<\/p>\n<p style=\"text-align: justify;\"><strong>Gedanken, die um Ecken biegen<\/strong>, Aphorismen von Holger Benkel, <a href=\"http:\/\/www.editiondaslabor.de\/\">Edition Das Labor<\/a>, M\u00fclheim 2013<\/p>\n<p style=\"text-align: justify;\"><b>Essays<\/b> von Holger Benkel, Edition Das Labor 2014 \u2013 Einen Hinweis auf die in der Edition Das Labor erschienen Rezensionsessays finden Sie <a href=\"http:\/\/www.editiondaslabor.de\/blog\/?p=21478\">hier<\/a>. Auf KUNO lesen Sie u.a. Rezensionsessays von Holger Benkel \u00fcber die <a href=\"http:\/\/www.editiondaslabor.de\/blog\/?p=11282\">Br\u00fcder Grimm<\/a>, <a href=\"http:\/\/www.editiondaslabor.de\/blog\/?p=6837\">Ulrich Bergmann<\/a>, <a href=\"http:\/\/www.editiondaslabor.de\/blog\/?p=11284\">A.J. Weigoni<\/a>, zur Lyrik von <a href=\"http:\/\/www.editiondaslabor.de\/blog\/2019\/04\/18\/heiterer-sarkasmus\/\">HEL<\/a> = Herbert Laschet Toussaint, <a href=\"http:\/\/www.editiondaslabor.de\/blog\/2018\/09\/08\/sinnlich-fassbare-kunst\/\">Haimo Hieronymus<\/a>, <a href=\"http:\/\/www.editiondaslabor.de\/blog\/?p=11279\">Uwe Albert<\/a>, <a href=\"http:\/\/www.editiondaslabor.de\/blog\/?p=15175\">Andr\u00e9 Schinkel<\/a>, <a href=\"http:\/\/www.editiondaslabor.de\/blog\/2017\/11\/12\/mit-deutschen-untertiteln\/\">Ralph Pordzik<\/a>,\u00a0<a href=\"http:\/\/www.editiondaslabor.de\/blog\/2018\/12\/20\/wohnraeume-der-poesie\/\">Friederike Mayr\u00f6cker<\/a>, <a href=\"http:\/\/www.editiondaslabor.de\/blog\/2017\/03\/19\/welten-gegenwelten\/\">Werner Weimar-Mazur<\/a>, <a href=\"http:\/\/www.editiondaslabor.de\/blog\/2017\/02\/09\/ein-behutsamer-charakter\/\">Holger Uske<\/a>, <a href=\"http:\/\/www.editiondaslabor.de\/blog\/2014\/11\/06\/kritischer-optimismus\/\">Joachim Paul<\/a>, <a href=\"http:\/\/www.editiondaslabor.de\/blog\/2019\/06\/26\/wohnraeume-der-poesie-2\/\">Peter Engstler<\/a>, <a href=\"http:\/\/www.editiondaslabor.de\/blog\/2011\/10\/27\/kranich-2\/\">J\u00fcrgen Diehl<\/a>, <a href=\"http:\/\/www.editiondaslabor.de\/blog\/?p=15177\">Birgitt Lieberwirth<\/a>, <a href=\"http:\/\/www.editiondaslabor.de\/blog\/2019\/08\/17\/der-grill-auf-der-hauswiese-der-welt\/\">Linda Vilhj\u00e1lmsd\u00f3ttir<\/a>, <a href=\"http:\/\/www.editiondaslabor.de\/blog\/?p=15179\">Sabine Kunz<\/a> und <a href=\"http:\/\/www.editiondaslabor.de\/blog\/?p=55005\">Joanna Lisiak<\/a>.<\/p>\n<p style=\"text-align: justify;\"><b>Seelenland<\/b>, Gedichte von Holger Benkel, Edition Das Labor 2015<\/p>\n<p style=\"text-align: justify;\">Holger Benkel beweist als Lyriker in seinem Band <a href=\"http:\/\/www.editiondaslabor.de\/blog\/?p=29369\" target=\"_blank\" rel=\"noopener noreferrer\"><em>Seelenland<\/em><\/a> ein Gesp\u00fcr f\u00fcr das Unvertraute im Vertrauten, das Unheimliche des Allt\u00e4glichen, das Scheinhafte des Realen. Sein Beharren auf der ehemals kultischen oder liturgische Funktion der Poesie ist wohltuend.<\/p>\n<p style=\"text-align: justify;\"><b>\u2192<\/b><\/p>\n<p style=\"text-align: justify;\">In einem <a href=\"http:\/\/www.editiondaslabor.de\/blog\/?p=29373\">Kollegengespr\u00e4ch<\/a> ergr\u00fcndeln Holger Benkel und A.J. Weigoni das Wesen der Poesie &#8211; und ihr allm\u00e4hliches Verschwinden. Das erste Kollegengespr\u00e4ch zwischen Holger Benkel und Weigoni finden Sie <a href=\"http:\/\/www.editiondaslabor.de\/blog\/1995\/11\/09\/eine-sprache-finden-ein-deutschdeutscher-dialog\/\">hier<\/a>.<\/p>\n","protected":false},"excerpt":{"rendered":"<p>&nbsp; singen vogelfrauen lockend reden sie tr\u00fcgerisch mit sanfter stimme wird ihr gesang nicht \u00fcbert\u00f6nt versprechen sie die seligkeit des todes spielen sie fl\u00f6te wachsen ihnen h\u00e4nde aus den fl\u00fcgeln tragen sie menschen \u00a0in den krallen saugen sie blut liegen&hellip;<\/p>\n<p class=\"more-link-p\"><a class=\"more-link\" href=\"http:\/\/www.editiondaslabor.de\/blog\/2018\/09\/29\/seelenvoegel\/\">Read more &rarr;<\/a><\/p>\n","protected":false},"author":36,"featured_media":49976,"comment_status":"closed","ping_status":"closed","sticky":false,"template":"","format":"standard","meta":{"footnotes":""},"categories":[1],"tags":[94],"class_list":["post-52548","post","type-post","status-publish","format-standard","has-post-thumbnail","hentry","category-literatur","tag-holger-benkel"],"_links":{"self":[{"href":"http:\/\/www.editiondaslabor.de\/blog\/wp-json\/wp\/v2\/posts\/52548","targetHints":{"allow":["GET"]}}],"collection":[{"href":"http:\/\/www.editiondaslabor.de\/blog\/wp-json\/wp\/v2\/posts"}],"about":[{"href":"http:\/\/www.editiondaslabor.de\/blog\/wp-json\/wp\/v2\/types\/post"}],"author":[{"embeddable":true,"href":"http:\/\/www.editiondaslabor.de\/blog\/wp-json\/wp\/v2\/users\/36"}],"replies":[{"embeddable":true,"href":"http:\/\/www.editiondaslabor.de\/blog\/wp-json\/wp\/v2\/comments?post=52548"}],"version-history":[{"count":0,"href":"http:\/\/www.editiondaslabor.de\/blog\/wp-json\/wp\/v2\/posts\/52548\/revisions"}],"wp:featuredmedia":[{"embeddable":true,"href":"http:\/\/www.editiondaslabor.de\/blog\/wp-json\/"}],"wp:attachment":[{"href":"http:\/\/www.editiondaslabor.de\/blog\/wp-json\/wp\/v2\/media?parent=52548"}],"wp:term":[{"taxonomy":"category","embeddable":true,"href":"http:\/\/www.editiondaslabor.de\/blog\/wp-json\/wp\/v2\/categories?post=52548"},{"taxonomy":"post_tag","embeddable":true,"href":"http:\/\/www.editiondaslabor.de\/blog\/wp-json\/wp\/v2\/tags?post=52548"}],"curies":[{"name":"wp","href":"https:\/\/api.w.org\/{rel}","templated":true}]}}