{"id":52527,"date":"2010-06-17T00:01:06","date_gmt":"2010-06-16T22:01:06","guid":{"rendered":"http:\/\/www.editiondaslabor.de\/blog\/?p=52527"},"modified":"2021-10-25T11:11:35","modified_gmt":"2021-10-25T09:11:35","slug":"verfaenglich-im-zimmer-mit-moebeln","status":"publish","type":"post","link":"http:\/\/www.editiondaslabor.de\/blog\/2010\/06\/17\/verfaenglich-im-zimmer-mit-moebeln\/","title":{"rendered":"Verf\u00e4nglich im Zimmer mit M\u00f6beln"},"content":{"rendered":"<div class=\"page\" title=\"Page 200\">\n<div class=\"layoutArea\">\n<div class=\"column\">\n<p>&nbsp;<\/p>\n<p style=\"text-align: justify;\">Im m\u00f6blierten Zimmer mit M\u00f6beln Geschirr und Flanellw\u00e4sche bergend, sich pudern den Teint und die Nase, sonach heikel mustern das verf\u00e4ngliche Bild und zaudern und hadern damit.<\/p>\n<p style=\"text-align: justify;\">\n<\/div>\n<\/div>\n<\/div>\n<div class=\"layoutArea\" style=\"text-align: justify;\">\n<p>&nbsp;<\/p>\n<\/div>\n<div class=\"layoutArea\">\n<p style=\"text-align: center;\">***<\/p>\n<p style=\"text-align: justify;\">Ein Ausblick auf: <strong>Blempek ist ein Trick, der sich bew\u00e4hrt<\/strong>, von Joanna Lisiak<\/p>\n<div style=\"width: 197px\" class=\"wp-caption alignleft\"><a id=\"set-post-thumbnail\" class=\"thickbox\" href=\"http:\/\/www.editiondaslabor.de\/blog\/wp-admin\/media-upload.php?post_id=52054&amp;type=image&amp;TB_iframe=1\" aria-describedby=\"set-post-thumbnail-desc\"><img loading=\"lazy\" decoding=\"async\" class=\"attachment-266x266\" src=\"http:\/\/www.editiondaslabor.de\/blog\/wp-content\/uploads\/2018\/10\/Blempek_ist_ein_Trick_der_sich_bewa\u0308hrt.jpg\" sizes=\"auto, (max-width: 187px) 100vw, 187px\" srcset=\"http:\/\/www.editiondaslabor.de\/blog\/wp-content\/uploads\/2018\/10\/Blempek_ist_ein_Trick_der_sich_bewa\u0308hrt.jpg 352w, http:\/\/www.editiondaslabor.de\/blog\/wp-content\/uploads\/2018\/10\/Blempek_ist_ein_Trick_der_sich_bewa\u0308hrt-211x300.jpg 211w\" alt=\"\" width=\"187\" height=\"266\" \/><\/a><p class=\"wp-caption-text\">Umschlag: \u00abMagma\u00bb, 2013, von Mariola Lisiak<\/p><\/div>\n<p style=\"text-align: justify;\"><strong>Weiterf\u00fchrend \u2192<\/strong><\/p>\n<p style=\"text-align: justify;\">Holger Benkel denkt in einem Rezensionsessay anhand des Blempek \u00fcber <a href=\"http:\/\/www.editiondaslabor.de\/blog\/2020\/10\/26\/kleine-dinge-mit-seelen-oder-im-originellen-wohnt-auch-sonderbares\/\">kleine dinge mit seelen<\/a> nach. Lesen Sie auch das <a href=\"http:\/\/www.editiondaslabor.de\/blog\/?p=31414\">Portr\u00e4t<\/a> der Autorin und das <a href=\"http:\/\/www.editiondaslabor.de\/blog\/?p=30534\">Kollegengespr\u00e4ch<\/a> zwischen Sebastian Schmidt und Joanna Lisiak. Holger Benkel denkt in einem weiteren Rezensionsessay \u00fcber den <a href=\"http:\/\/www.editiondaslabor.de\/blog\/2019\/04\/30\/vom-sinn-der-wendungen\/\">sinn der wendungen<\/a> nach. KUNO verleiht der Autorin f\u00fcr das Projekt <em>Gedankenstriche<\/em> den Twitteraturpreis 2016. \u00dcber die Literaturgattung <em>Twitteratur<\/em> finden Sie <a href=\"http:\/\/www.editiondaslabor.de\/blog\/?p=22423\">hier<\/a> einen Essay.<\/p>\n<\/div>\n","protected":false},"excerpt":{"rendered":"<p>&nbsp; Im m\u00f6blierten Zimmer mit M\u00f6beln Geschirr und Flanellw\u00e4sche bergend, sich pudern den Teint und die Nase, sonach heikel mustern das verf\u00e4ngliche Bild und zaudern und hadern damit. &nbsp; *** Ein Ausblick auf: Blempek ist ein Trick, der sich bew\u00e4hrt,&hellip;<\/p>\n<p class=\"more-link-p\"><a class=\"more-link\" href=\"http:\/\/www.editiondaslabor.de\/blog\/2010\/06\/17\/verfaenglich-im-zimmer-mit-moebeln\/\">Read more &rarr;<\/a><\/p>\n","protected":false},"author":149,"featured_media":52057,"comment_status":"closed","ping_status":"closed","sticky":false,"template":"","format":"standard","meta":{"footnotes":""},"categories":[1],"tags":[1803],"class_list":["post-52527","post","type-post","status-publish","format-standard","has-post-thumbnail","hentry","category-literatur","tag-joanna-lisiak"],"_links":{"self":[{"href":"http:\/\/www.editiondaslabor.de\/blog\/wp-json\/wp\/v2\/posts\/52527","targetHints":{"allow":["GET"]}}],"collection":[{"href":"http:\/\/www.editiondaslabor.de\/blog\/wp-json\/wp\/v2\/posts"}],"about":[{"href":"http:\/\/www.editiondaslabor.de\/blog\/wp-json\/wp\/v2\/types\/post"}],"author":[{"embeddable":true,"href":"http:\/\/www.editiondaslabor.de\/blog\/wp-json\/wp\/v2\/users\/149"}],"replies":[{"embeddable":true,"href":"http:\/\/www.editiondaslabor.de\/blog\/wp-json\/wp\/v2\/comments?post=52527"}],"version-history":[{"count":0,"href":"http:\/\/www.editiondaslabor.de\/blog\/wp-json\/wp\/v2\/posts\/52527\/revisions"}],"wp:featuredmedia":[{"embeddable":true,"href":"http:\/\/www.editiondaslabor.de\/blog\/wp-json\/"}],"wp:attachment":[{"href":"http:\/\/www.editiondaslabor.de\/blog\/wp-json\/wp\/v2\/media?parent=52527"}],"wp:term":[{"taxonomy":"category","embeddable":true,"href":"http:\/\/www.editiondaslabor.de\/blog\/wp-json\/wp\/v2\/categories?post=52527"},{"taxonomy":"post_tag","embeddable":true,"href":"http:\/\/www.editiondaslabor.de\/blog\/wp-json\/wp\/v2\/tags?post=52527"}],"curies":[{"name":"wp","href":"https:\/\/api.w.org\/{rel}","templated":true}]}}