{"id":52357,"date":"2008-09-29T00:01:19","date_gmt":"2008-09-28T22:01:19","guid":{"rendered":"http:\/\/www.editiondaslabor.de\/blog\/?p=52357"},"modified":"2021-11-28T07:35:54","modified_gmt":"2021-11-28T06:35:54","slug":"tuerpel","status":"publish","type":"post","link":"http:\/\/www.editiondaslabor.de\/blog\/2008\/09\/29\/tuerpel\/","title":{"rendered":"T\u00fcrpel"},"content":{"rendered":"<div class=\"page\" title=\"Page 72\">\r\n<div class=\"layoutArea\">\r\n<div class=\"column\">\r\n\r\n&nbsp;\r\n<p style=\"text-align: justify;\">Wenn jemand g\u00e4hnt, g\u00e4hnt auch T\u00fcrpel. Das mag auf den ersten Blick verwundern oder nicht verwundern, denn der eine oder andere hat von diesem Ph\u00e4nomen schon geh\u00f6rt. Tatsache ist jedoch, dass T\u00fcrpel eindrucksvoll synchronisierend g\u00e4hnt, n\u00e4mlich noch w\u00e4hrend der andere g\u00e4hnaktiv ist. Somit g\u00e4hnt T\u00fcrpel nicht wie die meisten von uns nachdem einer vor ihm geg\u00e4hnt hat, sondern just zur selben Zeit. T\u00fcrpel beginnt und beendet sein G\u00e4hnen auf die Sekunde genau wie das g\u00e4hnende Gegen\u00fcber. Dabei ist nicht erheblich, ob er das g\u00e4hnende Subjekt kennt oder nicht. Wer das nicht f\u00fcr eine besondere Gabe h\u00e4lt, der soll es T\u00fcrpel erstmal nachmachen.<\/p>\r\n&nbsp;\r\n\r\n<\/div>\r\n&nbsp;\r\n\r\n&nbsp;\r\n<p class=\"has-text-align-center\"><\/p>\r\nEine Vorschau auf:<strong> Gedankenstriche<\/strong> von Joanna Lisiak\r\n\r\n<!-- \/wp:post-content --><!-- wp:image {\"align\":\"left\",\"width\":249,\"height\":250,\"className\":\"thickbox\"} -->\r\n<div class=\"wp-block-image thickbox\">\r\n<figure class=\"alignleft is-resized\"><a class=\"thickbox\" href=\"http:\/\/www.editiondaslabor.de\/blog\/wp-admin\/media-upload.php?post_id=51060&amp;type=image&amp;TB_iframe=1\"><img loading=\"lazy\" decoding=\"async\" src=\"http:\/\/www.editiondaslabor.de\/blog\/wp-content\/uploads\/2018\/06\/Gedankenstriche.jpg\" alt=\"\" width=\"249\" height=\"250\" \/><\/a><\/figure>\r\n<\/div>\r\n<!-- \/wp:image --><!-- wp:paragraph -->\r\n<p style=\"text-align: justify;\"><strong>W<\/strong><strong>eiterf\u00fchrend \u2192<\/strong><\/p>\r\n<p style=\"text-align: justify;\"><!-- \/wp:paragraph --><!-- wp:paragraph --><\/p>\r\n<p style=\"text-align: justify;\">&#8222;Gedankenstriche ist eine mischung aus tagebuch, selbstreflexionen, werkstattbuch und alltagsbeobachtungen&#8220;, <a href=\"http:\/\/www.editiondaslabor.de\/blog\/2020\/01\/07\/aus-der-werkstatt-eines-kreativen-denkens\/\">schreibt<\/a> Holger Benkel in einem Rezensionsessay. Lesen Sie auch das <a href=\"http:\/\/www.editiondaslabor.de\/blog\/?p=31414\">Portr\u00e4t<\/a> der Autorin und das <a href=\"http:\/\/www.editiondaslabor.de\/blog\/?p=30534\">Kollegengespr\u00e4ch<\/a> zwischen Sebastian Schmidt und Joanna Lisiak. Der &#8222;sinn der wendungen&#8220; regte Holger Benkel zu einem <a href=\"http:\/\/www.editiondaslabor.de\/blog\/?p=55005\">Rezensionsessay<\/a> an. KUNO verleiht der Autorin f\u00fcr das Projekt <em>Gedankenstriche<\/em> den Twitteraturpreis 2016. \u00dcber die Literaturgattung <em>Twitteratur<\/em> finden Sie <a href=\"http:\/\/www.editiondaslabor.de\/blog\/?p=22423\">hier<\/a> einen Essay.<\/p>\r\n\r\n<\/div>\r\n<\/div>","protected":false},"excerpt":{"rendered":"<p>&nbsp; Wenn jemand g\u00e4hnt, g\u00e4hnt auch T\u00fcrpel. Das mag auf den ersten Blick verwundern oder nicht verwundern, denn der eine oder andere hat von diesem Ph\u00e4nomen schon geh\u00f6rt. Tatsache ist jedoch, dass T\u00fcrpel eindrucksvoll synchronisierend g\u00e4hnt, n\u00e4mlich noch w\u00e4hrend der&hellip;<\/p>\n<p class=\"more-link-p\"><a class=\"more-link\" href=\"http:\/\/www.editiondaslabor.de\/blog\/2008\/09\/29\/tuerpel\/\">Read more &rarr;<\/a><\/p>\n","protected":false},"author":149,"featured_media":51061,"comment_status":"closed","ping_status":"closed","sticky":false,"template":"","format":"standard","meta":{"footnotes":""},"categories":[1],"tags":[1803],"class_list":["post-52357","post","type-post","status-publish","format-standard","has-post-thumbnail","hentry","category-literatur","tag-joanna-lisiak"],"_links":{"self":[{"href":"http:\/\/www.editiondaslabor.de\/blog\/wp-json\/wp\/v2\/posts\/52357","targetHints":{"allow":["GET"]}}],"collection":[{"href":"http:\/\/www.editiondaslabor.de\/blog\/wp-json\/wp\/v2\/posts"}],"about":[{"href":"http:\/\/www.editiondaslabor.de\/blog\/wp-json\/wp\/v2\/types\/post"}],"author":[{"embeddable":true,"href":"http:\/\/www.editiondaslabor.de\/blog\/wp-json\/wp\/v2\/users\/149"}],"replies":[{"embeddable":true,"href":"http:\/\/www.editiondaslabor.de\/blog\/wp-json\/wp\/v2\/comments?post=52357"}],"version-history":[{"count":0,"href":"http:\/\/www.editiondaslabor.de\/blog\/wp-json\/wp\/v2\/posts\/52357\/revisions"}],"wp:featuredmedia":[{"embeddable":true,"href":"http:\/\/www.editiondaslabor.de\/blog\/wp-json\/"}],"wp:attachment":[{"href":"http:\/\/www.editiondaslabor.de\/blog\/wp-json\/wp\/v2\/media?parent=52357"}],"wp:term":[{"taxonomy":"category","embeddable":true,"href":"http:\/\/www.editiondaslabor.de\/blog\/wp-json\/wp\/v2\/categories?post=52357"},{"taxonomy":"post_tag","embeddable":true,"href":"http:\/\/www.editiondaslabor.de\/blog\/wp-json\/wp\/v2\/tags?post=52357"}],"curies":[{"name":"wp","href":"https:\/\/api.w.org\/{rel}","templated":true}]}}