{"id":5165,"date":"2012-06-02T00:01:55","date_gmt":"2012-06-01T22:01:55","guid":{"rendered":"http:\/\/www.editiondaslabor.de\/blog\/?p=5165"},"modified":"2021-06-12T09:55:07","modified_gmt":"2021-06-12T07:55:07","slug":"5165","status":"publish","type":"post","link":"http:\/\/www.editiondaslabor.de\/blog\/2012\/06\/02\/5165\/","title":{"rendered":"Meine erste Schallplatte \u00b7 Eine Reise ins Gl\u00fcck von den Lilians"},"content":{"rendered":"<p>&nbsp;<\/p>\n<p style=\"text-align: justify;\">Den Anfang suchen. Wo hat die den Anfang? Ich fasse mit den Spitzen meiner Mittelfinger links und rechts die Scheibe an. Schwarzes Vinyl. Heikles Material. Nur am Au\u00dfenrand nehmen und innen keine Tapper machen, hat Vati gesagt. Ich wiederhole seinen Tonfall.<\/p>\n<p style=\"text-align: justify;\"><a href=\"http:\/\/www.editiondaslabor.de\/blog\/wp-content\/uploads\/2012\/06\/612px-Polydor_H_50181B_Heimweh_Freddy1.jpg\"><img loading=\"lazy\" decoding=\"async\" class=\"size-thumbnail wp-image-5171 alignright\" title=\"612px-Polydor_H_50181B_Heimweh_Freddy\" src=\"http:\/\/www.editiondaslabor.de\/blog\/wp-content\/uploads\/2012\/06\/612px-Polydor_H_50181B_Heimweh_Freddy1-150x150.jpg\" alt=\"\" width=\"150\" height=\"150\" \/><\/a>Die Vorf\u00fchrung der richtigen Handhabung der Schallplatte. Ja, es war eine Vorf\u00fchrung. Die vielen Unterschiede mussten erst theoretisch beackert werden, ehe ich das praktische Feld betreten, also in die N\u00e4he seiner Sch\u00e4tze gehen durfte. Da gab es die Langspielplatten in etlichen unterschiedlich farbigen selbstgezimmerten Regalen, die ein wenig eigenwillig neben den Vollholzm\u00f6beln aus der Jahrhundertwende ihren Platz beanspruchten und die sogenannten Singles, die kleinen, wie ich sie damals nannte. Die waren in praktischen Plastikmappen eingeordnet, manche noch mit buntbedruckten Papierh\u00fcllen, manche ohne. Es gab die Scheiben mit kleinem Mittelloch und solche mit atypischem Loch, die einen bestimmten Kreuzeinsatz brauchten ehe sie auf dem Plattenspieler aufgelegt werden konnten.<\/p>\n<p style=\"text-align: justify;\">Auf Augenh\u00f6he schwenke ich den\u00a0 schwarzen Tontr\u00e4ger. Das Wort lasse ich mir auf der Zunge zergehen. Ich halte ihn dennoch fest. Das Licht vom Fenster l\u00e4uft in den Rillen. Gleichzeitig. Das macht das Aufsp\u00fcren des Ausgangspunktes nicht leichter. Wenn etwas ein Ende hat, muss es auch einen Anfang haben.<\/p>\n<p style=\"text-align: justify;\">Umkehrs\u00e4tze aus der Kinderlogik. Als Jugendliche bel\u00e4chelte ich mich daf\u00fcr. Bis ich das Unterrichtsfach Philosophie belegte, in der das Umdrehen von Behauptungen der Wahrheitssuche dienlich gewesen ist. Doch welche wirklichkeitsfernen Inhalte wurden da untersucht!<\/p>\n<p style=\"text-align: justify;\">Eigentlich m\u00fcsste es auch mit Wasser m\u00f6glich sein. Ein Tropfen, nur ein klitzekleiner. Er k\u00f6nnte seinen Weg f\u00fcr mein Auge auf der Abtastlinie der Nadel finden. So wie die Kugel auf der Holzbahn.<\/p>\n<p style=\"text-align: justify;\">Die kindliche Neugier, sp\u00e4ter in etlichen Forschungsprojekten sublimiert, lie\u00df sich nach dieser \u00dcberlegung nicht lange aufhalten. Das Musikst\u00fcck konnte zwar nachher nicht mehr ohne Aufheben und erneutes Absetzen des Tonarmes zu Ende gespielt werden. Auch ein gewisses Rauschen war nicht mehr wegzubekommen. Dennoch war die heimliche Untersuchung meiner ersten Platte <span style=\"color: #000080;\"><em><a href=\"http:\/\/www.youtube.com\/watch?v=Nl1lnEq5lu4\"><span style=\"color: #000080;\">Eine Reise ins Gl\u00fcck<\/span><\/a><\/em><\/span>.<\/p>\n<p>&nbsp;<\/p>\n<p>&nbsp;<\/p>\n<div id=\"attachment_85921\" style=\"width: 230px\" class=\"wp-caption alignleft\"><a href=\"http:\/\/www.editiondaslabor.de\/blog\/wp-content\/uploads\/2012\/07\/Schellackplatte.jpeg\"><img loading=\"lazy\" decoding=\"async\" aria-describedby=\"caption-attachment-85921\" class=\"wp-image-85921 size-full\" src=\"http:\/\/www.editiondaslabor.de\/blog\/wp-content\/uploads\/2012\/07\/Schellackplatte.jpeg\" alt=\"\" width=\"220\" height=\"222\" srcset=\"http:\/\/www.editiondaslabor.de\/blog\/wp-content\/uploads\/2012\/07\/Schellackplatte.jpeg 220w, http:\/\/www.editiondaslabor.de\/blog\/wp-content\/uploads\/2012\/07\/Schellackplatte-150x150.jpeg 150w, http:\/\/www.editiondaslabor.de\/blog\/wp-content\/uploads\/2012\/07\/Schellackplatte-160x161.jpeg 160w\" sizes=\"auto, (max-width: 220px) 100vw, 220px\" \/><\/a><p id=\"caption-attachment-85921\" class=\"wp-caption-text\">Schellackplatte \u201eGrammophon\u201c, Quelle: Landesmuseum W\u00fcrttemberg.<\/p><\/div>\n<p><strong>Weiterf\u00fchrend\u00a0<\/strong><strong>\u2192\u00a0<\/strong><\/p>\n<div class=\"ecm0bbzt e5nlhep0 a8c37x1j\">\n<div class=\"kvgmc6g5 cxmmr5t8 oygrvhab hcukyx3x c1et5uql\">\n<div dir=\"auto\" style=\"text-align: justify;\">Meine erste Schallplatte: \u201eHeart of glass\u201c von Blondie, <a href=\"http:\/\/www.editiondaslabor.de\/blog\/2012\/07\/30\/6282\/\">vorgestellt<\/a> von Martina Haimerl. <span data-offset-key=\"eaie5-0-0\">Life circles at 33rpm!, <a href=\"http:\/\/www.editiondaslabor.de\/blog\/2012\/07\/16\/meine-erste-schallplatte-2\/\">postulierte<\/a> Mischa Kuball. <\/span><span data-offset-key=\"3f7gr-0-0\">Wer sich hinter &#8222;<a href=\"http:\/\/www.editiondaslabor.de\/blog\/2012\/07\/09\/meine-erste-schallplatte-oder-mister-b\/\">Mister B<\/a>&#8220; verbirgt, beschreibt Christine Kappe. Erg\u00e4nzen ein Artikel zum <a href=\"http:\/\/www.editiondaslabor.de\/blog\/1989\/05\/01\/kassettenuntergrund\/\">Kassettenuntergrund<\/a>. <\/span><span data-offset-key=\"ajv9h-0-0\">\u00bb<a href=\"http:\/\/www.editiondaslabor.de\/blog\/2012\/06\/18\/meine-erste-schallplatte-%e2%80%9edon-juan-von-dave-dee-dozy-beaky-mick-and-tich\/\">Don Juan<\/a>\u00ab von Dave Dee, Dozy, Beaky, Mick and Tich, vorgestellt von Joachim Feldmann. <\/span><a href=\"http:\/\/www.editiondaslabor.de\/blog\/2012\/06\/02\/5165\/\">Eine Reise ins Gl\u00fcck<\/a> von den Lilians, vorgestellt von <span class=\"vcard author\"><span class=\"fn\">Ju Sophie Kerschbaumer<\/span><\/span>. \u201eThis charming man\u201c von den Smiths <a href=\"http:\/\/www.editiondaslabor.de\/blog\/2012\/07\/01\/meine-erste-platte-this-charming-man-von-den-schmidts\/\">vorgestellt<\/a> von <span class=\"vcard author\"><span class=\"fn\">Haimo Hieronymus<\/span><\/span>. The Fall \u2013 Big New Prince <a href=\"http:\/\/www.editiondaslabor.de\/blog\/2014\/08\/25\/mein-klassiker-the-fall-big-new-prince\/\">vorgestellt<\/a> von <span class=\"vcard author\"><span class=\"fn\">Enno Stahl.\u00a0<\/span><\/span><a href=\"http:\/\/www.editiondaslabor.de\/blog\/2020\/04\/12\/dschaeaeaezz\/\">Dsch\u00e4\u00e4\u00e4zz<\/a>!!!, geh\u00f6rt von <span class=\"vcard author\"><span class=\"fn\">Eva Kurowski. Helge Schneider ist wahrscheinlich der bislang einzige Solo-K\u00fcnstler, der gleich mit seiner ersten Platte den Titel <a href=\"http:\/\/www.editiondaslabor.de\/blog\/1989\/04\/02\/die-singende-herrentorte\/\"><em>Seine gr\u00f6\u00dften Erfolge<\/em><\/a> gab. Begleitet wurde er bei den Aufnahmen durch Tonmeister Tom T\u00e4ger im <a href=\"http:\/\/www.editiondaslabor.de\/blog\/2012\/07\/20\/klangkloetzchen\/\">Tonstudio an der Ruhr<\/a>.<\/span><\/span> <a href=\"http:\/\/www.editiondaslabor.de\/blog\/2012\/12\/28\/meine-ersten-drei-platten\/\">Meine ersten drei Platten<\/a>, vorgestellt von\u00a0<span class=\"vcard author\"><span class=\"fn\">Marcus Baltzer. <\/span><\/span><a href=\"http:\/\/www.editiondaslabor.de\/blog\/2013\/04\/06\/meine-musik\/\">Meine Musik<\/a>, vorgestellt von <span class=\"vcard author\"><span class=\"fn\">Ulrich Bergmann. <\/span><\/span><span class=\"vcard author\"><span class=\"fn\">Mit etwas Versp\u00e4tung erschien <\/span><\/span>Pia Lunds zweites Solo-Album <em><a href=\"http:\/\/www.editiondaslabor.de\/blog\/2016\/10\/21\/ein-geschenk-von-pia-lund\/\">Gift<\/a>. <\/em><em>Smile<\/em> war f\u00fcr A.J. Weigoni ein <a href=\"http:\/\/www.editiondaslabor.de\/blog\/2012\/06\/12\/meine-erste-schallplatte\/\">Versprechen<\/a>. Eine Generation sp\u00e4ter wurde es eingel\u00f6st. Selbstverst\u00e4ndlich auf Vinyl. Und in Mono. Eine Wiederver\u00f6ffentlichung der <a href=\"http:\/\/www.editiondaslabor.de\/blog\/2008\/03\/21\/das-herz-des-motorik-beats\/\"><em>Neu!<\/em>-Studioalben<\/a> ist auf dem Label Gr\u00f6nland erschienen. in 1999 ging KUNO der Frage <a href=\"http:\/\/www.editiondaslabor.de\/blog\/1999\/01\/01\/label-oder-available\/\">Label oder available?<\/a> nach. Einen <a href=\"http:\/\/www.vordenker.de\/weigoni\/letternmusik.htm\">Remix<\/a> zu basteln ist in der Popmusik gang und gebe. Stephan Flommersfeld hat das Selbe mit der \u201cLetternmusik\u201d gemacht. &#8222;<em>Wenn es Videoclips gibt, muss auch die Literatur auf die ver\u00e4nderten <\/em><em>medialen Verh\u00e4ltnisse reagieren.&#8220;, <\/em><a href=\"http:\/\/www.editiondaslabor.de\/blog\/1991\/01\/18\/literaturclips-2\/\">postulierte<\/a> A.J. Weigoni 1991 und erfand mit Frank Michaelis das H\u00f6rbuch. Erweiternd zum Medium der <em><span lang=\"en\">Compact Disc<\/span><\/em> auch der Essay <a href=\"http:\/\/www.editiondaslabor.de\/blog\/?p=33102\">Press\/Play<\/a>.<\/div>\n<\/div>\n<\/div>\n<p>&nbsp;<\/p>\n","protected":false},"excerpt":{"rendered":"<p>&nbsp; Den Anfang suchen. Wo hat die den Anfang? Ich fasse mit den Spitzen meiner Mittelfinger links und rechts die Scheibe an. Schwarzes Vinyl. Heikles Material. Nur am Au\u00dfenrand nehmen und innen keine Tapper machen, hat Vati gesagt. Ich wiederhole&hellip;<\/p>\n<p class=\"more-link-p\"><a class=\"more-link\" href=\"http:\/\/www.editiondaslabor.de\/blog\/2012\/06\/02\/5165\/\">Read more &rarr;<\/a><\/p>\n","protected":false},"author":25,"featured_media":85921,"comment_status":"open","ping_status":"open","sticky":false,"template":"","format":"standard","meta":{"footnotes":""},"categories":[1],"tags":[469],"class_list":["post-5165","post","type-post","status-publish","format-standard","has-post-thumbnail","hentry","category-literatur","tag-ju-sophie-kerschbaumer"],"_links":{"self":[{"href":"http:\/\/www.editiondaslabor.de\/blog\/wp-json\/wp\/v2\/posts\/5165","targetHints":{"allow":["GET"]}}],"collection":[{"href":"http:\/\/www.editiondaslabor.de\/blog\/wp-json\/wp\/v2\/posts"}],"about":[{"href":"http:\/\/www.editiondaslabor.de\/blog\/wp-json\/wp\/v2\/types\/post"}],"author":[{"embeddable":true,"href":"http:\/\/www.editiondaslabor.de\/blog\/wp-json\/wp\/v2\/users\/25"}],"replies":[{"embeddable":true,"href":"http:\/\/www.editiondaslabor.de\/blog\/wp-json\/wp\/v2\/comments?post=5165"}],"version-history":[{"count":0,"href":"http:\/\/www.editiondaslabor.de\/blog\/wp-json\/wp\/v2\/posts\/5165\/revisions"}],"wp:featuredmedia":[{"embeddable":true,"href":"http:\/\/www.editiondaslabor.de\/blog\/wp-json\/"}],"wp:attachment":[{"href":"http:\/\/www.editiondaslabor.de\/blog\/wp-json\/wp\/v2\/media?parent=5165"}],"wp:term":[{"taxonomy":"category","embeddable":true,"href":"http:\/\/www.editiondaslabor.de\/blog\/wp-json\/wp\/v2\/categories?post=5165"},{"taxonomy":"post_tag","embeddable":true,"href":"http:\/\/www.editiondaslabor.de\/blog\/wp-json\/wp\/v2\/tags?post=5165"}],"curies":[{"name":"wp","href":"https:\/\/api.w.org\/{rel}","templated":true}]}}