{"id":5151,"date":"2012-06-18T00:01:30","date_gmt":"2012-06-17T22:01:30","guid":{"rendered":"http:\/\/www.editiondaslabor.de\/blog\/?p=5151"},"modified":"2021-06-12T09:54:37","modified_gmt":"2021-06-12T07:54:37","slug":"meine-erste-schallplatte-%e2%80%9edon-juan-von-dave-dee-dozy-beaky-mick-and-tich","status":"publish","type":"post","link":"http:\/\/www.editiondaslabor.de\/blog\/2012\/06\/18\/meine-erste-schallplatte-%e2%80%9edon-juan-von-dave-dee-dozy-beaky-mick-and-tich\/","title":{"rendered":"Meine erste Schallplatte: \u00bbDon Juan\u00ab von Dave Dee, Dozy, Beaky, Mick and Tich"},"content":{"rendered":"<p style=\"text-align: justify;\"><a href=\"http:\/\/www.editiondaslabor.de\/blog\/wp-content\/uploads\/2012\/06\/Don-Juan1.jpg\"><img loading=\"lazy\" decoding=\"async\" class=\"alignleft size-full wp-image-5160\" title=\"Don Juan\" src=\"http:\/\/www.editiondaslabor.de\/blog\/wp-content\/uploads\/2012\/06\/Don-Juan1.jpg\" alt=\"\" width=\"224\" height=\"225\" srcset=\"http:\/\/www.editiondaslabor.de\/blog\/wp-content\/uploads\/2012\/06\/Don-Juan1.jpg 224w, http:\/\/www.editiondaslabor.de\/blog\/wp-content\/uploads\/2012\/06\/Don-Juan1-150x150.jpg 150w\" sizes=\"auto, (max-width: 224px) 100vw, 224px\" \/><\/a>Im Jahr der Revolte wurde ich zehn Jahre alt und kam aufs Gymnasium. Meine Schallplattensammlung bestand aus einer Aufnahme des <em><a href=\"http:\/\/www.youtube.com\/watch?v=FUUzWAnP3AA\">S\u00e4ngerkriegs der Heidehasen<\/a><\/em> von James Kr\u00fcss mit dem gro\u00dfen Franz Muxeneder, der sp\u00e4ter sein Talent in einschl\u00e4gigen Filmen wie <em><a href=\"http:\/\/www.youtube.com\/watch?v=JQ-b7qpv3QQ\">Liebesgr\u00fc\u00dfe aus der Lederhose<\/a><\/em> oder <em><a href=\"http:\/\/www.video.de\/videofilm\/unterm-dirndl-wird-gejodelt-dvd-kauf\/109453\">Unterm Dirndl wird gejodelt<\/a><\/em> verschleudern sollte, in der Starrolle des Hasen Lodengr\u00fcn. Und selbst das ist geflunkert, da meine j\u00fcngeren Br\u00fcder ebenso gro\u00dfe Eigentumsrechte h\u00e4tten anmelden k\u00f6nnen.<\/p>\n<p style=\"text-align: justify;\">Damals kosteten Singles stolze 5 Mark \u2013 f\u00fcr mich mehr als ein monatliches Taschengeld. Regul\u00e4re LPs schlugen gar mit 22 Mark zu Buche. Also musste mein erster Plattenkauf noch ein wenig auf sich warten lassen. Zum Gl\u00fcck besa\u00df mein sechs Jahre \u00e4lterer Cousin ein Tonbandger\u00e4t, auf dem sich Perlen wie Manfred Manns <em><a href=\"http:\/\/www.youtube.com\/watch?v=gioeewsAjV8\">Ha ha Said the Clown<\/a><\/em>, <em><a href=\"http:\/\/www.youtube.com\/watch?v=ZLUGsn-NOis&amp;feature=related\">Fire<\/a><\/em> von Arthur Brown und auch mein absolutes Lieblingsst\u00fcck <em><a href=\"http:\/\/www.youtube.com\/watch?v=QTTx0GbF4RQ\">Lazy Sunday afternoon<\/a><\/em> von den Small Faces befanden. Am liebsten w\u00e4re ich selbst schon 16 gewesen, h\u00e4tte <a href=\"http:\/\/2.bp.blogspot.com\/_g9zsTNXZ-Zc\/Seg28iuVvNI\/AAAAAAAAAcg\/C_mYJdIUz_w\/s320\/glockenhosen_160.jpg\">Schlaghosen<\/a> getragen und mir die Haare \u00fcber die Ohren wachsen lassen. Kindsein fand ich furchtbar langweilig. In der <em><a href=\"http:\/\/www.bravo.de\/\">Bravo<\/a><\/em> (genauer gesagt in Heft 27 vom 1. Juli 1968, das ich unbedingt haben musste, weil Little Joe aus der Serie <em><a href=\"http:\/\/www.youtube.com\/watch?v=mjdRgBAY278\">Bonanza<\/a><\/em> auf dem Titelbild abgebildet war) hatte ich von <em>Liebesspielen, die erlaubt sind<\/em> gelesen. Ich verstand zwar nicht wirklich, wovon die Rede war, fand es aber ebenso spannend wie geheimnisvoll. Und verboten nat\u00fcrlich.<\/p>\n<p style=\"text-align: justify;\"><a href=\"http:\/\/www.editiondaslabor.de\/blog\/wp-content\/uploads\/2012\/06\/Hits-of-Bubblegum-Music1.jpeg\"><img loading=\"lazy\" decoding=\"async\" class=\"alignright wp-image-5161 size-full\" title=\"Hits of Bubblegum Music\" src=\"http:\/\/www.editiondaslabor.de\/blog\/wp-content\/uploads\/2012\/06\/Hits-of-Bubblegum-Music1.jpeg\" alt=\"\" width=\"150\" height=\"150\" \/><\/a>Aber zur\u00fcck zur Musik. Ein Jahr sp\u00e4ter war es soweit. W\u00e4hrend sich in den USA die Woodstock-Generation auf den Weg machte, h\u00f6rte ich mir im Emsdettener Radiogesch\u00e4ft Saatjohann nach der Schule etliche Singles an, um dann schlie\u00dflich <em><a href=\"http:\/\/www.youtube.com\/watch?v=NYOQ2HXErQI\">Don Juan<\/a><\/em> von den englischen Hitfabrikanten <a href=\"http:\/\/de.wikipedia.org\/wiki\/Dave_Dee,_Dozy,_Beaky,_Mick_%26_Tich\">Dave Dee, Dozy, Beaky, Mick and Tich<\/a> zu erwerben, ein pomp\u00f6ses, mit Flamencokl\u00e4ngen durchsetztes Machwerk, dessen Pathos mir sehr gefiel. Ich wei\u00df nicht, wie oft ich die Platte auf der heimischen Musiktruhe abgespielt habe. Wenig sp\u00e4ter bekam ich die LP <em><a href=\"http:\/\/www.discogs.com\/Various-Hits-Of-Bubble-Gum-Music\/release\/2409661\">Hits of Bubblegum Music<\/a><\/em> mit Coverversionen bekannter Songs wie <em><a href=\"http:\/\/www.youtube.com\/watch?v=HkxAf6RxC-g&amp;feature=results_main&amp;playnext=1&amp;list=PL8BB089621EF28BF5\">Yummy Yummy<\/a><\/em> oder <em><a href=\"http:\/\/www.youtube.com\/watch?v=XHqzf5fahzs\">Mercy Mercy<\/a><\/em> geschenkt. Als Interpret wurde ein gewisser Giorgio genannt, der sp\u00e4ter als Erfinder des <a href=\"http:\/\/www.youtube.com\/watch?v=Jv9ub3rfclg\">Munich Disco Sounds<\/a> in die Popgeschichte eingehen sollte. Und das war\u2019s dann erstmal.<\/p>\n<p style=\"text-align: justify;\">Irgendwann wurde ich dann tats\u00e4chlich 16, trug die Haare lang und h\u00f6rte <a href=\"http:\/\/www.youtube.com\/watch?v=3CPqcZGLsmU\">Jethro Tull<\/a> und <a href=\"http:\/\/www.youtube.com\/watch?v=O6vN9nadqtQ&amp;feature=fvwrel\">Emerson, Lake &amp; Palmer<\/a>. Aber langweilig war mir immer noch.<\/p>\n<p>&nbsp;<\/p>\n<p>&nbsp;<\/p>\n<p><strong>Weiterf\u00fchrend\u00a0<\/strong><strong>\u2192\u00a0<\/strong><\/p>\n<div class=\"ecm0bbzt e5nlhep0 a8c37x1j\">\n<div class=\"kvgmc6g5 cxmmr5t8 oygrvhab hcukyx3x c1et5uql\">\n<div dir=\"auto\" style=\"text-align: justify;\">Meine erste Schallplatte: \u201eHeart of glass\u201c von Blondie, <a href=\"http:\/\/www.editiondaslabor.de\/blog\/2012\/07\/30\/6282\/\">vorgestellt<\/a> von Martina Haimerl. <span data-offset-key=\"eaie5-0-0\">Life circles at 33rpm!, <a href=\"http:\/\/www.editiondaslabor.de\/blog\/2012\/07\/16\/meine-erste-schallplatte-2\/\">postulierte<\/a> Mischa Kuball. <\/span><span data-offset-key=\"3f7gr-0-0\">Wer sich hinter &#8222;<a href=\"http:\/\/www.editiondaslabor.de\/blog\/2012\/07\/09\/meine-erste-schallplatte-oder-mister-b\/\">Mister B<\/a>&#8220; verbirgt, beschreibt Christine Kappe. Erg\u00e4nzen ein Artikel zum <a href=\"http:\/\/www.editiondaslabor.de\/blog\/1989\/05\/01\/kassettenuntergrund\/\">Kassettenuntergrund<\/a>. <\/span><span data-offset-key=\"ajv9h-0-0\">\u00bb<a href=\"http:\/\/www.editiondaslabor.de\/blog\/2012\/06\/18\/meine-erste-schallplatte-%e2%80%9edon-juan-von-dave-dee-dozy-beaky-mick-and-tich\/\">Don Juan<\/a>\u00ab von Dave Dee, Dozy, Beaky, Mick and Tich, vorgestellt von Joachim Feldmann. <\/span><a href=\"http:\/\/www.editiondaslabor.de\/blog\/2012\/06\/02\/5165\/\">Eine Reise ins Gl\u00fcck<\/a> von den Lilians, vorgestellt von <span class=\"vcard author\"><span class=\"fn\">Ju Sophie Kerschbaumer<\/span><\/span>. \u201eThis charming man\u201c von den Smiths <a href=\"http:\/\/www.editiondaslabor.de\/blog\/2012\/07\/01\/meine-erste-platte-this-charming-man-von-den-schmidts\/\">vorgestellt<\/a> von <span class=\"vcard author\"><span class=\"fn\">Haimo Hieronymus<\/span><\/span>. The Fall \u2013 Big New Prince <a href=\"http:\/\/www.editiondaslabor.de\/blog\/2014\/08\/25\/mein-klassiker-the-fall-big-new-prince\/\">vorgestellt<\/a> von <span class=\"vcard author\"><span class=\"fn\">Enno Stahl.\u00a0<\/span><\/span><a href=\"http:\/\/www.editiondaslabor.de\/blog\/2020\/04\/12\/dschaeaeaezz\/\">Dsch\u00e4\u00e4\u00e4zz<\/a>!!!, geh\u00f6rt von <span class=\"vcard author\"><span class=\"fn\">Eva Kurowski. Helge Schneider ist wahrscheinlich der bislang einzige Solo-K\u00fcnstler, der gleich mit seiner ersten Platte den Titel <a href=\"http:\/\/www.editiondaslabor.de\/blog\/1989\/04\/02\/die-singende-herrentorte\/\"><em>Seine gr\u00f6\u00dften Erfolge<\/em><\/a> gab. Begleitet wurde er bei den Aufnahmen durch Tonmeister Tom T\u00e4ger im <a href=\"http:\/\/www.editiondaslabor.de\/blog\/2012\/07\/20\/klangkloetzchen\/\">Tonstudio an der Ruhr<\/a>.<\/span><\/span> <a href=\"http:\/\/www.editiondaslabor.de\/blog\/2012\/12\/28\/meine-ersten-drei-platten\/\">Meine ersten drei Platten<\/a>, vorgestellt von\u00a0<span class=\"vcard author\"><span class=\"fn\">Marcus Baltzer. <\/span><\/span><a href=\"http:\/\/www.editiondaslabor.de\/blog\/2013\/04\/06\/meine-musik\/\">Meine Musik<\/a>, vorgestellt von <span class=\"vcard author\"><span class=\"fn\">Ulrich Bergmann. <\/span><\/span><span class=\"vcard author\"><span class=\"fn\">Mit etwas Versp\u00e4tung erschien <\/span><\/span>Pia Lunds zweites Solo-Album <em><a href=\"http:\/\/www.editiondaslabor.de\/blog\/2016\/10\/21\/ein-geschenk-von-pia-lund\/\">Gift<\/a>. <\/em><em>Smile<\/em> war f\u00fcr A.J. Weigoni ein <a href=\"http:\/\/www.editiondaslabor.de\/blog\/2012\/06\/12\/meine-erste-schallplatte\/\">Versprechen<\/a>. Eine Generation sp\u00e4ter wurde es eingel\u00f6st. Selbstverst\u00e4ndlich auf Vinyl. Und in Mono. Eine Wiederver\u00f6ffentlichung der <a href=\"http:\/\/www.editiondaslabor.de\/blog\/2008\/03\/21\/das-herz-des-motorik-beats\/\"><em>Neu!<\/em>-Studioalben<\/a> ist auf dem Label Gr\u00f6nland erschienen. in 1999 ging KUNO der Frage <a href=\"http:\/\/www.editiondaslabor.de\/blog\/1999\/01\/01\/label-oder-available\/\">Label oder available?<\/a> nach. Einen <a href=\"http:\/\/www.vordenker.de\/weigoni\/letternmusik.htm\">Remix<\/a> zu basteln ist in der Popmusik gang und gebe. Stephan Flommersfeld hat das Selbe mit der \u201cLetternmusik\u201d gemacht. &#8222;<em>Wenn es Videoclips gibt, muss auch die Literatur auf die ver\u00e4nderten <\/em><em>medialen Verh\u00e4ltnisse reagieren.&#8220;, <\/em><a href=\"http:\/\/www.editiondaslabor.de\/blog\/1991\/01\/18\/literaturclips-2\/\">postulierte<\/a> A.J. Weigoni 1991 und erfand mit Frank Michaelis das H\u00f6rbuch. Erweiternd zum Medium der <em><span lang=\"en\">Compact Disc<\/span><\/em> auch der Essay <a href=\"http:\/\/www.editiondaslabor.de\/blog\/?p=33102\">Press\/Play<\/a>.<\/div>\n<\/div>\n<\/div>\n<p>&nbsp;<\/p>\n","protected":false},"excerpt":{"rendered":"<p>Im Jahr der Revolte wurde ich zehn Jahre alt und kam aufs Gymnasium. Meine Schallplattensammlung bestand aus einer Aufnahme des S\u00e4ngerkriegs der Heidehasen von James Kr\u00fcss mit dem gro\u00dfen Franz Muxeneder, der sp\u00e4ter sein Talent in einschl\u00e4gigen Filmen wie Liebesgr\u00fc\u00dfe&hellip;<\/p>\n<p class=\"more-link-p\"><a class=\"more-link\" href=\"http:\/\/www.editiondaslabor.de\/blog\/2012\/06\/18\/meine-erste-schallplatte-%e2%80%9edon-juan-von-dave-dee-dozy-beaky-mick-and-tich\/\">Read more &rarr;<\/a><\/p>\n","protected":false},"author":29,"featured_media":85921,"comment_status":"open","ping_status":"open","sticky":false,"template":"","format":"standard","meta":{"footnotes":""},"categories":[1],"tags":[477,470],"class_list":["post-5151","post","type-post","status-publish","format-standard","has-post-thumbnail","hentry","category-literatur","tag-james-kruss","tag-joachim-feldmann"],"_links":{"self":[{"href":"http:\/\/www.editiondaslabor.de\/blog\/wp-json\/wp\/v2\/posts\/5151","targetHints":{"allow":["GET"]}}],"collection":[{"href":"http:\/\/www.editiondaslabor.de\/blog\/wp-json\/wp\/v2\/posts"}],"about":[{"href":"http:\/\/www.editiondaslabor.de\/blog\/wp-json\/wp\/v2\/types\/post"}],"author":[{"embeddable":true,"href":"http:\/\/www.editiondaslabor.de\/blog\/wp-json\/wp\/v2\/users\/29"}],"replies":[{"embeddable":true,"href":"http:\/\/www.editiondaslabor.de\/blog\/wp-json\/wp\/v2\/comments?post=5151"}],"version-history":[{"count":0,"href":"http:\/\/www.editiondaslabor.de\/blog\/wp-json\/wp\/v2\/posts\/5151\/revisions"}],"wp:featuredmedia":[{"embeddable":true,"href":"http:\/\/www.editiondaslabor.de\/blog\/wp-json\/"}],"wp:attachment":[{"href":"http:\/\/www.editiondaslabor.de\/blog\/wp-json\/wp\/v2\/media?parent=5151"}],"wp:term":[{"taxonomy":"category","embeddable":true,"href":"http:\/\/www.editiondaslabor.de\/blog\/wp-json\/wp\/v2\/categories?post=5151"},{"taxonomy":"post_tag","embeddable":true,"href":"http:\/\/www.editiondaslabor.de\/blog\/wp-json\/wp\/v2\/tags?post=5151"}],"curies":[{"name":"wp","href":"https:\/\/api.w.org\/{rel}","templated":true}]}}