{"id":508,"date":"2012-01-15T02:51:16","date_gmt":"2012-01-15T02:51:16","guid":{"rendered":"http:\/\/www.editiondaslabor.de\/blog\/?p=508"},"modified":"2021-10-11T14:01:43","modified_gmt":"2021-10-11T12:01:43","slug":"regalien-2","status":"publish","type":"post","link":"http:\/\/www.editiondaslabor.de\/blog\/2012\/01\/15\/regalien-2\/","title":{"rendered":"Regalien"},"content":{"rendered":"<p>&nbsp;<\/p>\n<p style=\"text-align: justify;\">Wie kaum eine andere Galerie in Deutschland hat \u2018<a href=\"http:\/\/www.der-bogen.de\/\">Der Bogen<\/a>\u2019 in Arnsberg immer gro\u00dfen Wert auf die handwerkliche Erarbeitung von <a href=\"http:\/\/www.editiondaslabor.de\/blog\/?page_id=343\">K\u00fcnstlerb\u00fcchern<\/a> gelegt. Von den Materialb\u00fcchern des J\u00fcrgen Diehl, \u00fcber die \u00bbSchland-Box\u00ab von Peter Meilchen, bis hin zu den Haimo Hieronymus und A.J. Weigonis Erkundungen \u00fcber die M\u00f6glichkeiten der Linie zwischen Schrift und Zeichnung findet sich eine Vielfalt des Ausdrucks, die ihres Gleichen sucht. Diese Tradition wird nun fortgesetzt durch Pia Bohr, Almuth Hickl, Birgit Jensen, Haimo Hieronymus, Stephanie Neuhaus und Denise Steger. Pr\u00e4sentiert werden die K\u00fcnstlerb\u00fccher auf der Ausstellung <a href=\"http:\/\/www.bookrix.de\/_title-de-matthias-hagedorn-regalien\">Regalien<\/a> in Arnsberg.<\/p>\n<p>&nbsp;<\/p>\n<p>&nbsp;<\/p>\n<p style=\"text-align: center;\">***<\/p>\n<p><strong>Regalien<\/strong>, Vernissage: 15. Januar 2012, 17.00 Uhr<br \/>\nEinf\u00fchrung: J.C. Albers<br \/>\n+ eine poetische Performance<br \/>\nvon Phillip Bracht &amp; A.J. Weigoni<\/p>\n<p><a href=\"http:\/\/www.editiondaslabor.de\/blog\/wp-content\/uploads\/2012\/01\/Praegnarien.jpg\"><img loading=\"lazy\" decoding=\"async\" class=\"alignleft\" title=\"Praegnarien\" src=\"http:\/\/www.editiondaslabor.de\/blog\/wp-content\/uploads\/2012\/01\/Praegnarien.jpg\" alt=\"\" width=\"300\" height=\"199\" \/><\/a><\/p>\n<p style=\"text-align: justify;\">K\u00fcnstlerb\u00fccher und Arbeiten aus dem Umfeld von:<br \/>\nPia Bohr, Almuth Hickl, Haimo Hieronymus, Karl-Heinz Hosse, Birgit Jensen, Stephanie Neuhaus, Ulrich Johannes M\u00fcller, Florian M\u00fcller, Yanic Ro\u00dfmann und Denise Steger<\/p>\n<p style=\"text-align: justify;\">Dauer der Ausstellung: 16.01 &#8211; 04.02. Werkstattgalerie DER BOGEN | M\u00f6hnestra\u00dfe 59 | 59755 Arnsberg-Neheim<\/p>\n<p style=\"text-align: justify;\">Finissage: 4. Februar 2012, ab 20.00 Uhr<br \/>\nmit der Verleihung des K\u00fcnstlerpreises \u2018Das Hungertuch\u2019.<br \/>\nan: Denise Steger, bildende Kunst; Joachim Paul, Essay<br \/>\nEva Kurowski, Musik.<\/p>\n<p style=\"text-align: justify;\">Mit einer Lesung von Joachim Paul<br \/>\n+ einem Konzert von Eva Kurowski<br \/>\nund Hartmut Kracht.<\/p>\n","protected":false},"excerpt":{"rendered":"<p>&nbsp; Wie kaum eine andere Galerie in Deutschland hat \u2018Der Bogen\u2019 in Arnsberg immer gro\u00dfen Wert auf die handwerkliche Erarbeitung von K\u00fcnstlerb\u00fcchern gelegt. Von den Materialb\u00fcchern des J\u00fcrgen Diehl, \u00fcber die \u00bbSchland-Box\u00ab von Peter Meilchen, bis hin zu den Haimo&hellip;<\/p>\n<p class=\"more-link-p\"><a class=\"more-link\" href=\"http:\/\/www.editiondaslabor.de\/blog\/2012\/01\/15\/regalien-2\/\">Read more &rarr;<\/a><\/p>\n","protected":false},"author":257,"featured_media":78834,"comment_status":"open","ping_status":"open","sticky":false,"template":"","format":"standard","meta":{"footnotes":""},"categories":[1],"tags":[46,69,71,44],"class_list":["post-508","post","type-post","status-publish","format-standard","has-post-thumbnail","hentry","category-literatur","tag-almuth-hickl","tag-birgit-jensen","tag-florian-muller","tag-haimo-hieronymus"],"_links":{"self":[{"href":"http:\/\/www.editiondaslabor.de\/blog\/wp-json\/wp\/v2\/posts\/508","targetHints":{"allow":["GET"]}}],"collection":[{"href":"http:\/\/www.editiondaslabor.de\/blog\/wp-json\/wp\/v2\/posts"}],"about":[{"href":"http:\/\/www.editiondaslabor.de\/blog\/wp-json\/wp\/v2\/types\/post"}],"author":[{"embeddable":true,"href":"http:\/\/www.editiondaslabor.de\/blog\/wp-json\/wp\/v2\/users\/257"}],"replies":[{"embeddable":true,"href":"http:\/\/www.editiondaslabor.de\/blog\/wp-json\/wp\/v2\/comments?post=508"}],"version-history":[{"count":0,"href":"http:\/\/www.editiondaslabor.de\/blog\/wp-json\/wp\/v2\/posts\/508\/revisions"}],"wp:featuredmedia":[{"embeddable":true,"href":"http:\/\/www.editiondaslabor.de\/blog\/wp-json\/"}],"wp:attachment":[{"href":"http:\/\/www.editiondaslabor.de\/blog\/wp-json\/wp\/v2\/media?parent=508"}],"wp:term":[{"taxonomy":"category","embeddable":true,"href":"http:\/\/www.editiondaslabor.de\/blog\/wp-json\/wp\/v2\/categories?post=508"},{"taxonomy":"post_tag","embeddable":true,"href":"http:\/\/www.editiondaslabor.de\/blog\/wp-json\/wp\/v2\/tags?post=508"}],"curies":[{"name":"wp","href":"https:\/\/api.w.org\/{rel}","templated":true}]}}