{"id":50146,"date":"2021-02-13T00:01:03","date_gmt":"2021-02-12T23:01:03","guid":{"rendered":"http:\/\/www.editiondaslabor.de\/blog\/?p=50146"},"modified":"2022-03-05T13:36:07","modified_gmt":"2022-03-05T12:36:07","slug":"ideen-liegen-in-der-luft","status":"publish","type":"post","link":"http:\/\/www.editiondaslabor.de\/blog\/2021\/02\/13\/ideen-liegen-in-der-luft\/","title":{"rendered":"Ideen liegen in der Luft"},"content":{"rendered":"<p style=\"text-align: right;\"><em><span style=\"color: #999999;\">Die Liebe zur Literatur ist in der franz\u00f6sischen Bourgeoisie schwer von der Fr\u00f6mmelei zu unterscheiden.<\/span><\/em><\/p>\n<p style=\"text-align: right;\"><span style=\"color: #999999;\">Hans Magnus Enzensberger<\/span><\/p>\n<p style=\"text-align: justify;\"><a href=\"http:\/\/www.editiondaslabor.de\/blog\/wp-content\/uploads\/2018\/04\/Hans-Magnus-Enzensberger.jpg\"><img loading=\"lazy\" decoding=\"async\" class=\"alignright wp-image-50147 size-medium\" src=\"http:\/\/www.editiondaslabor.de\/blog\/wp-content\/uploads\/2018\/04\/Hans-Magnus-Enzensberger-189x300.jpg\" alt=\"\" width=\"189\" height=\"300\" srcset=\"http:\/\/www.editiondaslabor.de\/blog\/wp-content\/uploads\/2018\/04\/Hans-Magnus-Enzensberger-189x300.jpg 189w, http:\/\/www.editiondaslabor.de\/blog\/wp-content\/uploads\/2018\/04\/Hans-Magnus-Enzensberger.jpg 200w\" sizes=\"auto, (max-width: 189px) 100vw, 189px\" \/><\/a>Nahezu zehn Jahre nach dem Erscheinen der Novelle <a href=\"http:\/\/www.editiondaslabor.de\/blog\/?p=12899\"><em>Vignetten<\/em><\/a> von A.J. Weigoni hat Hans Magnus Enzensberger &#8222;99 literarische Vignetten aus dem\u00a020. Jahrhundert&#8220; zusammengestellt. Christian Thomas weist in der <a href=\"http:\/\/www.fr.de\/kultur\/literatur\/enzensbergers-literaturgeschichte-tumult-und-zickzack-a-1499890,0#artpager-1499890-1\" target=\"_blank\" rel=\"noopener\"><i>FR<\/i><\/a> auf die &#8222;\u00dcberlebensk\u00fcnstler&#8220; hin. In der SZ erwartete Helmut B\u00f6ttiger gar nicht erst den gro\u00dfen Tiefgang in Hans Magnus Enzensbergers Vignetten \u00fcber Autoren, die dem 20. Jahrhundert noch einmal von der Schippe geh\u00fcpft sind:<\/p>\n<p style=\"text-align: justify;\">&#8222;Vignetten&#8220; ist ein sch\u00f6nes Wort, es passt sich wunderbar ein in das &#8222;Journal des Luxus und der Moden&#8220;, das Enzensberger bereits Ende der 70er-Jahre gegr\u00fcndet hat, oder in die buchbinderische und grafische Gestaltung der &#8222;Anderen Bibliothek&#8220;, die er kurz danach ins Leben rief. Eine Vignette bezeichnet im Franz\u00f6sischen eine Rebsorte, sp\u00e4ter hie\u00df das gesamte Etikett der Weinflasche so, und zuletzt meinte dieses Wort dann allgemein Randverzierungen in der Drucktechnik. Enzensbergers\u00a099\u00a0Vignetten sind zwei-, h\u00f6chstens drei- oder vierseitige Portr\u00e4ts von Schriftstellern, die er zu obigem Behufe zusammengestellt hat. Bei dieser K\u00fcrze, so k\u00f6nnte man meinen, k\u00e4me es auf jedes einzelne Wort an. Das ist aber beileibe nicht so.&#8220;<\/p>\n<p style=\"text-align: right;\"><span style=\"color: #999999;\"><em>Jedes Wort, jeder Satz sitzt. Parataktisch, oft stakkatoartig werden die <\/em><\/span><br \/>\n<span style=\"color: #999999;\"> <em>S\u00e4tze vorgetragen. Kl\u00e4nge, die vieles anklingen lassen, und Inhalte, die <\/em><\/span><br \/>\n<span style=\"color: #999999;\"> <em>ins Innere der Dinge vordringen, evozieren gleichsam ganze Kapitel.<\/em><\/span><\/p>\n<p style=\"text-align: right;\"><span style=\"color: #999999;\">Theo Breuer (Poetenladen)<\/span><\/p>\n<p style=\"text-align: justify;\">Mit den <a href=\"http:\/\/www.editiondaslabor.de\/blog\/?p=12899\"><em>Vignetten<\/em><\/a> definiert <a href=\"https:\/\/de.wikipedia.org\/wiki\/Andrascz_Weigoni\">A.J. Weigoni<\/a> eine Literaturgattung neu. Er praktiziert damit mehr als das Schreiben, diese Novelle ist ein Sich-Einschreiben in die Welt. Mit seinen Prosavignetten verst\u00f6\u00dft Weigoni gegen das Gebot: \u201eDu sollst Dir kein Bildnis machen\u201c. Seine 24 Bildnisse bestehen aus vielerlei Facetten. Und au\u00dferdem wird in den <em>Vignetten<\/em> wird alles Sp\u00e4tere pr\u00e4figuriert, es blitzt die Kunst der Verknappung und die Wucht der schmerzhaft pr\u00e4zisen S\u00e4tze auf; aus\u00a0 disperat wirkenden Einzelteilen setzt sich eine Geschichte zusammen. Das Handlungskonzentrat dieser Novelle bewegt sich auf der Zeitleiste zwischen Rhein und Nil, sie erh\u00e4lt sich das prek\u00e4re Gleichgewicht aus Sch\u00f6nheit, Spannung und Melancholie bis zum Schlu\u00df.<\/p>\n<p>&nbsp;<\/p>\n<p>&nbsp;<\/p>\n<p style=\"text-align: center;\">***<\/p>\n<p style=\"text-align: justify;\"><strong>\u00dcberlebensk\u00fcnstler<\/strong>.\u00a099\u00a0literarische Vignetten aus dem\u00a020. Jahrhundert, von Hans Magnus Enzensberger. Suhrkamp Verlag, Berlin\u00a02018<\/p>\n<p style=\"text-align: justify;\"><strong>Vignetten<\/strong>, Novelle von A.J. Weigoni, Edition Das Labor, M\u00fclheim 2009 \u2013 Limitierte und handsignierte Ausgabe als Hardcover.<\/p>\n<div style=\"width: 184px\" class=\"wp-caption alignleft\"><a id=\"set-post-thumbnail\" class=\"thickbox\" href=\"http:\/\/www.editiondaslabor.de\/blog\/wp-admin\/media-upload.php?post_id=52878&amp;type=image&amp;TB_iframe=1\" aria-describedby=\"set-post-thumbnail-desc\"><img loading=\"lazy\" decoding=\"async\" class=\"attachment-266x266\" src=\"http:\/\/www.editiondaslabor.de\/blog\/wp-content\/uploads\/2012\/03\/VignettenCover.jpeg\" sizes=\"auto, (max-width: 174px) 100vw, 174px\" srcset=\"http:\/\/www.editiondaslabor.de\/blog\/wp-content\/uploads\/2012\/03\/VignettenCover.jpeg 623w, http:\/\/www.editiondaslabor.de\/blog\/wp-content\/uploads\/2012\/03\/VignettenCover-196x300.jpeg 196w\" alt=\"\" width=\"174\" height=\"266\" \/><\/a><p class=\"wp-caption-text\">Covermotiv: Peter Meilchen<\/p><\/div>\n<h5 style=\"text-align: justify;\">Weiterf\u00fchrend \u2192<\/h5>\n<p style=\"text-align: justify;\">Constanze Schmidt zur <a href=\"http:\/\/www.editiondaslabor.de\/blog\/2009\/11\/18\/wellenbewegungen\/\">Novelle<\/a> und zum <a href=\"http:\/\/www.editiondaslabor.de\/\">Label<\/a>. Ein <a href=\"http:\/\/www.editiondaslabor.de\/blog\/2009\/01\/18\/literaturgeografie\/\">Nachwort<\/a> von Enrik Lauer. KUNO \u00fcbernimmt einen Artikel der <a href=\"http:\/\/www.editiondaslabor.de\/blog\/2009\/09\/09\/bruchstuckhafte-morsezeichen\/\">Lyrikwelt<\/a> und aus dem <a href=\"http:\/\/www.editiondaslabor.de\/blog\/2013\/12\/09\/lachfalten-im-gesicht-der-zeit\/\">Poetenladen<\/a>. Betty Davis konstatiert <a href=\"http:\/\/www.editiondaslabor.de\/blog\/2009\/06\/18\/ein-fein-gesponnenes-psychogramm\/\">Ein fein gesponnenes Psychogramm<\/a>. \u00dcber die <a href=\"http:\/\/www.editiondaslabor.de\/blog\/2009\/12\/18\/novelle_revisited\/\">Reanimierung<\/a> der Gattung Novelle und die Weiterentwicklung zum Buch \/ Katalog-Projekt <em>630<\/em> finden Sie <a href=\"http:\/\/www.editiondaslabor.de\/blog\/?p=46549\">hier<\/a> einen Essay. Einen weiteren Essay zur Ausstellung <em>50 Jahre Krumscheid \/ Meilchen<\/em> lesen Sie <a href=\"http:\/\/www.editiondaslabor.de\/blog\/?p=21518\">hier<\/a>. Mit einer <a href=\"http:\/\/www.editiondaslabor.de\/blog\/2012\/07\/20\/klangkloetzchen\/\">Laudatio<\/a> wurde der Hungertuch-Preistr\u00e4ger Tom T\u00e4ger und seine Arbeit im Tonstudio an der Ruhr gew\u00fcrdigt. Eine W\u00fcrdigung des Lebenswerks von Peter Meilchen findet sich <a href=\"http:\/\/www.editiondaslabor.de\/blog\/?p=12763\">hier<\/a>.<\/p>\n","protected":false},"excerpt":{"rendered":"<p>Die Liebe zur Literatur ist in der franz\u00f6sischen Bourgeoisie schwer von der Fr\u00f6mmelei zu unterscheiden. Hans Magnus Enzensberger Nahezu zehn Jahre nach dem Erscheinen der Novelle Vignetten von A.J. Weigoni hat Hans Magnus Enzensberger &#8222;99 literarische Vignetten aus dem\u00a020. Jahrhundert&#8220;&hellip;<\/p>\n<p class=\"more-link-p\"><a class=\"more-link\" href=\"http:\/\/www.editiondaslabor.de\/blog\/2021\/02\/13\/ideen-liegen-in-der-luft\/\">Read more &rarr;<\/a><\/p>\n","protected":false},"author":257,"featured_media":97847,"comment_status":"closed","ping_status":"closed","sticky":false,"template":"","format":"standard","meta":{"footnotes":""},"categories":[1],"tags":[628,568],"class_list":["post-50146","post","type-post","status-publish","format-standard","has-post-thumbnail","hentry","category-literatur","tag-a-j-weigoni","tag-hans-magnus-enzensberger"],"_links":{"self":[{"href":"http:\/\/www.editiondaslabor.de\/blog\/wp-json\/wp\/v2\/posts\/50146","targetHints":{"allow":["GET"]}}],"collection":[{"href":"http:\/\/www.editiondaslabor.de\/blog\/wp-json\/wp\/v2\/posts"}],"about":[{"href":"http:\/\/www.editiondaslabor.de\/blog\/wp-json\/wp\/v2\/types\/post"}],"author":[{"embeddable":true,"href":"http:\/\/www.editiondaslabor.de\/blog\/wp-json\/wp\/v2\/users\/257"}],"replies":[{"embeddable":true,"href":"http:\/\/www.editiondaslabor.de\/blog\/wp-json\/wp\/v2\/comments?post=50146"}],"version-history":[{"count":2,"href":"http:\/\/www.editiondaslabor.de\/blog\/wp-json\/wp\/v2\/posts\/50146\/revisions"}],"predecessor-version":[{"id":101484,"href":"http:\/\/www.editiondaslabor.de\/blog\/wp-json\/wp\/v2\/posts\/50146\/revisions\/101484"}],"wp:featuredmedia":[{"embeddable":true,"href":"http:\/\/www.editiondaslabor.de\/blog\/wp-json\/wp\/v2\/media\/97847"}],"wp:attachment":[{"href":"http:\/\/www.editiondaslabor.de\/blog\/wp-json\/wp\/v2\/media?parent=50146"}],"wp:term":[{"taxonomy":"category","embeddable":true,"href":"http:\/\/www.editiondaslabor.de\/blog\/wp-json\/wp\/v2\/categories?post=50146"},{"taxonomy":"post_tag","embeddable":true,"href":"http:\/\/www.editiondaslabor.de\/blog\/wp-json\/wp\/v2\/tags?post=50146"}],"curies":[{"name":"wp","href":"https:\/\/api.w.org\/{rel}","templated":true}]}}