{"id":4987,"date":"2012-06-19T00:34:57","date_gmt":"2012-06-18T22:34:57","guid":{"rendered":"http:\/\/www.editiondaslabor.de\/blog\/?p=4987"},"modified":"2023-08-27T08:16:02","modified_gmt":"2023-08-27T06:16:02","slug":"medienarchaologie","status":"publish","type":"post","link":"http:\/\/www.editiondaslabor.de\/blog\/2012\/06\/19\/medienarchaologie\/","title":{"rendered":"Medienarch\u00e4ologie"},"content":{"rendered":"<p style=\"text-align: justify;\"><a href=\"http:\/\/www.editiondaslabor.de\/blog\/wp-content\/uploads\/2012\/06\/IMG_0887.jpg\"><img loading=\"lazy\" decoding=\"async\" class=\"alignleft size-medium wp-image-4988\" title=\"Gl\u00fccksfall der Medienarch\u00e4ologie\" src=\"http:\/\/www.editiondaslabor.de\/blog\/wp-content\/uploads\/2012\/06\/IMG_0887-300x200.jpg\" alt=\"\" width=\"300\" height=\"200\" srcset=\"http:\/\/www.editiondaslabor.de\/blog\/wp-content\/uploads\/2012\/06\/IMG_0887-300x200.jpg 300w, http:\/\/www.editiondaslabor.de\/blog\/wp-content\/uploads\/2012\/06\/IMG_0887-1024x682.jpg 1024w\" sizes=\"auto, (max-width: 300px) 100vw, 300px\" \/><\/a>Kulturpessimisten versprechen uns, dass durch das digitale Zeitalter letztlich die Informationen selbst zu ihrem Ende gelangen, entweder weil sie durch einen immensen Sonnensturm g\u00e4nzlich, schnell und effektiv gel\u00f6scht werden (Ja, auch die Backups), oder weil die Datenformate einerseits, die Datentr\u00e4ger andererseits in Zukunft mit nichts mehr kompatibel sind. Die Optimisten verweisen darauf, dass lediglich ein Teil der letzten 40 Jahre der L\u00f6schung anheim fiele, was erstens nicht tragisch sei, da der Gro\u00dfteil s\u00e4mtlicher Dateien an sich schon M\u00fcll darstellt, zweitens k\u00f6nne davon ausgegangen werden, das die ganz wichtigen Dateien auch heute noch irgendwo in gedruckter Form vorliegen. Aber vielleicht haben wir ja auch Pech und die gerade gefundene Weltformel verschwindet auf Nimmerwiedersehen.<\/p>\n<p style=\"text-align: right;\"><span style=\"color: #999999;\">Aufgabe der Bibliotheken<\/span><\/p>\n<p style=\"text-align: justify;\">Im Falle eines solchen massiven Sonnensturmes kann auf jeden Fall davon ausgegangen werden, das Bibliotheken ganz pl\u00f6tzlich zu neuen Machtzentren des Wissens wieder auferstehen w\u00fcrden. Dass die wissenden Mitarbeiter ganz eigene M\u00f6glichkeiten der Einflussnahme in Politik und Gesellschaft h\u00e4tten. Unser geschaffenes Digital- und Datenwissen w\u00fcrde in einem solchen Falle keine Bedeutung mehr haben. S\u00e4mtliche Oberfl\u00e4chenbediener w\u00fcrden in den Abgrund der Arbeitslosigkeit rutschen &#8211; zumindest f\u00fcr einige Zeit.<\/p>\n<p style=\"text-align: right;\"><span style=\"color: #999999;\">Depression<\/span><\/p>\n<p style=\"text-align: justify;\">Die Auswirkungen auf die Wirtschaft w\u00e4ren in dieser Situation gar nicht auszudenken. Ganze Branchen und Verzweigungen des Handels w\u00fcrden von einem Tag zum n\u00e4chsten zusammenbrechen. Und wie bitte sollte ein Studierender dann seine Masterarbeit schreiben? Auf einer Schreibmaschine etwa, wie noch vor 25 Jahren? Auch viele Menschen w\u00e4ren ihres wichtigsten Zeitvertreibs beraubt, all die Youtubeglotzer, die Ebayseller und -Buyer, all die unglaublichen und sozialen Netzwerker, die Blogger und Anh\u00e4nger von Tipps aus dem Netz. Ihnen w\u00fcrde es gehen wie der Weltwirtschaft um 1929, als alles in Hoffnungslosigkeit versank. Die Menschheit h\u00e4tte sich eine der schlimmsten Krankheiten eingefangen, die es gibt, eine Depression.<\/p>\n<p style=\"text-align: right;\"><span style=\"color: #999999;\">M\u00f6glichkeiten und Aufgaben der Medien &#8211; und Datenarch\u00e4ologie<\/span><\/p>\n<p style=\"text-align: justify;\">Den zuk\u00fcnftigen Medien- und Datenarch\u00e4ologen sei allerdings schon jetzt vorausschauend ans Herz gelegt, sich beizeiten eine stattliche Sammlung an Ger\u00e4ten zuzulegen. Damit auch in Zukunft Lochkarten, Datassetten, Floppies und Discs, Disketten und Sticks, Videotapes verschiedenster Formate (die bekanntesten noch VHS und Beta), H\u00f6rcasseten, Tonb\u00e4nder und Schalplatten, die diversen Filmformate auf Silberscheiben und sonstigen optischen wie akustischen Systeme gelesen werden k\u00f6nnen &#8211; es wird schwieriger sein, als ein Buch aufzuschlagen, eine Schriftrolle zu entrollen. Dann reicht es nicht mehr, einige klassische Sprachen zu beherrschen, dann m\u00fcssen weiterhin die Programmiersprachen bekannt sein, um die Realsprachen \u00fcberhaupt entziffern zu k\u00f6nnen. Hieroglyphen waren gestern, morgen wird ganz neuer Stoff gefordert sein.<\/p>\n<p style=\"text-align: right;\"><strong><a href=\"http:\/\/www.editiondaslabor.de\/blog\/wp-content\/uploads\/2012\/06\/IMG_0890.jpg\"><img loading=\"lazy\" decoding=\"async\" class=\"alignleft size-medium wp-image-4989\" title=\"huete M\u00fcll, morgen ein Schatz\" src=\"http:\/\/www.editiondaslabor.de\/blog\/wp-content\/uploads\/2012\/06\/IMG_0890-300x200.jpg\" alt=\"\" width=\"300\" height=\"200\" srcset=\"http:\/\/www.editiondaslabor.de\/blog\/wp-content\/uploads\/2012\/06\/IMG_0890-300x200.jpg 300w, http:\/\/www.editiondaslabor.de\/blog\/wp-content\/uploads\/2012\/06\/IMG_0890-1024x682.jpg 1024w\" sizes=\"auto, (max-width: 300px) 100vw, 300px\" \/><\/a><\/strong><span style=\"color: #999999;\">Trotz Sonnensturm<\/span><\/p>\n<p style=\"text-align: justify;\">Gl\u00fccklicherweise werden sich in Zukunft trotz aller F\u00e4hrnisse \u00fcberall Mengen an Daten finden lassen, denn was heute als Abfall in den W\u00e4ldern liegt, all die Kartons mit VHS- Cassetten, all die Kisten mit alten Disketten, wird in Zukunft wertvolle Antiquit\u00e4t sein. Was f\u00fcr uns heute Qumrams Schriftrollen sind, werden in Zukunft die CDs der Sauerlandw\u00e4lder sein. Und wenn irgendein Arch\u00e4ologe dann zuf\u00e4lligerweise eine ganze Kiste mit Science-Fiction Filmen findet und diese als Realdokumente erkennt, dann werden die Menschen der Zuknuft wenigstens wissen, warum unsere Kultur untergegangen ist.<\/p>\n<p style=\"text-align: justify;\">\n<p>&nbsp;<\/p>\n<p style=\"text-align: center;\">***<\/p>\n<p style=\"text-align: justify;\"><strong><em>Kassettent\u00e4ter<\/em><\/strong> ist der \u00dcberbegriff f\u00fcr eine Vielzahl von Ver\u00f6ffentlichungen die Ende der 1970er und vor allem in den 1980er Jahren in Deutschland erschienen sind. Gemeinsam war den Ver\u00f6ffentlichungen der Tontr\u00e4ger Kassette. Lesen Sie dazu auch den einf\u00fchrenden <a href=\"http:\/\/www.editiondaslabor.de\/blog\/?p=40989\">Essay<\/a> aus dem KUNO-Archiv.<\/p>\n<dl>\n<dt>\n<div class=\"wp-caption alignright\" style=\"text-align: justify;\">\n<p class=\"wp-caption-text\">\n<\/div>\n<div id=\"attachment_100697\" style=\"width: 230px\" class=\"wp-caption alignleft\"><img loading=\"lazy\" decoding=\"async\" aria-describedby=\"caption-attachment-100697\" class=\"wp-image-100697 size-full\" src=\"http:\/\/www.editiondaslabor.de\/blog\/wp-content\/uploads\/2023\/08\/Home_taping_is_killing_music1.png\" alt=\"\" width=\"220\" height=\"182\" srcset=\"http:\/\/www.editiondaslabor.de\/blog\/wp-content\/uploads\/2023\/08\/Home_taping_is_killing_music1.png 220w, http:\/\/www.editiondaslabor.de\/blog\/wp-content\/uploads\/2023\/08\/Home_taping_is_killing_music1-160x132.png 160w\" sizes=\"auto, (max-width: 220px) 100vw, 220px\" \/><p id=\"caption-attachment-100697\" class=\"wp-caption-text\">Home Taping Is Killing Music war eine Kampagne der British Phonographic Industry. Der Slogan war meist als Aufkleber auf Plattencovern zu finden.<\/p><\/div>\n<p style=\"text-align: justify;\"><strong>Weiterf\u00fchrend \u2192\u00a0<\/strong><\/p>\n<p style=\"text-align: justify;\"><strong>\u2192<\/strong> Laut Deutschlandfunk sind Tapes \u201eHipper als Vinyl\u201c. Herr Nipp erhebt <a href=\"http:\/\/www.editiondaslabor.de\/blog\/2020\/10\/04\/schallplattenspieler\/\">Einspruch<\/a>, 1986 wurden zum ersten Mal mehr CDs als Schallplatten gekauft. Nun hat Vinyl die CD wieder \u00fcberholt. Die Redaktion l\u00e4\u00dft nach diesem Pro auch ein Contra <a href=\"http:\/\/www.editiondaslabor.de\/blog\/2016\/12\/10\/press-play-25-jahre-literaturclips\/\">zu Wort kommen<\/a>.<\/p>\n<\/dt>\n<\/dl>\n<p>&nbsp;<\/p>\n<p>&nbsp;<\/p>\n","protected":false},"excerpt":{"rendered":"<p>Kulturpessimisten versprechen uns, dass durch das digitale Zeitalter letztlich die Informationen selbst zu ihrem Ende gelangen, entweder weil sie durch einen immensen Sonnensturm g\u00e4nzlich, schnell und effektiv gel\u00f6scht werden (Ja, auch die Backups), oder weil die Datenformate einerseits, die Datentr\u00e4ger&hellip;<\/p>\n<p class=\"more-link-p\"><a class=\"more-link\" href=\"http:\/\/www.editiondaslabor.de\/blog\/2012\/06\/19\/medienarchaologie\/\">Read more &rarr;<\/a><\/p>\n","protected":false},"author":4,"featured_media":100697,"comment_status":"open","ping_status":"open","sticky":false,"template":"","format":"standard","meta":{"footnotes":""},"categories":[1],"tags":[44],"class_list":["post-4987","post","type-post","status-publish","format-standard","has-post-thumbnail","hentry","category-literatur","tag-haimo-hieronymus"],"_links":{"self":[{"href":"http:\/\/www.editiondaslabor.de\/blog\/wp-json\/wp\/v2\/posts\/4987","targetHints":{"allow":["GET"]}}],"collection":[{"href":"http:\/\/www.editiondaslabor.de\/blog\/wp-json\/wp\/v2\/posts"}],"about":[{"href":"http:\/\/www.editiondaslabor.de\/blog\/wp-json\/wp\/v2\/types\/post"}],"author":[{"embeddable":true,"href":"http:\/\/www.editiondaslabor.de\/blog\/wp-json\/wp\/v2\/users\/4"}],"replies":[{"embeddable":true,"href":"http:\/\/www.editiondaslabor.de\/blog\/wp-json\/wp\/v2\/comments?post=4987"}],"version-history":[{"count":2,"href":"http:\/\/www.editiondaslabor.de\/blog\/wp-json\/wp\/v2\/posts\/4987\/revisions"}],"predecessor-version":[{"id":104925,"href":"http:\/\/www.editiondaslabor.de\/blog\/wp-json\/wp\/v2\/posts\/4987\/revisions\/104925"}],"wp:featuredmedia":[{"embeddable":true,"href":"http:\/\/www.editiondaslabor.de\/blog\/wp-json\/wp\/v2\/media\/100697"}],"wp:attachment":[{"href":"http:\/\/www.editiondaslabor.de\/blog\/wp-json\/wp\/v2\/media?parent=4987"}],"wp:term":[{"taxonomy":"category","embeddable":true,"href":"http:\/\/www.editiondaslabor.de\/blog\/wp-json\/wp\/v2\/categories?post=4987"},{"taxonomy":"post_tag","embeddable":true,"href":"http:\/\/www.editiondaslabor.de\/blog\/wp-json\/wp\/v2\/tags?post=4987"}],"curies":[{"name":"wp","href":"https:\/\/api.w.org\/{rel}","templated":true}]}}