{"id":49552,"date":"2021-09-29T00:01:00","date_gmt":"2021-09-28T22:01:00","guid":{"rendered":"http:\/\/www.editiondaslabor.de\/blog\/?p=49552"},"modified":"2022-02-21T13:04:45","modified_gmt":"2022-02-21T12:04:45","slug":"fahrschein","status":"publish","type":"post","link":"http:\/\/www.editiondaslabor.de\/blog\/2021\/09\/29\/fahrschein\/","title":{"rendered":"FAHRSCHEIN"},"content":{"rendered":"<p>&nbsp;<\/p>\n<p style=\"text-align: justify;\">ich will einen fahrschein nach bitterfeld-wolfen kaufen. am schalter im sch\u00f6nebecker bahnhof sitzt ein mir unbekannter \u00e4lterer herr mit pr\u00e4gnantem gesicht, der fahrkarten verkauft, w\u00e4hrend er leise r\u00e4tselhafte s\u00e4tze spricht. ich gebe ihm das geld. als noch zwei oder drei euro fehlen, \u00f6ffnet er das schalterfenster, stellt einen strau\u00df chrysanthemen in einer vase auf den schaltertisch und sagt im sch\u00f6nebecker tonfall: \u00bbbringen sie diese blumen zu ali, damit sie nicht verwelken. dann erlasse ich ihnen das restliche fahrgeld.\u00ab ich z\u00f6gere. er fragt: \u00bbsie wissen doch, wo ali wohnt?\u00ab. ich bitte ihn, mir den weg zu beschreiben. er antwortet: \u00bbgehen sie die bahnhofstra\u00dfe bis zur lessingstra\u00dfe. gleich an der ecke, auf der rechten seite, wo fr\u00fcher die korbflechterei war, wohnt ali. sie m\u00fcssen nur klingeln und die blumen abgeben.\u00ab ich erkundige mich, ob ali arabischer oder t\u00fcrkischer herkunft sei. er erwidert: \u00bbich habe sogar ein buch, in dem die geschichte meines namens beschrieben wird. wollen sie es lesen?\u00ab ich sage: \u00bbja gerne.\u00ab und er antwortet: \u00bbgeben sie die blumen ab und sie bekommen das ali-buch. sie k\u00f6nnen es einige wochen behalten.\u00ab ich nehme fahrschein und chrysanthemen, gehe zum beschriebenen haus und klingle bei ali. frau ali schaut aus dem fenster, nimmt die blumen entgegen, reicht mir das buch, w\u00fcnscht mir viel freude damit und schlie\u00dft das fenster wieder.<\/p>\n<p>&nbsp;<\/p>\n<p>&nbsp;<\/p>\n<p style=\"text-align: center;\">***<\/p>\n<p style=\"text-align: justify;\"><strong>Traumnotate<\/strong> von Holger Benkel, KUNO, 2021<\/p>\n<div style=\"width: 186px\" class=\"wp-caption alignleft\"><img loading=\"lazy\" decoding=\"async\" class=\"attachment-266x266\" src=\"http:\/\/www.editiondaslabor.de\/blog\/wp-content\/uploads\/2019\/08\/Goya.jpg\" alt=\"\" width=\"176\" height=\"266\" \/><p class=\"wp-caption-text\">Radierung von Francisco de Goya<\/p><\/div>\n<p style=\"text-align: justify;\">Die Frage nach der besonderen Kompetenz der Dichter f\u00fcr die Sprache und die Botschaft der Tr\u00e4ume wurde durch Siegmund Freud fundamental neu gestellt. Im 21. Jahrhundert ist die Akzeptanz des Tr\u00e4umens und des Tagtr\u00e4umens weitaus gr\u00f6\u00dfer als noch vor hundert Jahren. Tr\u00e4umen wird nicht mehr nur den Schamanen oder Dichter-Sehern, als bedeutsam zugemessen, sondern praktisch jedermann. Gleichwohl wird den Dichtern noch immer eine &#8218;eigene&#8216; Kompetenz auf dem Gebiet des Traums zugesprochen &#8211; Freud sah sie sogar als seine Gew\u00e4hrsm\u00e4nner an, mit Modellanalysen versuchte er diese Kompetenz zu best\u00e4tigen. Die <em>Traumnotate<\/em> von Holger Benkel sind von \u00fcbern\u00e4chtigter, schillernd scharfkantiger Komplexit\u00e4t.<\/p>\n<p style=\"text-align: justify;\"><b>Weiterf\u00fchrend <\/b><b>\u2192<\/b><\/p>\n<p style=\"text-align: justify;\">In einem <a href=\"http:\/\/www.editiondaslabor.de\/blog\/?p=29373\">Kollegengespr\u00e4ch<\/a> ergr\u00fcndeln Holger Benkel und A.J. Weigoni das Wesen der Poesie &#8211; und ihr allm\u00e4hliches Verschwinden. Das erste Kollegengespr\u00e4ch zwischen Holger Benkel und Weigoni finden Sie <a href=\"http:\/\/www.editiondaslabor.de\/blog\/?p=29373\">hier<\/a>.<\/p>\n<p style=\"text-align: justify;\"><strong>Gedanken, die um Ecken biegen<\/strong>, <a href=\"http:\/\/www.editiondaslabor.de\/blog\/?p=10304\">Aphorismen<\/a> von Holger Benkel, Edition Das Labor, M\u00fclheim 2013<\/p>\n<p style=\"text-align: justify;\"><b>Essays<\/b> von Holger Benkel, Edition Das Labor 2014 \u2013 Einen Hinweis auf die in der Edition Das Labor erschienen Essays finden Sie <a href=\"http:\/\/www.editiondaslabor.de\/blog\/?p=21478\">hier<\/a>.\u00a0Auf KUNO portr\u00e4tierte Holger Benkel die <a href=\"http:\/\/www.editiondaslabor.de\/blog\/?p=11282\">Br\u00fcder Grimm<\/a>, <a href=\"http:\/\/www.editiondaslabor.de\/blog\/?p=6837\">Ulrich Bergmann<\/a>, <a href=\"http:\/\/www.editiondaslabor.de\/blog\/?p=11284\">A.J. Weigoni<\/a>, <a href=\"http:\/\/www.editiondaslabor.de\/blog\/?p=11279\">Uwe Albert<\/a>, <a href=\"http:\/\/www.editiondaslabor.de\/blog\/?p=15175\">Andr\u00e9 Schinkel<\/a>, <a href=\"http:\/\/www.editiondaslabor.de\/blog\/?p=15177\">Birgitt Lieberwirth<\/a> und <a href=\"http:\/\/www.editiondaslabor.de\/blog\/?p=15179\">Sabine Kunz<\/a>.<\/p>\n<p style=\"text-align: justify;\"><b>Seelenland<\/b>, <a href=\"http:\/\/www.editiondaslabor.de\/blog\/?p=29369\">Gedichte<\/a> von Holger Benkel<b> <\/b>, Edition Das Labor 2015<\/p>\n<p>&nbsp;<\/p>\n","protected":false},"excerpt":{"rendered":"<p>&nbsp; ich will einen fahrschein nach bitterfeld-wolfen kaufen. am schalter im sch\u00f6nebecker bahnhof sitzt ein mir unbekannter \u00e4lterer herr mit pr\u00e4gnantem gesicht, der fahrkarten verkauft, w\u00e4hrend er leise r\u00e4tselhafte s\u00e4tze spricht. ich gebe ihm das geld. als noch zwei oder&hellip;<\/p>\n<p class=\"more-link-p\"><a class=\"more-link\" href=\"http:\/\/www.editiondaslabor.de\/blog\/2021\/09\/29\/fahrschein\/\">Read more &rarr;<\/a><\/p>\n","protected":false},"author":36,"featured_media":97946,"comment_status":"closed","ping_status":"closed","sticky":false,"template":"","format":"standard","meta":{"footnotes":""},"categories":[1],"tags":[94],"class_list":["post-49552","post","type-post","status-publish","format-standard","has-post-thumbnail","hentry","category-literatur","tag-holger-benkel"],"_links":{"self":[{"href":"http:\/\/www.editiondaslabor.de\/blog\/wp-json\/wp\/v2\/posts\/49552","targetHints":{"allow":["GET"]}}],"collection":[{"href":"http:\/\/www.editiondaslabor.de\/blog\/wp-json\/wp\/v2\/posts"}],"about":[{"href":"http:\/\/www.editiondaslabor.de\/blog\/wp-json\/wp\/v2\/types\/post"}],"author":[{"embeddable":true,"href":"http:\/\/www.editiondaslabor.de\/blog\/wp-json\/wp\/v2\/users\/36"}],"replies":[{"embeddable":true,"href":"http:\/\/www.editiondaslabor.de\/blog\/wp-json\/wp\/v2\/comments?post=49552"}],"version-history":[{"count":1,"href":"http:\/\/www.editiondaslabor.de\/blog\/wp-json\/wp\/v2\/posts\/49552\/revisions"}],"predecessor-version":[{"id":99166,"href":"http:\/\/www.editiondaslabor.de\/blog\/wp-json\/wp\/v2\/posts\/49552\/revisions\/99166"}],"wp:featuredmedia":[{"embeddable":true,"href":"http:\/\/www.editiondaslabor.de\/blog\/wp-json\/wp\/v2\/media\/97946"}],"wp:attachment":[{"href":"http:\/\/www.editiondaslabor.de\/blog\/wp-json\/wp\/v2\/media?parent=49552"}],"wp:term":[{"taxonomy":"category","embeddable":true,"href":"http:\/\/www.editiondaslabor.de\/blog\/wp-json\/wp\/v2\/categories?post=49552"},{"taxonomy":"post_tag","embeddable":true,"href":"http:\/\/www.editiondaslabor.de\/blog\/wp-json\/wp\/v2\/tags?post=49552"}],"curies":[{"name":"wp","href":"https:\/\/api.w.org\/{rel}","templated":true}]}}