{"id":49536,"date":"2021-01-30T00:01:08","date_gmt":"2021-01-29T23:01:08","guid":{"rendered":"http:\/\/www.editiondaslabor.de\/blog\/?p=49536"},"modified":"2021-03-17T12:39:17","modified_gmt":"2021-03-17T11:39:17","slug":"symmetrischer-traum","status":"publish","type":"post","link":"http:\/\/www.editiondaslabor.de\/blog\/2021\/01\/30\/symmetrischer-traum\/","title":{"rendered":"SYMMETRISCHER TRAUM"},"content":{"rendered":"<p>&nbsp;<\/p>\n<p style=\"text-align: justify;\">ich lebe in der w\u00fcste in einem areal von 80 mal 80 metern, das von einer 4 meter hohen mauer umgeben ist. an den mauerseiten wachsen, symmetrisch angeordnet, jeweils 8 b\u00e4ume und 8 hecken, die ich regelm\u00e4\u00dfig bew\u00e4ssere. mein wohnhaus umfa\u00dft 4 mal 4 meter und hat 4 etagen, die k\u00fchle kellergruft, die hauptetage, die dachterrasse, worauf verschiedene gr\u00fcnpflanzen wachsen, und den himmel, der allein dem geist geh\u00f6rt. neben dem haus sind mehrere umz\u00e4unte fl\u00e4chen f\u00fcr blumen und str\u00e4ucher sowie den komposthaufen angelegt, auf dem ich meine k\u00fcchenabf\u00e4lle abkippe. dahinter befinden sich zwei freilandfl\u00e4chen, die der obstundgem\u00fcsezucht dienen. in der hauptetage steht ein gro\u00dfer k\u00fchlschrank voller speisen und getr\u00e4nke, mit denen mich die karawane versorgt, die mein quartier alle 4 wochen passiert, mir \u00fcberdies die post bringt, die mich unter einer schlie\u00dffachnummer erreicht, und im austausch meine eigenen briefe mitnimmt. alles scheint genauestens bedacht und geplant. und ich mache mir nur gedanken, wohin die f\u00e4kalien abgeleitet werden, die ich hinterlasse, wor\u00fcber ich erwache.<\/p>\n<p>&nbsp;<\/p>\n<p>&nbsp;<\/p>\n<p style=\"text-align: center;\">***<\/p>\n<p style=\"text-align: justify;\"><strong>Traumnotate<\/strong> von Holger Benkel, KUNO, 2021<\/p>\n<div style=\"width: 186px\" class=\"wp-caption alignleft\"><img loading=\"lazy\" decoding=\"async\" class=\"attachment-266x266\" src=\"http:\/\/www.editiondaslabor.de\/blog\/wp-content\/uploads\/2019\/08\/Goya.jpg\" alt=\"\" width=\"176\" height=\"266\" \/><p class=\"wp-caption-text\">Radierung von Francisco de Goya<\/p><\/div>\n<p style=\"text-align: justify;\">Die Frage nach der besonderen Kompetenz der Dichter f\u00fcr die Sprache und die Botschaft der Tr\u00e4ume wurde durch Siegmund Freud fundamental neu gestellt. Im 21. Jahrhundert ist die Akzeptanz des Tr\u00e4umens und des Tagtr\u00e4umens weitaus gr\u00f6\u00dfer als noch vor hundert Jahren. Tr\u00e4umen wird nicht mehr nur den Schamanen oder Dichter-Sehern, als bedeutsam zugemessen, sondern praktisch jedermann. Gleichwohl wird den Dichtern noch immer eine &#8218;eigene&#8216; Kompetenz auf dem Gebiet des Traums zugesprochen &#8211; Freud sah sie sogar als seine Gew\u00e4hrsm\u00e4nner an, mit Modellanalysen versuchte er diese Kompetenz zu best\u00e4tigen. Die <em>Traumnotate<\/em> von Holger Benkel sind von \u00fcbern\u00e4chtigter, schillernd scharfkantiger Komplexit\u00e4t.<\/p>\n<p style=\"text-align: justify;\"><b>Weiterf\u00fchrend <\/b><b>\u2192<\/b><\/p>\n<p style=\"text-align: justify;\">In einem <a href=\"http:\/\/www.editiondaslabor.de\/blog\/?p=29373\">Kollegengespr\u00e4ch<\/a> ergr\u00fcndeln Holger Benkel und A.J. Weigoni das Wesen der Poesie &#8211; und ihr allm\u00e4hliches Verschwinden. Das erste Kollegengespr\u00e4ch zwischen Holger Benkel und Weigoni finden Sie <a href=\"http:\/\/www.editiondaslabor.de\/blog\/?p=29373\">hier<\/a>.<\/p>\n<p style=\"text-align: justify;\"><strong>Gedanken, die um Ecken biegen<\/strong>, <a href=\"http:\/\/www.editiondaslabor.de\/blog\/?p=10304\">Aphorismen<\/a> von Holger Benkel, Edition Das Labor, M\u00fclheim 2013<\/p>\n<p style=\"text-align: justify;\"><b>Essays<\/b> von Holger Benkel, Edition Das Labor 2014 \u2013 Einen Hinweis auf die in der Edition Das Labor erschienen Essays finden Sie <a href=\"http:\/\/www.editiondaslabor.de\/blog\/?p=21478\">hier<\/a>.\u00a0Auf KUNO portr\u00e4tierte Holger Benkel die <a href=\"http:\/\/www.editiondaslabor.de\/blog\/?p=11282\">Br\u00fcder Grimm<\/a>, <a href=\"http:\/\/www.editiondaslabor.de\/blog\/?p=6837\">Ulrich Bergmann<\/a>, <a href=\"http:\/\/www.editiondaslabor.de\/blog\/?p=11284\">A.J. Weigoni<\/a>, <a href=\"http:\/\/www.editiondaslabor.de\/blog\/?p=11279\">Uwe Albert<\/a>, <a href=\"http:\/\/www.editiondaslabor.de\/blog\/?p=15175\">Andr\u00e9 Schinkel<\/a>, <a href=\"http:\/\/www.editiondaslabor.de\/blog\/?p=15177\">Birgitt Lieberwirth<\/a> und <a href=\"http:\/\/www.editiondaslabor.de\/blog\/?p=15179\">Sabine Kunz<\/a>.<\/p>\n<p style=\"text-align: justify;\"><b>Seelenland<\/b>, <a href=\"http:\/\/www.editiondaslabor.de\/blog\/?p=29369\">Gedichte<\/a> von Holger Benkel<b> <\/b>, Edition Das Labor 2015<\/p>\n<p>&nbsp;<\/p>\n","protected":false},"excerpt":{"rendered":"<p>&nbsp; ich lebe in der w\u00fcste in einem areal von 80 mal 80 metern, das von einer 4 meter hohen mauer umgeben ist. an den mauerseiten wachsen, symmetrisch angeordnet, jeweils 8 b\u00e4ume und 8 hecken, die ich regelm\u00e4\u00dfig bew\u00e4ssere. mein&hellip;<\/p>\n<p class=\"more-link-p\"><a class=\"more-link\" href=\"http:\/\/www.editiondaslabor.de\/blog\/2021\/01\/30\/symmetrischer-traum\/\">Read more &rarr;<\/a><\/p>\n","protected":false},"author":36,"featured_media":49456,"comment_status":"closed","ping_status":"closed","sticky":false,"template":"","format":"standard","meta":{"footnotes":""},"categories":[1],"tags":[94],"class_list":["post-49536","post","type-post","status-publish","format-standard","has-post-thumbnail","hentry","category-literatur","tag-holger-benkel"],"_links":{"self":[{"href":"http:\/\/www.editiondaslabor.de\/blog\/wp-json\/wp\/v2\/posts\/49536","targetHints":{"allow":["GET"]}}],"collection":[{"href":"http:\/\/www.editiondaslabor.de\/blog\/wp-json\/wp\/v2\/posts"}],"about":[{"href":"http:\/\/www.editiondaslabor.de\/blog\/wp-json\/wp\/v2\/types\/post"}],"author":[{"embeddable":true,"href":"http:\/\/www.editiondaslabor.de\/blog\/wp-json\/wp\/v2\/users\/36"}],"replies":[{"embeddable":true,"href":"http:\/\/www.editiondaslabor.de\/blog\/wp-json\/wp\/v2\/comments?post=49536"}],"version-history":[{"count":0,"href":"http:\/\/www.editiondaslabor.de\/blog\/wp-json\/wp\/v2\/posts\/49536\/revisions"}],"wp:featuredmedia":[{"embeddable":true,"href":"http:\/\/www.editiondaslabor.de\/blog\/wp-json\/"}],"wp:attachment":[{"href":"http:\/\/www.editiondaslabor.de\/blog\/wp-json\/wp\/v2\/media?parent=49536"}],"wp:term":[{"taxonomy":"category","embeddable":true,"href":"http:\/\/www.editiondaslabor.de\/blog\/wp-json\/wp\/v2\/categories?post=49536"},{"taxonomy":"post_tag","embeddable":true,"href":"http:\/\/www.editiondaslabor.de\/blog\/wp-json\/wp\/v2\/tags?post=49536"}],"curies":[{"name":"wp","href":"https:\/\/api.w.org\/{rel}","templated":true}]}}