{"id":49527,"date":"2020-07-30T00:01:00","date_gmt":"2020-07-29T22:01:00","guid":{"rendered":"http:\/\/www.editiondaslabor.de\/blog\/?p=49527"},"modified":"2020-05-26T06:40:08","modified_gmt":"2020-05-26T04:40:08","slug":"unterm-stein-2","status":"publish","type":"post","link":"http:\/\/www.editiondaslabor.de\/blog\/2020\/07\/30\/unterm-stein-2\/","title":{"rendered":"KINO"},"content":{"rendered":"<p>&nbsp;<\/p>\n<p>&nbsp;<\/p>\n<p style=\"text-align: justify;\">ich bin pl\u00f6tzlich in einem kinosaal, worin sich nachfahren, testamentarisch geregelt, pornoaufnahmen ihrer teuren toten anschauen, die zu deren lebzeiten aufgenommen wurden, ja sogar, sofern sie wollen, f\u00fcrs kommerzielle publikum freigeben und daran verdienen k\u00f6nnen. manche betrachten auch ihre mumifizierten verwandten durch vergr\u00f6\u00dferungsgl\u00e4ser und gedenken ihrer derart. \u00bbeinst mu\u00dften die lebenden im abla\u00dfhandel f\u00fcr ihre totenseelen zahlen. heute bringen die k\u00f6rper der verstorbenen ihren kindern und enkeln noch geld. wenn das kein fortschritt ist?\u00ab, meint einer der besucher. \u00bbdann lieber abla\u00df.\u00ab, antworte ich.<\/p>\n<p>&nbsp;<\/p>\n<p>&nbsp;<\/p>\n<p>&nbsp;<\/p>\n<p style=\"text-align: center;\">***<\/p>\n<p style=\"text-align: justify;\"><strong>Traumnotate<\/strong> von Holger Benkel, KUNO, 2020<\/p>\n<div style=\"width: 186px\" class=\"wp-caption alignleft\"><img loading=\"lazy\" decoding=\"async\" class=\"attachment-266x266\" src=\"http:\/\/www.editiondaslabor.de\/blog\/wp-content\/uploads\/2019\/08\/Goya.jpg\" alt=\"\" width=\"176\" height=\"266\"\/><p class=\"wp-caption-text\">Radierung von Francisco de Goya<\/p><\/div>\n<p style=\"text-align: justify;\">Die Frage nach der besonderen Kompetenz der Dichter f\u00fcr die Sprache und die Botschaft der Tr\u00e4ume wurde durch Siegmund Freud fundamental neu gestellt. Im 21. Jahrhundert ist die Akzeptanz des Tr\u00e4umens und des Tagtr\u00e4umens weitaus gr\u00f6\u00dfer als noch vor hundert Jahren. Tr\u00e4umen wird nicht mehr nur den Schamanen oder Dichter-Sehern, als bedeutsam zugemessen, sondern praktisch jedermann. Gleichwohl wird den Dichtern noch immer eine &#8218;eigene&#8216; Kompetenz auf dem Gebiet des Traums zugesprochen &#8211; Freud sah sie sogar als seine Gew\u00e4hrsm\u00e4nner an, mit Modellanalysen versuchte er diese Kompetenz zu best\u00e4tigen. Die <em>Traumnotate<\/em> von Holger Benkel sind von \u00fcbern\u00e4chtigter, schillernd scharfkantiger Komplexit\u00e4t.<\/p>\n<p style=\"text-align: justify;\"><b>Weiterf\u00fchrend <\/b><b>\u2192<\/b><\/p>\n<p style=\"text-align: justify;\">In einem <a href=\"http:\/\/www.editiondaslabor.de\/blog\/?p=29373\">Kollegengespr\u00e4ch<\/a> ergr\u00fcndeln Holger Benkel und A.J. Weigoni das Wesen der Poesie &#8211; und ihr allm\u00e4hliches Verschwinden. Das erste Kollegengespr\u00e4ch zwischen Holger Benkel und Weigoni finden Sie <a href=\"http:\/\/www.editiondaslabor.de\/blog\/?p=29373\">hier<\/a>.<\/p>\n<p style=\"text-align: justify;\"><strong>Gedanken, die um Ecken biegen<\/strong>, <a href=\"http:\/\/www.editiondaslabor.de\/blog\/?p=10304\">Aphorismen<\/a> von Holger Benkel, Edition Das Labor, M\u00fclheim 2013<\/p>\n<p style=\"text-align: justify;\"><b>Essays<\/b> von Holger Benkel, Edition Das Labor 2014 \u2013 Einen Hinweis auf die in der Edition Das Labor erschienen Essays finden Sie <a href=\"http:\/\/www.editiondaslabor.de\/blog\/?p=21478\">hier<\/a>.&nbsp;Auf KUNO portr\u00e4tierte Holger Benkel die <a href=\"http:\/\/www.editiondaslabor.de\/blog\/?p=11282\">Br\u00fcder Grimm<\/a>, <a href=\"http:\/\/www.editiondaslabor.de\/blog\/?p=6837\">Ulrich Bergmann<\/a>, <a href=\"http:\/\/www.editiondaslabor.de\/blog\/?p=11284\">A.J. Weigoni<\/a>, <a href=\"http:\/\/www.editiondaslabor.de\/blog\/?p=11279\">Uwe Albert<\/a>, <a href=\"http:\/\/www.editiondaslabor.de\/blog\/?p=15175\">Andr\u00e9 Schinkel<\/a>, <a href=\"http:\/\/www.editiondaslabor.de\/blog\/?p=15177\">Birgitt Lieberwirth<\/a> und <a href=\"http:\/\/www.editiondaslabor.de\/blog\/?p=15179\">Sabine Kunz<\/a>.<\/p>\n<p style=\"text-align: justify;\"><b>Seelenland<\/b>, <a href=\"http:\/\/www.editiondaslabor.de\/blog\/?p=29369\">Gedichte<\/a> von Holger Benkel<b> <\/b>, Edition Das Labor 2015<\/p>\n","protected":false},"excerpt":{"rendered":"<p>&nbsp; &nbsp; ich bin pl\u00f6tzlich in einem kinosaal, worin sich nachfahren, testamentarisch geregelt, pornoaufnahmen ihrer teuren toten anschauen, die zu deren lebzeiten aufgenommen wurden, ja sogar, sofern sie wollen, f\u00fcrs kommerzielle publikum freigeben und daran verdienen k\u00f6nnen. manche betrachten auch&hellip;<\/p>\n<p class=\"more-link-p\"><a class=\"more-link\" href=\"http:\/\/www.editiondaslabor.de\/blog\/2020\/07\/30\/unterm-stein-2\/\">Read more &rarr;<\/a><\/p>\n","protected":false},"author":36,"featured_media":49456,"comment_status":"closed","ping_status":"closed","sticky":false,"template":"","format":"standard","meta":{"footnotes":""},"categories":[1],"tags":[94],"class_list":["post-49527","post","type-post","status-publish","format-standard","has-post-thumbnail","hentry","category-literatur","tag-holger-benkel"],"_links":{"self":[{"href":"http:\/\/www.editiondaslabor.de\/blog\/wp-json\/wp\/v2\/posts\/49527","targetHints":{"allow":["GET"]}}],"collection":[{"href":"http:\/\/www.editiondaslabor.de\/blog\/wp-json\/wp\/v2\/posts"}],"about":[{"href":"http:\/\/www.editiondaslabor.de\/blog\/wp-json\/wp\/v2\/types\/post"}],"author":[{"embeddable":true,"href":"http:\/\/www.editiondaslabor.de\/blog\/wp-json\/wp\/v2\/users\/36"}],"replies":[{"embeddable":true,"href":"http:\/\/www.editiondaslabor.de\/blog\/wp-json\/wp\/v2\/comments?post=49527"}],"version-history":[{"count":0,"href":"http:\/\/www.editiondaslabor.de\/blog\/wp-json\/wp\/v2\/posts\/49527\/revisions"}],"wp:featuredmedia":[{"embeddable":true,"href":"http:\/\/www.editiondaslabor.de\/blog\/wp-json\/"}],"wp:attachment":[{"href":"http:\/\/www.editiondaslabor.de\/blog\/wp-json\/wp\/v2\/media?parent=49527"}],"wp:term":[{"taxonomy":"category","embeddable":true,"href":"http:\/\/www.editiondaslabor.de\/blog\/wp-json\/wp\/v2\/categories?post=49527"},{"taxonomy":"post_tag","embeddable":true,"href":"http:\/\/www.editiondaslabor.de\/blog\/wp-json\/wp\/v2\/tags?post=49527"}],"curies":[{"name":"wp","href":"https:\/\/api.w.org\/{rel}","templated":true}]}}