{"id":49515,"date":"2020-01-30T00:01:51","date_gmt":"2020-01-29T23:01:51","guid":{"rendered":"http:\/\/www.editiondaslabor.de\/blog\/?p=49515"},"modified":"2020-01-30T05:49:42","modified_gmt":"2020-01-30T04:49:42","slug":"unterm-stein","status":"publish","type":"post","link":"http:\/\/www.editiondaslabor.de\/blog\/2020\/01\/30\/unterm-stein\/","title":{"rendered":"UNTERM STEIN"},"content":{"rendered":"<p style=\"text-align: justify;\">ich laufe an schilf entlang durch einen versumpften wald. pl\u00f6tzlich ragt ein brunnen vor mir auf, der wohl von einer w\u00fcstung \u00fcbrig blieb. ich steige in ihn hinab, ohne recht zu wissen, was ich darin suche. der vertikale abstieg ist bald versperrt und ich mu\u00df horizontal weiterkriechen. dabei habe ich einen schwefligen geruch in der nase, erblicke ein helles, doch sehr fernes licht vor mir und bewege mich an einer z\u00e4he flie\u00dfenden, schmierigen und \u00fcbel riechenden fl\u00fcssigkeit entlang, die sich als abwasser erweist.<\/p>\n<p style=\"text-align: justify;\">im n\u00e4chsten augenblick sehe ich meine organe neben mir pulsieren und begreife, sie haben entweder meinen k\u00f6rper verlassen, oder ich bin, was mir wahrscheinlicher scheint, in ihn versunken. ich beschlie\u00dfe, mich nicht darum zu k\u00fcmmern, und gleite weiter voran. aus den rohren, die mich umgeben, weht mir kalte luft entgegen. da ich \u00fcber mir ich das kreischen von schwalben h\u00f6re, die nahe am erdboden fliegen, um insekten zu fangen, ahne ich, da\u00df ich mich nur knapp unter der erde befinde. ich presse mich gegen die steinplatten und versuche, den boden \u00fcber mir aufzubrechen, was mir nach und nach gelingt. ich schaue nun aus der r\u00f6hre. doch ich kann keine freude dar\u00fcber empfinden. denn w\u00e4hrend ich immer noch festsitze, ragt mein kopf wie eine zielscheibe aus der erde, und ich f\u00fcrchte, jeden moment k\u00f6nne jemand kommen und ihn, der sich \u00fcber meinen k\u00f6rper erhoben hat, kurzerhand abschlagen.<\/p>\n<p style=\"text-align: center;\">***<\/p>\n<p style=\"text-align: justify;\"><strong>Traumnotate<\/strong> von Holger Benkel, KUNO, 2020<\/p>\n<div style=\"width: 186px\" class=\"wp-caption alignleft\"><img loading=\"lazy\" decoding=\"async\" class=\"attachment-266x266\" src=\"http:\/\/www.editiondaslabor.de\/blog\/wp-content\/uploads\/2019\/08\/Goya.jpg\" alt=\"\" width=\"176\" height=\"266\" \/><p class=\"wp-caption-text\">Radierung von Francisco de Goya<\/p><\/div>\n<p style=\"text-align: justify;\">Die Frage nach der besonderen Kompetenz der Dichter f\u00fcr die Sprache und die Botschaft der Tr\u00e4ume wurde durch Siegmund Freud fundamental neu gestellt. Im 21. Jahrhundert ist die Akzeptanz des Tr\u00e4umens und des Tagtr\u00e4umens weitaus gr\u00f6\u00dfer als noch vor hundert Jahren. Tr\u00e4umen wird nicht mehr nur den Schamanen oder Dichter-Sehern als bedeutsam zugemessen, sondern praktisch jedermann. Gleichwohl spricht man den Dichtern noch immer eine &#8218;eigene&#8216; Kompetenz auf dem Gebiet des Traums zu &#8211; Freud sah sie sogar als seine Gew\u00e4hrsm\u00e4nner an, mit Modellanalysen versuchte er diese Kompetenz zu best\u00e4tigen. Die <em>Traumnotate<\/em> von Holger Benkel sind von \u00fcbern\u00e4chtigter, schillernd scharfkantiger Komplexit\u00e4t.<\/p>\n<p class=\"hide-if-no-js\" style=\"text-align: justify;\"><strong>Weiterf\u00fchrend <\/strong><strong>\u2192<\/strong><\/p>\n<p style=\"text-align: justify;\">In einem <a href=\"http:\/\/www.editiondaslabor.de\/blog\/?p=29373\">Kollegengespr\u00e4ch<\/a> ergr\u00fcndeln Holger Benkel und A.J. Weigoni das Wesen der Poesie \u2013 und ihr allm\u00e4hliches Verschwinden. Das erste Kollegengespr\u00e4ch zwischen Holger Benkel und Weigoni finden Sie <a href=\"http:\/\/www.editiondaslabor.de\/blog\/1995\/11\/09\/eine-sprache-finden-ein-deutschdeutscher-dialog\/\">hier<\/a>.<\/p>\n<p style=\"text-align: justify;\"><strong>fliegende wesen<\/strong>, Gedichte von Holger Benkel,\u00a0 erschienen in der Weberknecht-Edition, Magdeburg, 2018 \u2013 Ulrich Bergmann mit einer <a href=\"http:\/\/www.editiondaslabor.de\/blog\/2018\/12\/25\/literarisches-traume\/\">Rezension<\/a> zum aktuellen Band.<\/p>\n<p style=\"text-align: justify;\"><strong>kindheit und kadaver<\/strong>, Gedichte von Holger Benkel, mit Radierungen von Jens Elgner. Verlag Blaue \u00c4pfel, Magdeburg 1995. \u2013 Eine Rezension des ersten Gedichtbandes von Holger Benkel finden Sie<a href=\"http:\/\/www.editiondaslabor.de\/blog\/?p=6898\"> hier<\/a>.<\/p>\n<p style=\"text-align: justify;\"><strong>mei\u00dfelbrut<\/strong>,\u00a0Gedichte von Holger Benkel, mit siebzehn Holzschnitten von Sabine Kunz und einem Nachwort von Volker Drube, Dr. Ziethen Verlag, Oschersleben 2009. \u2013 Eine Rezension finden Sie <a href=\"http:\/\/www.editiondaslabor.de\/blog\/?p=12769\">hier<\/a>. Ulrich Bergmann <a href=\"http:\/\/www.editiondaslabor.de\/blog\/?p=7628\">regte<\/a> der Band zu einer Suche nach der Anderswelt an. Andr\u00e9 Schinkel liest darin <a href=\"http:\/\/www.editiondaslabor.de\/blog\/?p=7591\">Nachrichten aus der Knochenzeit<\/a>.<\/p>\n<p style=\"text-align: justify;\"><b>Seelenland<\/b>, Gedichte von Holger Benkel, Edition Das Labor 2015 \u2013 Benkel beweist als Lyriker in seinem Band <a href=\"http:\/\/www.editiondaslabor.de\/blog\/?p=29369\" target=\"_blank\" rel=\"noopener noreferrer\"><em>Seelenland<\/em><\/a> ein Gesp\u00fcr f\u00fcr das Unvertraute im Vertrauten, das Unheimliche des Allt\u00e4glichen, das Scheinhafte des Realen. Ulrich Bergmann <a href=\"http:\/\/www.editiondaslabor.de\/blog\/?p=32917\">denkt<\/a> \u00fcber den Gedichtband nach.<\/p>\n<p style=\"text-align: justify;\"><strong>Gedanken, die um Ecken biegen<\/strong>, Aphorismen von Holger Benkel, Edition Das Labor, M\u00fclheim 2013 \u2013 Benkels <a href=\"http:\/\/www.editiondaslabor.de\/blog\/?p=10304\"><em>Gedanken, die um Ecken biegen<\/em><\/a> gehen weiter als der geschriebene Text; sie sind kein Ende, sondern ein Anfang. Sie versuchen, diesen kleinen Rest an Sprache etwas aufzuhellen, und wagen es seine R\u00e4nder verstehbar zu machen.<\/p>\n<p style=\"text-align: justify;\"><b>Essays<\/b> von Holger Benkel, Edition Das Labor 2014 \u2013 Einen Hinweis auf die in der Edition Das Labor erschienen Rezensionsessays finden Sie <a href=\"http:\/\/www.editiondaslabor.de\/blog\/?p=21478\">hier<\/a>. Auf KUNO lesen Sie u.a. Rezensionsessays von Holger Benkel \u00fcber die <a href=\"http:\/\/www.editiondaslabor.de\/blog\/?p=11282\">Br\u00fcder Grimm<\/a>, <a href=\"http:\/\/www.editiondaslabor.de\/blog\/?p=6837\">Ulrich Bergmann<\/a>, <a href=\"http:\/\/www.editiondaslabor.de\/blog\/?p=11284\">A.J. Weigoni<\/a>, zur Lyrik von <a href=\"http:\/\/www.editiondaslabor.de\/blog\/2019\/04\/18\/heiterer-sarkasmus\/\">HEL<\/a> = Herbert Laschet Toussaint, <a href=\"http:\/\/www.editiondaslabor.de\/blog\/2018\/09\/08\/sinnlich-fassbare-kunst\/\">Haimo Hieronymus<\/a>, <a href=\"http:\/\/www.editiondaslabor.de\/blog\/?p=11279\">Uwe Albert<\/a>, <a href=\"http:\/\/www.editiondaslabor.de\/blog\/?p=15175\">Andr\u00e9 Schinkel<\/a>, <a href=\"http:\/\/www.editiondaslabor.de\/blog\/2017\/11\/12\/mit-deutschen-untertiteln\/\">Ralph Pordzik<\/a>,\u00a0<a href=\"http:\/\/www.editiondaslabor.de\/blog\/2018\/12\/20\/wohnraeume-der-poesie\/\">Friederike Mayr\u00f6cker<\/a>, <a href=\"http:\/\/www.editiondaslabor.de\/blog\/2017\/03\/19\/welten-gegenwelten\/\">Werner Weimar-Mazur<\/a>, <a href=\"http:\/\/www.editiondaslabor.de\/blog\/2017\/02\/09\/ein-behutsamer-charakter\/\">Holger Uske<\/a>, <a href=\"http:\/\/www.editiondaslabor.de\/blog\/2014\/11\/06\/kritischer-optimismus\/\">Joachim Paul<\/a>, <a href=\"http:\/\/www.editiondaslabor.de\/blog\/2019\/06\/26\/wohnraeume-der-poesie-2\/\">Peter Engstler<\/a>, <a href=\"http:\/\/www.editiondaslabor.de\/blog\/2011\/10\/27\/kranich-2\/\">J\u00fcrgen Diehl<\/a>, <a href=\"http:\/\/www.editiondaslabor.de\/blog\/?p=15177\">Birgitt Lieberwirth<\/a>, <a href=\"http:\/\/www.editiondaslabor.de\/blog\/2019\/08\/17\/der-grill-auf-der-hauswiese-der-welt\/\">Linda Vilhj\u00e1lmsd\u00f3ttir<\/a>, <a href=\"http:\/\/www.editiondaslabor.de\/blog\/?p=15179\">Sabine Kunz<\/a> und <a href=\"http:\/\/www.editiondaslabor.de\/blog\/?p=55005\">Joanna Lisiak<\/a>.<\/p>\n","protected":false},"excerpt":{"rendered":"<p>ich laufe an schilf entlang durch einen versumpften wald. pl\u00f6tzlich ragt ein brunnen vor mir auf, der wohl von einer w\u00fcstung \u00fcbrig blieb. ich steige in ihn hinab, ohne recht zu wissen, was ich darin suche. der vertikale abstieg ist&hellip;<\/p>\n<p class=\"more-link-p\"><a class=\"more-link\" href=\"http:\/\/www.editiondaslabor.de\/blog\/2020\/01\/30\/unterm-stein\/\">Read more &rarr;<\/a><\/p>\n","protected":false},"author":36,"featured_media":49456,"comment_status":"closed","ping_status":"closed","sticky":false,"template":"","format":"standard","meta":{"footnotes":""},"categories":[1],"tags":[94],"class_list":["post-49515","post","type-post","status-publish","format-standard","has-post-thumbnail","hentry","category-literatur","tag-holger-benkel"],"_links":{"self":[{"href":"http:\/\/www.editiondaslabor.de\/blog\/wp-json\/wp\/v2\/posts\/49515","targetHints":{"allow":["GET"]}}],"collection":[{"href":"http:\/\/www.editiondaslabor.de\/blog\/wp-json\/wp\/v2\/posts"}],"about":[{"href":"http:\/\/www.editiondaslabor.de\/blog\/wp-json\/wp\/v2\/types\/post"}],"author":[{"embeddable":true,"href":"http:\/\/www.editiondaslabor.de\/blog\/wp-json\/wp\/v2\/users\/36"}],"replies":[{"embeddable":true,"href":"http:\/\/www.editiondaslabor.de\/blog\/wp-json\/wp\/v2\/comments?post=49515"}],"version-history":[{"count":0,"href":"http:\/\/www.editiondaslabor.de\/blog\/wp-json\/wp\/v2\/posts\/49515\/revisions"}],"wp:featuredmedia":[{"embeddable":true,"href":"http:\/\/www.editiondaslabor.de\/blog\/wp-json\/"}],"wp:attachment":[{"href":"http:\/\/www.editiondaslabor.de\/blog\/wp-json\/wp\/v2\/media?parent=49515"}],"wp:term":[{"taxonomy":"category","embeddable":true,"href":"http:\/\/www.editiondaslabor.de\/blog\/wp-json\/wp\/v2\/categories?post=49515"},{"taxonomy":"post_tag","embeddable":true,"href":"http:\/\/www.editiondaslabor.de\/blog\/wp-json\/wp\/v2\/tags?post=49515"}],"curies":[{"name":"wp","href":"https:\/\/api.w.org\/{rel}","templated":true}]}}