{"id":49401,"date":"2018-11-29T00:01:38","date_gmt":"2018-11-28T23:01:38","guid":{"rendered":"http:\/\/www.editiondaslabor.de\/blog\/?p=49401"},"modified":"2019-01-16T16:39:49","modified_gmt":"2019-01-16T15:39:49","slug":"todesraben","status":"publish","type":"post","link":"http:\/\/www.editiondaslabor.de\/blog\/2018\/11\/29\/todesraben\/","title":{"rendered":"todesraben"},"content":{"rendered":"<p>&nbsp;<\/p>\n<p style=\"text-align: center;\">schlagen ihre schwarzen fl\u00fcgel<\/p>\n<p style=\"text-align: center;\">auf fahnen beginnt die schlacht<\/p>\n<p style=\"text-align: center;\">steigen sie in schw\u00e4rmen nieder<\/p>\n<p style=\"text-align: center;\">hacken sie toten die augen aus<\/p>\n<p style=\"text-align: center;\">denn wer will schon zuschaun<\/p>\n<p style=\"text-align: center;\">beim eignen leichenmahl<\/p>\n<p style=\"text-align: center;\">sind menschen weiter fra\u00df<\/p>\n<p style=\"text-align: center;\">umkreisen raben todesberge<\/p>\n<p style=\"text-align: center;\">schreien sie \u00fcber der h\u00f6hle aus stein<\/p>\n<p style=\"text-align: center;\">lebt noch der begrabene unter der erde<\/p>\n<p style=\"text-align: center;\">holen sie sich seelen fliegen sie voran<\/p>\n<p style=\"text-align: center;\">wenn auferstehn die unerl\u00f6sten<\/p>\n<p style=\"text-align: center;\">die dunkelheit ist \u00e4lter als das licht<\/p>\n<p>&nbsp;<\/p>\n<p>&nbsp;<\/p>\n<p>&nbsp;<\/p>\n<p style=\"text-align: center;\">***<\/p>\n<p style=\"text-align: justify;\"><strong>fliegende wesen<\/strong>, Gedichte von Holger Benkel,&nbsp; erschienen in der Weberknecht-Edition, Magdeburg, 2018<\/p>\n<p style=\"text-align: justify;\"><b>Weiterf\u00fchrend <\/b><b>\u2192<\/b><\/p>\n<p class=\"hide-if-no-js\" style=\"text-align: justify;\"><a class=\"thickbox\" id=\"set-post-thumbnail\" aria-describedby=\"set-post-thumbnail-desc\" href=\"http:\/\/www.editiondaslabor.de\/blog\/wp-admin\/media-upload.php?post_id=49394&amp;type=image&amp;TB_iframe=1\"><img loading=\"lazy\" decoding=\"async\" width=\"206\" height=\"266\" class=\"attachment-266x266 size-266x266 alignleft\" alt=\"\" src=\"http:\/\/www.editiondaslabor.de\/blog\/wp-content\/uploads\/2018\/05\/Cover_fliegende_wesen.jpg\" sizes=\"auto, (max-width: 206px) 100vw, 206px\" srcset=\"http:\/\/www.editiondaslabor.de\/blog\/wp-content\/uploads\/2018\/05\/Cover_fliegende_wesen.jpg 447w, http:\/\/www.editiondaslabor.de\/blog\/wp-content\/uploads\/2018\/05\/Cover_fliegende_wesen-232x300.jpg 232w\"><\/a>In einem <a href=\"http:\/\/www.editiondaslabor.de\/blog\/?p=29373\">Kollegengespr\u00e4ch<\/a> ergr\u00fcndeln Holger Benkel und A.J. Weigoni das Wesen der Poesie &#8211; und ihr allm\u00e4hliches Verschwinden. Das erste Kollegengespr\u00e4ch zwischen Holger Benkel und Weigoni finden Sie <a href=\"http:\/\/www.editiondaslabor.de\/blog\/?p=29373\">hier<\/a>.<\/p>\n<p style=\"text-align: justify;\"><strong>kindheit und kadaver<\/strong>, Gedichte von Holger Benkel, mit Radierungen von Jens Eigner. Verlag Blaue \u00c4pfel, Magdeburg 1995. Eine Rezension des ersten Gedichtbandes von Holger Benkel finden Sie<a href=\"http:\/\/www.editiondaslabor.de\/blog\/?p=6898\"> hier<\/a>.<\/p>\n<p style=\"text-align: justify;\"><strong>mei\u00dfelbrut<\/strong>,&nbsp;Gedichte von Holger Benkel, mit siebzehn Holzschnitten von Sabine Kunz und einem Nachwort von Volker Drube, Dr. Ziethen Verlag, Oschersleben 2009. Eine Rezension finden Sie <a href=\"http:\/\/www.editiondaslabor.de\/blog\/?p=12769\">hier<\/a>.<\/p>\n<p style=\"text-align: justify;\"><strong>Gedanken, die um Ecken biegen<\/strong>, Aphorismen von Holger Benkel, <a href=\"http:\/\/www.editiondaslabor.de\/\">Edition Das Labor<\/a>, M\u00fclheim 2013<\/p>\n<p style=\"text-align: justify;\"><b>Essays<\/b> von Holger Benkel, Edition Das Labor 2014 \u2013 Einen Hinweis auf die in der Edition Das Labor erschienen Essays finden Sie <a href=\"http:\/\/www.editiondaslabor.de\/blog\/?p=21478\">hier<\/a>.&nbsp;Auf KUNO portr\u00e4tierte Holger Benkel die <a href=\"http:\/\/www.editiondaslabor.de\/blog\/?p=11282\">Br\u00fcder Grimm<\/a>, <a href=\"http:\/\/www.editiondaslabor.de\/blog\/?p=6837\">Ulrich Bergmann<\/a>, <a href=\"http:\/\/www.editiondaslabor.de\/blog\/?p=11284\">A.J. Weigoni<\/a>, <a href=\"http:\/\/www.editiondaslabor.de\/blog\/?p=11279\">Uwe Albert<\/a>, <a href=\"http:\/\/www.editiondaslabor.de\/blog\/?p=15175\">Andr\u00e9 Schinkel<\/a>, <a href=\"http:\/\/www.editiondaslabor.de\/blog\/?p=15177\">Birgitt Lieberwirth<\/a> und <a href=\"http:\/\/www.editiondaslabor.de\/blog\/?p=15179\">Sabine Kunz<\/a>.<\/p>\n<p style=\"text-align: justify;\"><b>Seelenland<\/b>, Gedichte von Holger Benkel, Edition Das Labor 2015<\/p>\n<p style=\"text-align: justify;\">Holger Benkel beweist als Lyriker in seinem Band <a href=\"http:\/\/www.editiondaslabor.de\/blog\/?p=29369\" target=\"_blank\" rel=\"noopener\"><em>Seelenland<\/em><\/a> ein Gesp\u00fcr f\u00fcr das Unvertraute im Vertrauten, das Unheimliche des Allt\u00e4glichen, das Scheinhafte des Realen. Sein Beharren auf der ehemals kultischen oder liturgische Funktion der Poesie ist wohltuend.<\/p>\n","protected":false},"excerpt":{"rendered":"<p>&nbsp; schlagen ihre schwarzen fl\u00fcgel auf fahnen beginnt die schlacht steigen sie in schw\u00e4rmen nieder hacken sie toten die augen aus denn wer will schon zuschaun beim eignen leichenmahl sind menschen weiter fra\u00df umkreisen raben todesberge schreien sie \u00fcber der&hellip;<\/p>\n<p class=\"more-link-p\"><a class=\"more-link\" href=\"http:\/\/www.editiondaslabor.de\/blog\/2018\/11\/29\/todesraben\/\">Read more &rarr;<\/a><\/p>\n","protected":false},"author":36,"featured_media":49976,"comment_status":"closed","ping_status":"closed","sticky":false,"template":"","format":"standard","meta":{"footnotes":""},"categories":[1],"tags":[94],"class_list":["post-49401","post","type-post","status-publish","format-standard","has-post-thumbnail","hentry","category-literatur","tag-holger-benkel"],"_links":{"self":[{"href":"http:\/\/www.editiondaslabor.de\/blog\/wp-json\/wp\/v2\/posts\/49401","targetHints":{"allow":["GET"]}}],"collection":[{"href":"http:\/\/www.editiondaslabor.de\/blog\/wp-json\/wp\/v2\/posts"}],"about":[{"href":"http:\/\/www.editiondaslabor.de\/blog\/wp-json\/wp\/v2\/types\/post"}],"author":[{"embeddable":true,"href":"http:\/\/www.editiondaslabor.de\/blog\/wp-json\/wp\/v2\/users\/36"}],"replies":[{"embeddable":true,"href":"http:\/\/www.editiondaslabor.de\/blog\/wp-json\/wp\/v2\/comments?post=49401"}],"version-history":[{"count":0,"href":"http:\/\/www.editiondaslabor.de\/blog\/wp-json\/wp\/v2\/posts\/49401\/revisions"}],"wp:featuredmedia":[{"embeddable":true,"href":"http:\/\/www.editiondaslabor.de\/blog\/wp-json\/"}],"wp:attachment":[{"href":"http:\/\/www.editiondaslabor.de\/blog\/wp-json\/wp\/v2\/media?parent=49401"}],"wp:term":[{"taxonomy":"category","embeddable":true,"href":"http:\/\/www.editiondaslabor.de\/blog\/wp-json\/wp\/v2\/categories?post=49401"},{"taxonomy":"post_tag","embeddable":true,"href":"http:\/\/www.editiondaslabor.de\/blog\/wp-json\/wp\/v2\/tags?post=49401"}],"curies":[{"name":"wp","href":"https:\/\/api.w.org\/{rel}","templated":true}]}}