{"id":49387,"date":"2018-08-10T00:01:29","date_gmt":"2018-08-09T22:01:29","guid":{"rendered":"http:\/\/www.editiondaslabor.de\/blog\/?p=49387"},"modified":"2018-06-28T06:41:09","modified_gmt":"2018-06-28T04:41:09","slug":"fensterszene","status":"publish","type":"post","link":"http:\/\/www.editiondaslabor.de\/blog\/2018\/08\/10\/fensterszene\/","title":{"rendered":"fensterszene"},"content":{"rendered":"<p><strong>\u00a0<\/strong><\/p>\n<p><strong>\u00a0<\/strong><\/p>\n<p><strong>\u00a0<\/strong><\/p>\n<p style=\"text-align: center;\">sitzt feist der papagei<\/p>\n<p style=\"text-align: center;\">im k\u00e4fig seines himmels<\/p>\n<p style=\"text-align: center;\">trinkt er gefangen wein<\/p>\n<p style=\"text-align: center;\">spricht er gern derbe worte<\/p>\n<p style=\"text-align: center;\">f\u00fcttert ihn eine frau fast nackt<\/p>\n<p style=\"text-align: center;\">\u00a0aus einer kokosnu\u00df<\/p>\n<p style=\"text-align: center;\">streicht ihm ihre hand<\/p>\n<p style=\"text-align: center;\">sanft \u00fcbers gefieder<\/p>\n<p style=\"text-align: center;\">verstreut er die k\u00f6rner<\/p>\n<p>&nbsp;<\/p>\n<p>&nbsp;<\/p>\n<p>&nbsp;<\/p>\n<p style=\"text-align: center;\">***<\/p>\n<p style=\"text-align: justify;\"><strong>fliegende wesen<\/strong>, Gedichte von Holger Benkel,\u00a0 erschienen in der Weberknecht-Edition, Magdeburg, 2018<\/p>\n<p class=\"hide-if-no-js\" style=\"text-align: justify;\"><a id=\"set-post-thumbnail\" class=\"thickbox\" href=\"http:\/\/www.editiondaslabor.de\/blog\/wp-admin\/media-upload.php?post_id=49340&amp;type=image&amp;TB_iframe=1\" aria-describedby=\"set-post-thumbnail-desc\"><img loading=\"lazy\" decoding=\"async\" class=\"attachment-266x266 size-266x266 alignleft\" src=\"http:\/\/www.editiondaslabor.de\/blog\/wp-content\/uploads\/2018\/05\/Cover_fliegende_wesen.jpg\" sizes=\"auto, (max-width: 206px) 100vw, 206px\" srcset=\"http:\/\/www.editiondaslabor.de\/blog\/wp-content\/uploads\/2018\/05\/Cover_fliegende_wesen.jpg 447w, http:\/\/www.editiondaslabor.de\/blog\/wp-content\/uploads\/2018\/05\/Cover_fliegende_wesen-232x300.jpg 232w\" alt=\"\" width=\"206\" height=\"266\" \/><\/a><b><\/b><\/p>\n<p style=\"text-align: justify;\">Mit dem Band <em>fliegende wesen<\/em> konnte Holger Benkel seine jahrelange Besch\u00e4ftigung mit der Symbolik der V\u00f6gel und Insekten literarisch anwenden. Der Titel hat etwas doppeldeutiges und meint nicht allein reale Tiere, sondern \u00fcberdies Seelen. Dies pa\u00dft zum Buchtitel seines letzten Gedichtbandes <a href=\"http:\/\/www.editiondaslabor.de\/blog\/?p=29369\"><em>Seelenland<\/em><\/a>. Vor \u00fcber 20 Jahren hei\u00dfen bereits seine Traumnotate <a href=\"http:\/\/www.editiondaslabor.de\/blog\/?p=38311\"><em>Reise im Flug<\/em><\/a>. Die Flugsymbolik folgt der uralten Sehnsucht der Menschen aufzufliegen, die irdische Schwere hinter sich zu lassen und \u00fcberwirkliche Sph\u00e4ren zu erreichen, die der Seele Asyl geben k\u00f6nnen.<\/p>\n<p class=\"hide-if-no-js\" style=\"text-align: justify;\"><b>W<\/b><b>eiterf\u00fchrend <\/b><b>\u2192<\/b><\/p>\n<p style=\"text-align: justify;\">In einem <a href=\"http:\/\/www.editiondaslabor.de\/blog\/?p=29373\">Kollegengespr\u00e4ch<\/a> ergr\u00fcndeln Holger Benkel und A.J. Weigoni das Wesen der Poesie &#8211; und ihr allm\u00e4hliches Verschwinden. Das erste Kollegengespr\u00e4ch zwischen Holger Benkel und Weigoni finden Sie <a href=\"http:\/\/www.editiondaslabor.de\/blog\/?p=29373\">hier<\/a>.<\/p>\n<p style=\"text-align: justify;\"><strong>kindheit und kadaver<\/strong>, Gedichte von Holger Benkel, mit Radierungen von Jens Eigner. Verlag Blaue \u00c4pfel, Magdeburg 1995. &#8211; Eine Rezension des ersten Gedichtbandes von Holger Benkel finden Sie<a href=\"http:\/\/www.editiondaslabor.de\/blog\/?p=6898\"> hier<\/a>.<\/p>\n<p style=\"text-align: justify;\"><strong>mei\u00dfelbrut<\/strong>,\u00a0Gedichte von Holger Benkel, mit siebzehn Holzschnitten von Sabine Kunz und einem Nachwort von Volker Drube, Dr. Ziethen Verlag, Oschersleben 2009. &#8211; Eine Rezension finden Sie <a href=\"http:\/\/www.editiondaslabor.de\/blog\/?p=12769\">hier<\/a>. Ulrich Bergman <a href=\"http:\/\/www.editiondaslabor.de\/blog\/?p=7628\">regte<\/a> der Band zu einer Suche nach der Anderswelt an. Andr\u00e9 Schinkel liest darin <a href=\"http:\/\/www.editiondaslabor.de\/blog\/?p=7591\">Nachrichten aus der Knochenzeit<\/a>.<\/p>\n<p style=\"text-align: justify;\"><strong>Gedanken, die um Ecken biegen<\/strong>, Aphorismen von Holger Benkel, Edition Das Labor, M\u00fclheim 2013 &#8211; Benkels <a href=\"http:\/\/www.editiondaslabor.de\/blog\/?p=10304\"><em>Gedanken, die um Ecken biegen<\/em><\/a> gehen weiter als der geschriebene Text; sie sind kein Ende, sondern ein Anfang. Sie versuchen, diesen kleinen Rest an Sprache etwas aufzuhellen, und wagen es seine R\u00e4nder verstehbar zu machen.<\/p>\n<p style=\"text-align: justify;\"><b>Essays<\/b> von Holger Benkel, Edition Das Labor 2014 &#8211; Einen Hinweis auf die in der Edition Das Labor erschienen Essays finden Sie <a href=\"http:\/\/www.editiondaslabor.de\/blog\/?p=21478\">hier<\/a>.\u00a0Auf KUNO lesen Sie u.a. Essays von Holger Benkel \u00fcber die <a href=\"http:\/\/www.editiondaslabor.de\/blog\/?p=11282\">Br\u00fcder Grimm<\/a>, <a href=\"http:\/\/www.editiondaslabor.de\/blog\/?p=6837\">Ulrich Bergmann<\/a>, <a href=\"http:\/\/www.editiondaslabor.de\/blog\/?p=11284\">A.J. Weigoni<\/a>, <a href=\"http:\/\/www.editiondaslabor.de\/blog\/?p=11279\">Uwe Albert<\/a>, <a href=\"http:\/\/www.editiondaslabor.de\/blog\/?p=15175\">Andr\u00e9 Schinkel<\/a>, <a href=\"http:\/\/www.editiondaslabor.de\/blog\/?p=15177\">Birgitt Lieberwirth<\/a> und <a href=\"http:\/\/www.editiondaslabor.de\/blog\/?p=15179\">Sabine Kunz<\/a>.<\/p>\n<p style=\"text-align: justify;\"><b>Seelenland<\/b>, Gedichte von Holger Benkel, Edition Das Labor 2015 &#8211; Benkel beweist als Lyriker in seinem Band <a href=\"http:\/\/www.editiondaslabor.de\/blog\/?p=29369\" target=\"_blank\" rel=\"noopener\"><em>Seelenland<\/em><\/a> ein Gesp\u00fcr f\u00fcr das Unvertraute im Vertrauten, das Unheimliche des Allt\u00e4glichen, das Scheinhafte des Realen. Ulrich Bergmann <a href=\"http:\/\/www.editiondaslabor.de\/blog\/?p=32917\">denkt<\/a> \u00fcber den Gedichtband nach.<\/p>\n<p>&nbsp;<\/p>\n","protected":false},"excerpt":{"rendered":"<p>\u00a0 \u00a0 \u00a0 sitzt feist der papagei im k\u00e4fig seines himmels trinkt er gefangen wein spricht er gern derbe worte f\u00fcttert ihn eine frau fast nackt \u00a0aus einer kokosnu\u00df streicht ihm ihre hand sanft \u00fcbers gefieder verstreut er die k\u00f6rner&hellip;<\/p>\n<p class=\"more-link-p\"><a class=\"more-link\" href=\"http:\/\/www.editiondaslabor.de\/blog\/2018\/08\/10\/fensterszene\/\">Read more &rarr;<\/a><\/p>\n","protected":false},"author":36,"featured_media":49976,"comment_status":"closed","ping_status":"closed","sticky":false,"template":"","format":"standard","meta":{"footnotes":""},"categories":[1],"tags":[94],"class_list":["post-49387","post","type-post","status-publish","format-standard","has-post-thumbnail","hentry","category-literatur","tag-holger-benkel"],"_links":{"self":[{"href":"http:\/\/www.editiondaslabor.de\/blog\/wp-json\/wp\/v2\/posts\/49387","targetHints":{"allow":["GET"]}}],"collection":[{"href":"http:\/\/www.editiondaslabor.de\/blog\/wp-json\/wp\/v2\/posts"}],"about":[{"href":"http:\/\/www.editiondaslabor.de\/blog\/wp-json\/wp\/v2\/types\/post"}],"author":[{"embeddable":true,"href":"http:\/\/www.editiondaslabor.de\/blog\/wp-json\/wp\/v2\/users\/36"}],"replies":[{"embeddable":true,"href":"http:\/\/www.editiondaslabor.de\/blog\/wp-json\/wp\/v2\/comments?post=49387"}],"version-history":[{"count":0,"href":"http:\/\/www.editiondaslabor.de\/blog\/wp-json\/wp\/v2\/posts\/49387\/revisions"}],"wp:featuredmedia":[{"embeddable":true,"href":"http:\/\/www.editiondaslabor.de\/blog\/wp-json\/"}],"wp:attachment":[{"href":"http:\/\/www.editiondaslabor.de\/blog\/wp-json\/wp\/v2\/media?parent=49387"}],"wp:term":[{"taxonomy":"category","embeddable":true,"href":"http:\/\/www.editiondaslabor.de\/blog\/wp-json\/wp\/v2\/categories?post=49387"},{"taxonomy":"post_tag","embeddable":true,"href":"http:\/\/www.editiondaslabor.de\/blog\/wp-json\/wp\/v2\/tags?post=49387"}],"curies":[{"name":"wp","href":"https:\/\/api.w.org\/{rel}","templated":true}]}}