{"id":49381,"date":"2018-07-30T00:01:28","date_gmt":"2018-07-29T22:01:28","guid":{"rendered":"http:\/\/www.editiondaslabor.de\/blog\/?p=49381"},"modified":"2018-07-28T21:43:45","modified_gmt":"2018-07-28T19:43:45","slug":"kriegsvogel","status":"publish","type":"post","link":"http:\/\/www.editiondaslabor.de\/blog\/2018\/07\/30\/kriegsvogel\/","title":{"rendered":"kriegsvogel"},"content":{"rendered":"<p>&nbsp;<\/p>\n<p>&nbsp;<\/p>\n<p style=\"text-align: center;\">wirft ein feldherr einen adler<\/p>\n<p style=\"text-align: center;\">mit krummen klauen<\/p>\n<p style=\"text-align: center;\">und gespreizten fl\u00fcgeln<\/p>\n<p style=\"text-align: center;\">in die scharen des gegners<\/p>\n<p style=\"text-align: center;\">str\u00e4uben sich die nackenfedern<\/p>\n<p style=\"text-align: center;\">blitzen die augen folgt das heer<\/p>\n<p style=\"text-align: center;\">liegt der vogel nach der schlacht<\/p>\n<p style=\"text-align: center;\">\u00a0verendet unter der erde<\/p>\n<p style=\"text-align: center;\">\u00a0gr\u00e4bt man ihn sp\u00e4ter wieder aus<\/p>\n<p style=\"text-align: center;\">fliegt klagend sein skelett auf<\/p>\n<p style=\"text-align: center;\">scharrt es im grabh\u00fcgel<\/p>\n<p style=\"text-align: center;\">die gebeine seines herrn hervor<\/p>\n<p>&nbsp;<\/p>\n<p>&nbsp;<\/p>\n<p>&nbsp;<\/p>\n<p>&nbsp;<\/p>\n<p style=\"text-align: center;\">***<\/p>\n<p style=\"text-align: justify;\"><strong>fliegende wesen<\/strong>, Gedichte von Holger Benkel,\u00a0 erschienen in der Weberknecht-Edition, Magdeburg, 2018<\/p>\n<p class=\"hide-if-no-js\" style=\"text-align: justify;\"><a id=\"set-post-thumbnail\" class=\"thickbox\" href=\"http:\/\/www.editiondaslabor.de\/blog\/wp-admin\/media-upload.php?post_id=49340&amp;type=image&amp;TB_iframe=1\" aria-describedby=\"set-post-thumbnail-desc\"><img loading=\"lazy\" decoding=\"async\" class=\"attachment-266x266 size-266x266 alignleft\" src=\"http:\/\/www.editiondaslabor.de\/blog\/wp-content\/uploads\/2018\/05\/Cover_fliegende_wesen.jpg\" sizes=\"auto, (max-width: 206px) 100vw, 206px\" srcset=\"http:\/\/www.editiondaslabor.de\/blog\/wp-content\/uploads\/2018\/05\/Cover_fliegende_wesen.jpg 447w, http:\/\/www.editiondaslabor.de\/blog\/wp-content\/uploads\/2018\/05\/Cover_fliegende_wesen-232x300.jpg 232w\" alt=\"\" width=\"206\" height=\"266\" \/><\/a><b><\/b><\/p>\n<p style=\"text-align: justify;\">Mit dem Band <em>fliegende wesen<\/em> konnte Holger Benkel seine jahrelange Besch\u00e4ftigung mit der Symbolik der V\u00f6gel und Insekten literarisch anwenden. Der Titel hat etwas doppeldeutiges und meint nicht allein reale Tiere, sondern \u00fcberdies Seelen. Dies pa\u00dft zum Buchtitel seines letzten Gedichtbandes <a href=\"http:\/\/www.editiondaslabor.de\/blog\/?p=29369\"><em>Seelenland<\/em><\/a>. Vor \u00fcber 20 Jahren hei\u00dfen bereits seine Traumnotate <a href=\"http:\/\/www.editiondaslabor.de\/blog\/?p=38311\"><em>Reise im Flug<\/em><\/a>. Die Flugsymbolik folgt der uralten Sehnsucht der Menschen aufzufliegen, die irdische Schwere hinter sich zu lassen und \u00fcberwirkliche Sph\u00e4ren zu erreichen, die der Seele Aysl geben k\u00f6nnen.<\/p>\n<p class=\"hide-if-no-js\" style=\"text-align: justify;\"><b>W<\/b><b>eiterf\u00fchrend <\/b><b>\u2192<\/b><\/p>\n<p style=\"text-align: justify;\">In einem <a href=\"http:\/\/www.editiondaslabor.de\/blog\/?p=29373\">Kollegengespr\u00e4ch<\/a> ergr\u00fcndeln Holger Benkel und A.J. Weigoni das Wesen der Poesie &#8211; und ihr allm\u00e4hliches Verschwinden. Das erste Kollegengespr\u00e4ch zwischen Holger Benkel und Weigoni finden Sie <a href=\"http:\/\/www.editiondaslabor.de\/blog\/?p=29373\">hier<\/a>.<\/p>\n<p style=\"text-align: justify;\"><strong>kindheit und kadaver<\/strong>, Gedichte von Holger Benkel, mit Radierungen von Jens Eigner. Verlag Blaue \u00c4pfel, Magdeburg 1995. Eine Rezension des ersten Gedichtbandes von Holger Benkel finden Sie<a href=\"http:\/\/www.editiondaslabor.de\/blog\/?p=6898\"> hier<\/a>.<\/p>\n<p style=\"text-align: justify;\"><strong>mei\u00dfelbrut<\/strong>,\u00a0Gedichte von Holger Benkel, mit siebzehn Holzschnitten von Sabine Kunz und einem Nachwort von Volker Drube, Dr. Ziethen Verlag, Oschersleben 2009. Eine Rezension finden Sie <a href=\"http:\/\/www.editiondaslabor.de\/blog\/?p=12769\">hier<\/a>.<\/p>\n<p style=\"text-align: justify;\"><strong>Gedanken, die um Ecken biegen<\/strong>, Aphorismen von Holger Benkel, <a href=\"http:\/\/www.editiondaslabor.de\/\">Edition Das Labor<\/a>, M\u00fclheim 2013<\/p>\n<p style=\"text-align: justify;\"><b>Essays<\/b> von Holger Benkel, Edition Das Labor 2014 &#8211; Einen Hinweis auf die in der Edition Das Labor erschienen Essays finden Sie <a href=\"http:\/\/www.editiondaslabor.de\/blog\/?p=21478\">hier<\/a>.\u00a0Auf KUNO portr\u00e4tierte Holger Benkel die <a href=\"http:\/\/www.editiondaslabor.de\/blog\/?p=11282\">Br\u00fcder Grimm<\/a>, <a href=\"http:\/\/www.editiondaslabor.de\/blog\/?p=6837\">Ulrich Bergmann<\/a>, <a href=\"http:\/\/www.editiondaslabor.de\/blog\/?p=11284\">A.J. Weigoni<\/a>, <a href=\"http:\/\/www.editiondaslabor.de\/blog\/?p=11279\">Uwe Albert<\/a>, <a href=\"http:\/\/www.editiondaslabor.de\/blog\/?p=15175\">Andr\u00e9 Schinkel<\/a>, <a href=\"http:\/\/www.editiondaslabor.de\/blog\/?p=15177\">Birgitt Lieberwirth<\/a> und <a href=\"http:\/\/www.editiondaslabor.de\/blog\/?p=15179\">Sabine Kunz<\/a>.<\/p>\n<p style=\"text-align: justify;\"><b>Seelenland<\/b>, Gedichte von Holger Benkel, Edition Das Labor 2015 &#8211; Benkel beweist als Lyriker in seinem Band <a href=\"http:\/\/www.editiondaslabor.de\/blog\/?p=29369\" target=\"_blank\" rel=\"noopener\"><em>Seelenland<\/em><\/a> ein Gesp\u00fcr f\u00fcr das Unvertraute im Vertrauten, das Unheimliche des Allt\u00e4glichen, das Scheinhafte des Realen.<\/p>\n","protected":false},"excerpt":{"rendered":"<p>&nbsp; &nbsp; wirft ein feldherr einen adler mit krummen klauen und gespreizten fl\u00fcgeln in die scharen des gegners str\u00e4uben sich die nackenfedern blitzen die augen folgt das heer liegt der vogel nach der schlacht \u00a0verendet unter der erde \u00a0gr\u00e4bt man&hellip;<\/p>\n<p class=\"more-link-p\"><a class=\"more-link\" href=\"http:\/\/www.editiondaslabor.de\/blog\/2018\/07\/30\/kriegsvogel\/\">Read more &rarr;<\/a><\/p>\n","protected":false},"author":36,"featured_media":49976,"comment_status":"closed","ping_status":"closed","sticky":false,"template":"","format":"standard","meta":{"footnotes":""},"categories":[1],"tags":[94],"class_list":["post-49381","post","type-post","status-publish","format-standard","has-post-thumbnail","hentry","category-literatur","tag-holger-benkel"],"_links":{"self":[{"href":"http:\/\/www.editiondaslabor.de\/blog\/wp-json\/wp\/v2\/posts\/49381","targetHints":{"allow":["GET"]}}],"collection":[{"href":"http:\/\/www.editiondaslabor.de\/blog\/wp-json\/wp\/v2\/posts"}],"about":[{"href":"http:\/\/www.editiondaslabor.de\/blog\/wp-json\/wp\/v2\/types\/post"}],"author":[{"embeddable":true,"href":"http:\/\/www.editiondaslabor.de\/blog\/wp-json\/wp\/v2\/users\/36"}],"replies":[{"embeddable":true,"href":"http:\/\/www.editiondaslabor.de\/blog\/wp-json\/wp\/v2\/comments?post=49381"}],"version-history":[{"count":0,"href":"http:\/\/www.editiondaslabor.de\/blog\/wp-json\/wp\/v2\/posts\/49381\/revisions"}],"wp:featuredmedia":[{"embeddable":true,"href":"http:\/\/www.editiondaslabor.de\/blog\/wp-json\/"}],"wp:attachment":[{"href":"http:\/\/www.editiondaslabor.de\/blog\/wp-json\/wp\/v2\/media?parent=49381"}],"wp:term":[{"taxonomy":"category","embeddable":true,"href":"http:\/\/www.editiondaslabor.de\/blog\/wp-json\/wp\/v2\/categories?post=49381"},{"taxonomy":"post_tag","embeddable":true,"href":"http:\/\/www.editiondaslabor.de\/blog\/wp-json\/wp\/v2\/tags?post=49381"}],"curies":[{"name":"wp","href":"https:\/\/api.w.org\/{rel}","templated":true}]}}