{"id":49108,"date":"2012-03-18T00:01:32","date_gmt":"2012-03-17T23:01:32","guid":{"rendered":"http:\/\/www.editiondaslabor.de\/blog\/?p=49108"},"modified":"2024-03-21T06:08:12","modified_gmt":"2024-03-21T05:08:12","slug":"ghosttraxxx","status":"publish","type":"post","link":"http:\/\/www.editiondaslabor.de\/blog\/2012\/03\/18\/ghosttraxxx\/","title":{"rendered":"GhostTraXXX"},"content":{"rendered":"<p>&nbsp;<\/p>\n<p style=\"text-align: justify;\">Die GhostTraXXX stellen die innere und \u00e4u\u00dfere Reise des Fl\u00fcchtlings auf zwei Axen dar, die paradigmatische Axe der Simultanit\u00e4t \u2013 das Innere \u2013 und die syntagmatische der Chronologie \u2013 das \u00c4u\u00dfere \u2013 deren \u00dcberschneidung \u2013 laut Roman Jakobson \u2013 die poetische Umsetzung der Idee erzeugt.<\/p>\n<p class=\"fliesstext1\" style=\"text-align: justify;\">Jede Reise l\u00f6st nach aussen und nach innen eine vielschichtige Metamorphose aus.<\/p>\n<p class=\"fliesstext1\" style=\"text-align: justify;\">Sie wird als berauschender Sinnes\u2013 und Geisteswirbel wahrgenommen.<\/p>\n<p class=\"fliesstext1\" style=\"text-align: justify;\">Jede Reise ist der immer wieder vergegenw\u00e4rtigte Ausdruck \u2013 in einer sich immer wieder ver\u00e4ndernden Form \u2013 der urspr\u00fcnglichen Questa, der Suche nach dem Absoluten, die das Menchensein pr\u00e4gt.<\/p>\n<p class=\"fliesstext1\" style=\"text-align: justify;\">So wird jede Reise zum Symbol der Bereitschaft, sich der Unendlichkeit und Vielfalt der Existenz zu \u00f6ffnen. Sich als deren zeitweiligen Tr\u00e4ger zu erkennen und sie bei der Ausf\u00fchrung dieser existentiellen Aufgabe zu bestimmen.<\/p>\n<p class=\"fliesstext1\" style=\"text-align: justify;\">GhostTraXXX ist die polyphone lautpoetische Reise ins Innere und \u00c4u\u00dfere eines einzelnen Schicksals, dessen Entwicklung sich in der Abwechslung der Sprachen und deren inhaltlicher Semiotik nachvollziehen l\u00e4\u00dft.<\/p>\n<p class=\"flnoindnt\">Die Stufen der zu illustrierenden Questa lauten:<\/p>\n<p class=\"flnoindnt\">\u2013 Verzweiflung, \u2013 aus diesem Grunde scheinbare Kapitulation;<br \/>\n\u2013 \u00dcberlebenswillen, \u2013 infolgedessen Rebellion und Flucht;<br \/>\n\u2013 Erlernen des geistlichen Freiatems, \u2013 somit wiedereroberte Freiheit;<br \/>\n\u2013 Wahrnehmung des K\u00f6rpers, \u2013 zwecks Sinnesgenuss,<br \/>\n\u2013 Vollendung der Reise mit dem Bewusstsein, das Ich sei das sch\u00f6pfungsf\u00e4hige, einheitliche Zentrum des Wirbels, von dem aus sich alle Abenteuer entwirren lassen k\u00f6nnen.<\/p>\n<p class=\"flnoindnt\" style=\"text-align: justify;\">Der &#8222;Ausgangsort&#8220; ist der Kopf \/ die deutsche Sprache, wo auch unsere Reise als Autoren begann. Auf der inneren (k\u00f6rperlichen) \/ \u00e4u\u00dferen (sprachlichen) Karte vermerken die weiteren &#8222;Anhaltsorte&#8220; (Herz \/ Rum\u00e4nisch, \u2013 Lungen \/ Englisch, \u2013 Bauch \/ Italienisch, \u2013 Mutterleib \/ Franz\u00f6sisch) die Offenbarungen, die das archetypale, deshalb androgyne Ich (Frauen\u2013 und M\u00e4nnerstimmen zugleich) w\u00e4hrend seiner sich doppelt auswirkenden Reise erlebt.<\/p>\n<p class=\"fliesstext1\" style=\"text-align: justify;\">Als Alter Ego der deutschen Stimme, vollzieht unser Fl\u00fcchtling die Evasion \/ Emanzipation, die sich sein Sch\u00f6pfer \u2013 der Kopf \u2013 f\u00fcr ihn ausdenkt.<\/p>\n<p class=\"fliesstext1\" style=\"text-align: justify;\">Er verl\u00e4\u00dft ein Land unter Diktatur und reist durch Europa. Jedes neue Land und jede neue Sprache f\u00fchren ihn einen Schritt n\u00e4her zur Erkenntnis. Von Einsamkeit zu Gemeinschaft, von scheinbarer Sinnlosigkeit des isolierten Daseins, zu verborgenheits\u2013 und vertrauensschenkendem Sinn der Zugeh\u00f6rigkeit.<\/p>\n<p class=\"fliesstext1\" style=\"text-align: justify;\">GhostTraXXX ist die dichterische Verschw\u00f6rung einer Utopie und ein zuf\u00e4lliger Knoten in ihrem nichtendenden Gewirk.<\/p>\n<p>&nbsp;<\/p>\n<p>&nbsp;<\/p>\n<p style=\"text-align: center;\">***<\/p>\n<p style=\"text-align: justify;\"><strong>GhostTraXXX<\/strong>, von A.J. Weigoni. Komposition: Frank Michaelis, Tom T\u00e4ger. Regie: Ioona Rauschan.<\/p>\n<div id=\"attachment_105157\" style=\"width: 310px\" class=\"wp-caption alignleft\"><img loading=\"lazy\" decoding=\"async\" aria-describedby=\"caption-attachment-105157\" class=\"wp-image-105157 size-medium\" src=\"http:\/\/www.editiondaslabor.de\/blog\/wp-content\/uploads\/2012\/03\/ghosttraxxx-300x206.jpg\" alt=\"\" width=\"300\" height=\"206\" \/><p id=\"caption-attachment-105157\" class=\"wp-caption-text\">Photo-Copy von Dirk Peuser<\/p><\/div>\n<p class=\"hide-if-no-js\" style=\"text-align: justify;\">Zusammen mit Ioona Rauschan war der H\u00f6rspielautor A. J. Weigoni 1999 Gast im &#8222;Klangturm St. P\u00f6lten&#8220;, einer Klangkunsteinrichtung in Ober\u00f6sterreich. Aus der Klanginstallation gestaltete er ein Radiokunstst\u00fcck.<\/p>\n<p style=\"text-align: justify;\">Ausgestrahlt vom Sender Freies Berlin \/ Ostdeutscher Rundfunk Brandenburg<\/p>\n<p style=\"text-align: justify;\"><strong>Weiterf\u00fchrend<\/strong> \u2192 Die <strong>GhostTraXXX<\/strong> sind <a href=\"http:\/\/www.vordenker.de\/taeger\/ghosttraxxx.htm\">zu h\u00f6ren<\/a> auf MetaPhon. \u00dcber die Textonologie, eine Einf\u00fchrung zu <a href=\"http:\/\/www.editiondaslabor.de\/blog\/2011\/01\/09\/happy-new-ears\/\">MetaPhon<\/a>.<\/p>\n","protected":false},"excerpt":{"rendered":"<p>&nbsp; Die GhostTraXXX stellen die innere und \u00e4u\u00dfere Reise des Fl\u00fcchtlings auf zwei Axen dar, die paradigmatische Axe der Simultanit\u00e4t \u2013 das Innere \u2013 und die syntagmatische der Chronologie \u2013 das \u00c4u\u00dfere \u2013 deren \u00dcberschneidung \u2013 laut Roman Jakobson \u2013&hellip;<\/p>\n<p class=\"more-link-p\"><a class=\"more-link\" href=\"http:\/\/www.editiondaslabor.de\/blog\/2012\/03\/18\/ghosttraxxx\/\">Read more &rarr;<\/a><\/p>\n","protected":false},"author":195,"featured_media":105157,"comment_status":"closed","ping_status":"closed","sticky":false,"template":"","format":"standard","meta":{"footnotes":""},"categories":[1],"tags":[628,69,1836,1152,36,35],"class_list":["post-49108","post","type-post","status-publish","format-standard","has-post-thumbnail","hentry","category-literatur","tag-a-j-weigoni","tag-birgit-jensen","tag-dirk-peuser","tag-frank-michaelis","tag-ioona-rauschan","tag-tom-tager"],"_links":{"self":[{"href":"http:\/\/www.editiondaslabor.de\/blog\/wp-json\/wp\/v2\/posts\/49108","targetHints":{"allow":["GET"]}}],"collection":[{"href":"http:\/\/www.editiondaslabor.de\/blog\/wp-json\/wp\/v2\/posts"}],"about":[{"href":"http:\/\/www.editiondaslabor.de\/blog\/wp-json\/wp\/v2\/types\/post"}],"author":[{"embeddable":true,"href":"http:\/\/www.editiondaslabor.de\/blog\/wp-json\/wp\/v2\/users\/195"}],"replies":[{"embeddable":true,"href":"http:\/\/www.editiondaslabor.de\/blog\/wp-json\/wp\/v2\/comments?post=49108"}],"version-history":[{"count":4,"href":"http:\/\/www.editiondaslabor.de\/blog\/wp-json\/wp\/v2\/posts\/49108\/revisions"}],"predecessor-version":[{"id":105361,"href":"http:\/\/www.editiondaslabor.de\/blog\/wp-json\/wp\/v2\/posts\/49108\/revisions\/105361"}],"wp:featuredmedia":[{"embeddable":true,"href":"http:\/\/www.editiondaslabor.de\/blog\/wp-json\/wp\/v2\/media\/105157"}],"wp:attachment":[{"href":"http:\/\/www.editiondaslabor.de\/blog\/wp-json\/wp\/v2\/media?parent=49108"}],"wp:term":[{"taxonomy":"category","embeddable":true,"href":"http:\/\/www.editiondaslabor.de\/blog\/wp-json\/wp\/v2\/categories?post=49108"},{"taxonomy":"post_tag","embeddable":true,"href":"http:\/\/www.editiondaslabor.de\/blog\/wp-json\/wp\/v2\/tags?post=49108"}],"curies":[{"name":"wp","href":"https:\/\/api.w.org\/{rel}","templated":true}]}}