{"id":48852,"date":"2020-10-22T00:01:00","date_gmt":"2020-10-21T22:01:00","guid":{"rendered":"http:\/\/www.editiondaslabor.de\/blog\/?p=48852"},"modified":"2020-10-18T13:47:51","modified_gmt":"2020-10-18T11:47:51","slug":"kaiserpanorama-10","status":"publish","type":"post","link":"http:\/\/www.editiondaslabor.de\/blog\/2020\/10\/22\/kaiserpanorama-10\/","title":{"rendered":"KAISERPANORAMA"},"content":{"rendered":"<p style=\"text-align: right;\"><span style=\"color: #999999;\">Reise durch die Deutsche Inflation<\/span><\/p>\n<p>&nbsp;<\/p>\n<p style=\"text-align: justify;\">X.<br \/>\nAus den Dingen schwindet die W\u00e4rme. Die Gegenst\u00e4nde des t\u00e4glichen Gebrauchs sto\u00dfen den Menschen sacht aber beharrlich von sich ab. In summa hat er tagt\u00e4glich mit der \u00dcberwindung der geheimen Widerst\u00e4nde und nicht etwa nur der offenen -, die sie ihm entgegensetzen, eine ungeheure Arbeit zu leisten. Ihre K\u00e4lte mu\u00df er mit der eigenen W\u00e4rme ausgleichen, um nicht an ihnen zu erstarren und ihre Stacheln mit unendlicher Geschicklichkeit anfassen, um nicht an ihnen zu verbluten. Von seinen Nebenmenschen erwarte er keine Hilfe. Schaffner, Beamte, Handwerker und Verk\u00e4ufer &#8211; sie alle f\u00fchlen sich als Vertreter einer aufs\u00e4ssigen Materie, deren Gef\u00e4hrlichkeit sie durch die eigene Rohheit ins Licht zu setzen bestrebt sind. Und der Entartung der Dinge, mit welcher sie, dem menschlichen Verfalle folgend, ihn z\u00fcchtigen, ist selbst das Land verschworen. Es zehrt am Menschen wie die Dinge, und der ewig ausbleibende deutsche Fr\u00fchling ist nur eine unter zahllosen verwandten Erscheinungen der sich zersetzenden deutschen Natur. In ihr lebt man, als sei der Druck der Lufts\u00e4ule, dessen Gewicht jeder tr\u00e4gt, wider alles Gesetz in diesen Landstrichen pl\u00f6tzlich f\u00fchlbar geworden.<\/p>\n<p>&nbsp;<\/p>\n<p style=\"text-align: center;\">***<\/p>\n<div style=\"width: 276px\" class=\"wp-caption alignleft\"><a id=\"set-post-thumbnail\" class=\"thickbox\" href=\"http:\/\/www.editiondaslabor.de\/blog\/wp-admin\/media-upload.php?post_id=48828&amp;type=image&amp;TB_iframe=1\" aria-describedby=\"set-post-thumbnail-desc\"><img loading=\"lazy\" decoding=\"async\" class=\"attachment-266x266\" src=\"http:\/\/www.editiondaslabor.de\/blog\/wp-content\/uploads\/2020\/01\/Kaiserpanorama_Prater.jpg\" sizes=\"auto, (max-width: 266px) 100vw, 266px\" srcset=\"http:\/\/www.editiondaslabor.de\/blog\/wp-content\/uploads\/2020\/01\/Kaiserpanorama_Prater.jpg 444w, http:\/\/www.editiondaslabor.de\/blog\/wp-content\/uploads\/2020\/01\/Kaiserpanorama_Prater-300x216.jpg 300w\" alt=\"\" width=\"266\" height=\"192\" \/><\/a><p class=\"wp-caption-text\">Ein Stereoskop im Wiener Praterkino &#8222;Kaiserpanorama&#8220; um 1900. Originalfoto im Besitz des Filmarchiv Austria<\/p><\/div>\n<p style=\"text-align: justify;\">Als Kaiserpanorama bezeichnet man ein um die Wende zum 20. Jahrhundert popul\u00e4res Massenmedium, das es bis zu 25 Personen gleichzeitig erm\u00f6glichte, stereoskopische Bilderserien durch ein Guckloch zu betrachten. Gezeigt wurden haupts\u00e4chlich exotische und f\u00fcr den Normalb\u00fcrger unerschwingliche Reiseziele und Landschaften. Ein Umlauf der hinter einer zylindrischen Holzvert\u00e4felung automatisch im Kreis transportierten Bildserien dauerte eine halbe Stunde.<\/p>\n","protected":false},"excerpt":{"rendered":"<p>Reise durch die Deutsche Inflation &nbsp; X. Aus den Dingen schwindet die W\u00e4rme. Die Gegenst\u00e4nde des t\u00e4glichen Gebrauchs sto\u00dfen den Menschen sacht aber beharrlich von sich ab. In summa hat er tagt\u00e4glich mit der \u00dcberwindung der geheimen Widerst\u00e4nde und nicht&hellip;<\/p>\n<p class=\"more-link-p\"><a class=\"more-link\" href=\"http:\/\/www.editiondaslabor.de\/blog\/2020\/10\/22\/kaiserpanorama-10\/\">Read more &rarr;<\/a><\/p>\n","protected":false},"author":72,"featured_media":48907,"comment_status":"closed","ping_status":"closed","sticky":false,"template":"","format":"standard","meta":{"footnotes":""},"categories":[1],"tags":[428],"class_list":["post-48852","post","type-post","status-publish","format-standard","has-post-thumbnail","hentry","category-literatur","tag-walter-benjamin"],"_links":{"self":[{"href":"http:\/\/www.editiondaslabor.de\/blog\/wp-json\/wp\/v2\/posts\/48852","targetHints":{"allow":["GET"]}}],"collection":[{"href":"http:\/\/www.editiondaslabor.de\/blog\/wp-json\/wp\/v2\/posts"}],"about":[{"href":"http:\/\/www.editiondaslabor.de\/blog\/wp-json\/wp\/v2\/types\/post"}],"author":[{"embeddable":true,"href":"http:\/\/www.editiondaslabor.de\/blog\/wp-json\/wp\/v2\/users\/72"}],"replies":[{"embeddable":true,"href":"http:\/\/www.editiondaslabor.de\/blog\/wp-json\/wp\/v2\/comments?post=48852"}],"version-history":[{"count":0,"href":"http:\/\/www.editiondaslabor.de\/blog\/wp-json\/wp\/v2\/posts\/48852\/revisions"}],"wp:featuredmedia":[{"embeddable":true,"href":"http:\/\/www.editiondaslabor.de\/blog\/wp-json\/"}],"wp:attachment":[{"href":"http:\/\/www.editiondaslabor.de\/blog\/wp-json\/wp\/v2\/media?parent=48852"}],"wp:term":[{"taxonomy":"category","embeddable":true,"href":"http:\/\/www.editiondaslabor.de\/blog\/wp-json\/wp\/v2\/categories?post=48852"},{"taxonomy":"post_tag","embeddable":true,"href":"http:\/\/www.editiondaslabor.de\/blog\/wp-json\/wp\/v2\/tags?post=48852"}],"curies":[{"name":"wp","href":"https:\/\/api.w.org\/{rel}","templated":true}]}}