{"id":48646,"date":"1994-03-24T00:01:12","date_gmt":"1994-03-23T23:01:12","guid":{"rendered":"http:\/\/www.editiondaslabor.de\/blog\/?p=48646"},"modified":"2021-05-12T08:48:39","modified_gmt":"2021-05-12T06:48:39","slug":"bettgefluester","status":"publish","type":"post","link":"http:\/\/www.editiondaslabor.de\/blog\/1994\/03\/24\/bettgefluester\/","title":{"rendered":"Bettgefl\u00fcster"},"content":{"rendered":"<p>&nbsp;<\/p>\n<p style=\"text-align: justify;\">Seit gut einer Stunde lag er mit wachen Augen im Bett, blickte aus dem Dachfl\u00e4chenfenster und wartete. Sonntags sollte man nicht zu fr\u00fch aufstehen, das geh\u00f6rt sich einfach nicht, weil die Menschen gew\u00f6hnt sind, das Wochenende zur Erholung zu nutzen. Erholung aber hei\u00dft f\u00fcr die meisten Menschen auch gleichzeitig lange schlafen. Es erscheint diesen fast sittenwidrig, dann aufzustehen, wenn man erwacht. Gegen sieben hielt es ihn nicht mehr, er r\u00fchrte sich vorsichtig. Um zur Bettkante zu gelangen, die allerdings von einen anderen K\u00f6rper abschirmt wurde, musste er \u00fcber eben diesen steigen. Nat\u00fcrlich geht so etwas nicht ohne Komplikationen, man ber\u00fchrt den anderen Menschen und schon wacht sie auf. Sie h\u00e4lt ihn fest und zur\u00fcck. So leicht kommt er wohl nicht aus dieser Situation, Klammereffekt. \u201eBitte lass mich raus, ich kann nur so lange im Bett liegen bleiben, bis es wirklich keinen Sinn mehr macht, weil man sich irgendwann von einer Seite auf die andere w\u00e4lzt, aus dem Fenster stiert und nicht wei\u00df, was man machen soll. So lange warte ich ja, erst dann stehe ich auf, dieser Punkt aber ist jetzt erreicht.\u201c \u201eWas soll man denn machen im Bett\u201c, erwiderte sie, \u201edas ist der Gedanke, wieso du nicht liegen bleiben kannst. Man liegt im Bett, weil man drin liegt. Das ist sch\u00f6n gem\u00fctlich und warm, man guckt sich drau\u00dfen das schlechte Wetter an, dann schl\u00e4ft man wieder ein, tr\u00e4umt was, wacht wieder auf und merkt, wie gem\u00fctlich das ist und ab da f\u00e4ngt das wieder von vorne an. Das macht man so lange, bis man es vor Hunger nicht mehr aush\u00e4lt oder schon langsam Kopfschmerzen vom ganzen Liegen bekommt. Ab dann kann man \u00fcberhaupt einen Gedanken daran verschwenden aufzustehen, vielleicht steht man wirklich auf. Vielleicht w\u00e4re dies eine Gebrauchsanweisung f\u00fcr dich.\u201c Schon die letzten Worte waren undeutlich zu verstehen, sie drehte sich wohlig seufzend auf die Seite, lie\u00df ihn los. Schnell war sie schnell eingeschlummert, ein seliges L\u00e4cheln im Gesicht. Genau diesen Moment konnte Herr Nipp nicht ungenutzt verstreichen lassen und verlie\u00df mit elegant flie\u00dfenden Bewegungen das Kissenreich. Er nutzte den Morgen, auch wenn er die meisten W\u00fcrmer, die der fr\u00fche Vogel f\u00e4ngt, selber nicht verspeisen mochte. Etwa vier Stunden sp\u00e4ter w\u00fcrden sie fr\u00fchst\u00fccken und sich danach vielleicht noch einmal ins Bett begeben.<\/p>\n<p>&nbsp;<\/p>\n<p>&nbsp;<\/p>\n<p style=\"text-align: center;\">***<\/p>\n<p style=\"text-align: justify;\"><strong>Das Mittelma\u00df der Welt<\/strong>, unerh\u00f6rte Geschichten von Herrn Nipp, KUNO 1994 &#8211; 2019<\/p>\n<p style=\"text-align: justify;\"><a href=\"http:\/\/www.editiondaslabor.de\/blog\/wp-content\/uploads\/2009\/01\/Herr-Nipp-Frontbild.jpg\"><img loading=\"lazy\" decoding=\"async\" class=\"alignleft size-full wp-image-71748\" src=\"http:\/\/www.editiondaslabor.de\/blog\/wp-content\/uploads\/2009\/01\/Herr-Nipp-Frontbild.jpg\" alt=\"\" width=\"217\" height=\"229\" srcset=\"http:\/\/www.editiondaslabor.de\/blog\/wp-content\/uploads\/2009\/01\/Herr-Nipp-Frontbild.jpg 217w, http:\/\/www.editiondaslabor.de\/blog\/wp-content\/uploads\/2009\/01\/Herr-Nipp-Frontbild-160x169.jpg 160w\" sizes=\"auto, (max-width: 217px) 100vw, 217px\" \/><\/a><\/p>\n<p style=\"text-align: justify;\">Die <em>unerh\u00f6rten Geschichten<\/em> von Herrn Nipp sind glossierende Anmerkungen die sich schnoddrig mit dem Zeitgeist auseinandersetzen. Oft wird in diesen Kolportagen ein Konflikt zwischen Ordnung und Chaos beschrieben. Wir lesen sowohl \u00fcberraschendes und unerwartetes, potentiell ungew\u00f6hnliches, das Geschehen verweist auf einen sich real ereigneten (oder wenigstens m\u00f6glichen) Ursprung des Erz\u00e4hlten.<\/p>\n<p style=\"text-align: justify;\"><strong>Weiterf\u00fchrend\u00a0<\/strong><strong>\u2192\u00a0<\/strong><\/p>\n<p style=\"text-align: justify;\">Zum Thema K\u00fcnstlerbucher lesen finden Sie hier einen <a href=\"http:\/\/www.editiondaslabor.de\/blog\/?p=12840\">Essay<\/a> sowie ein <a href=\"http:\/\/www.editiondaslabor.de\/blog\/?p=834\">Artikel<\/a> von J.C. Albers. Papier ist autonomes Kunstmaterial, daher ein vertiefendes <a href=\"http:\/\/www.editiondaslabor.de\/blog\/?p=21407\">Kollegengespr\u00e4ch<\/a> mit Haimo Hieronymus \u00fcber Material, Medium und Faszination des Werkstoffs Papier.<\/p>\n<p style=\"text-align: justify;\">Die bibliophilen Kostbarkeiten sind erh\u00e4ltlich \u00fcber die Werkstattgalerie Der Bogen, Tel. 0173 7276421<\/p>\n<p style=\"text-align: justify;\">\n","protected":false},"excerpt":{"rendered":"<p>&nbsp; Seit gut einer Stunde lag er mit wachen Augen im Bett, blickte aus dem Dachfl\u00e4chenfenster und wartete. Sonntags sollte man nicht zu fr\u00fch aufstehen, das geh\u00f6rt sich einfach nicht, weil die Menschen gew\u00f6hnt sind, das Wochenende zur Erholung zu&hellip;<\/p>\n<p class=\"more-link-p\"><a class=\"more-link\" href=\"http:\/\/www.editiondaslabor.de\/blog\/1994\/03\/24\/bettgefluester\/\">Read more &rarr;<\/a><\/p>\n","protected":false},"author":161,"featured_media":71748,"comment_status":"closed","ping_status":"closed","sticky":false,"template":"","format":"standard","meta":{"footnotes":""},"categories":[1],"tags":[1334],"class_list":["post-48646","post","type-post","status-publish","format-standard","has-post-thumbnail","hentry","category-literatur","tag-herr-nipp"],"_links":{"self":[{"href":"http:\/\/www.editiondaslabor.de\/blog\/wp-json\/wp\/v2\/posts\/48646","targetHints":{"allow":["GET"]}}],"collection":[{"href":"http:\/\/www.editiondaslabor.de\/blog\/wp-json\/wp\/v2\/posts"}],"about":[{"href":"http:\/\/www.editiondaslabor.de\/blog\/wp-json\/wp\/v2\/types\/post"}],"author":[{"embeddable":true,"href":"http:\/\/www.editiondaslabor.de\/blog\/wp-json\/wp\/v2\/users\/161"}],"replies":[{"embeddable":true,"href":"http:\/\/www.editiondaslabor.de\/blog\/wp-json\/wp\/v2\/comments?post=48646"}],"version-history":[{"count":0,"href":"http:\/\/www.editiondaslabor.de\/blog\/wp-json\/wp\/v2\/posts\/48646\/revisions"}],"wp:featuredmedia":[{"embeddable":true,"href":"http:\/\/www.editiondaslabor.de\/blog\/wp-json\/"}],"wp:attachment":[{"href":"http:\/\/www.editiondaslabor.de\/blog\/wp-json\/wp\/v2\/media?parent=48646"}],"wp:term":[{"taxonomy":"category","embeddable":true,"href":"http:\/\/www.editiondaslabor.de\/blog\/wp-json\/wp\/v2\/categories?post=48646"},{"taxonomy":"post_tag","embeddable":true,"href":"http:\/\/www.editiondaslabor.de\/blog\/wp-json\/wp\/v2\/tags?post=48646"}],"curies":[{"name":"wp","href":"https:\/\/api.w.org\/{rel}","templated":true}]}}