{"id":48353,"date":"2007-04-24T00:01:00","date_gmt":"2007-04-23T22:01:00","guid":{"rendered":"http:\/\/www.editiondaslabor.de\/blog\/?p=48353"},"modified":"2021-10-31T14:27:37","modified_gmt":"2021-10-31T13:27:37","slug":"einschliesslich-ausschliessen","status":"publish","type":"post","link":"http:\/\/www.editiondaslabor.de\/blog\/2007\/04\/24\/einschliesslich-ausschliessen\/","title":{"rendered":"Einschlie\u00dflich Ausschlie\u00dfen"},"content":{"rendered":"<p>&nbsp;<\/p>\n<p style=\"text-align: justify;\">Das ganze Programm abgearbeitet, eben alles, was in drei Tagen zu schaffen ist. Harte Arbeit, das zu sehen, was auf der Wunschliste steht. Da werden Siegess\u00e4ule, Brandenburger Tor, Stra\u00dfe des 17. Juni, Unter den Linden, Museum der deutschen Geschichte und Museumsinsel (Pergamon, altes und neues Museum &#8211; f\u00fcr die anderen beiden war keine Zeit mehr), Reichstag, Kanzleramt, Spreefahrt gemacht und das Shoppen f\u00e4llt eben aus, nur kurz rein zum Ampelmann, \u00fcbrigens intelligentes Konzept mit Alleinstellungscharakter.<\/p>\n<p style=\"text-align: justify;\">Vor dem Schloss Bellevue stehen uniformierte Beamte, man kommt leider nicht herein, so auch vor Kanzleramt und Reichstagskuppel. Mindestens vier Tage vorher per E-Mail anmelden, damit die Polizei auch alle Daten checken kann. Der freundliche Beamte erkl\u00e4rt, das habe mit der Terrorwarnung zu tun. Die Demokratie m\u00fcsse gesch\u00fctzt werden. Ich glaube, dass sie gerade so untergraben wird und sich noch weiter von den Menschen distanziert.<\/p>\n<p style=\"text-align: justify;\">&#8222;Schade eigentlich&#8220;, sagt jemand, &#8222;dass die Politiker so peinlich vor irgendwelchen Spinnern kuschen.&#8220;<\/p>\n<p>&nbsp;<\/p>\n<p>&nbsp;<\/p>\n<p style=\"text-align: center;\">***<\/p>\n<p style=\"text-align: justify;\"><strong>Das Mittelma\u00df der Welt<\/strong>, unerh\u00f6rte Geschichten von Herrn Nipp, KUNO 1994 &#8211; 2019<\/p>\n<p style=\"text-align: justify;\"><a href=\"http:\/\/www.editiondaslabor.de\/blog\/wp-content\/uploads\/2009\/01\/Herr-Nipp-Frontbild.jpg\"><img loading=\"lazy\" decoding=\"async\" class=\"alignleft size-full wp-image-71748\" src=\"http:\/\/www.editiondaslabor.de\/blog\/wp-content\/uploads\/2009\/01\/Herr-Nipp-Frontbild.jpg\" alt=\"\" width=\"217\" height=\"229\" srcset=\"http:\/\/www.editiondaslabor.de\/blog\/wp-content\/uploads\/2009\/01\/Herr-Nipp-Frontbild.jpg 217w, http:\/\/www.editiondaslabor.de\/blog\/wp-content\/uploads\/2009\/01\/Herr-Nipp-Frontbild-160x169.jpg 160w\" sizes=\"auto, (max-width: 217px) 100vw, 217px\" \/><\/a><\/p>\n<p style=\"text-align: justify;\"><strong>Weiterf\u00fchrend <\/strong><strong>\u2192\u00a0<\/strong>Zu einem begehrten Sammlerst\u00fcck hat sich die\u00a0Totholzausgabe von Herrn Nipps <a href=\"http:\/\/www.editiondaslabor.de\/blog\/?p=12766\"><em>Die Angst perfekter Schwiegers\u00f6hne<\/em><\/a> entwickelt.\u00a0Au\u00dferdem belegt sein Taschenbuch <a href=\"http:\/\/www.editiondaslabor.de\/blog\/?p=9294\"><em>Unerh\u00f6rte M\u00f6glichkeiten<\/em><\/a>, da\u00df man keinen Falken mehr verzehren muss, um novellistisch t\u00e4tig zu sein. Herr Nipp dampft die Gattung der Novelle konsequent zu <a href=\"http:\/\/www.editiondaslabor.de\/?p=899\"><em>Twitteratur<\/em><\/a> ein. Und au\u00dferdem pr\u00e4sentiert Haimo Hieronymus die bibliophile Kostbarkeit <a href=\"http:\/\/www.editiondaslabor.de\/blog\/?p=41385\"><em>\u00dcber Heblichkeiten, Floskeln und andere Ausrutscher<\/em><\/a> aus den Notizb\u00fcchern des Herrn Nipp. <span data-offset-key=\"bv319-0-0\">Begleitendes zur Ver\u00f6ffentlichung des Buches <a href=\"http:\/\/www.editiondaslabor.de\/blog\/2019\/12\/04\/fatale-wirkungen\/\"><em>Fatale Wirkungen<\/em><\/a>, von Herrn Nipp (Mit Fotos von Stephanie Neuhaus). \u00dcber die <a href=\"http:\/\/www.editiondaslabor.de\/blog\/?p=70620\">historische Aufgabe<\/a> von Herrn Nipp aus M\u00f6ppelheim.<\/span><\/p>\n<p style=\"text-align: justify;\">Zum Thema K\u00fcnstlerbucher lesen finden Sie hier einen <a href=\"http:\/\/www.editiondaslabor.de\/blog\/?p=12840\">Essay<\/a> sowie ein <a href=\"http:\/\/www.editiondaslabor.de\/blog\/?p=834\">Artikel<\/a> von J.C. Albers. Vertiefend auch das <a href=\"http:\/\/www.editiondaslabor.de\/blog\/?p=21407\">Kollegengespr\u00e4ch<\/a> mit Haimo Hieronymus.<\/p>\n<p style=\"text-align: justify;\">Diese bibliophile Kostbarkeiten sind erh\u00e4ltlich \u00fcber die Werkstattgalerie Der Bogen, Tel. 0173 7276421<\/p>\n<p style=\"text-align: justify;\">\n","protected":false},"excerpt":{"rendered":"<p>&nbsp; Das ganze Programm abgearbeitet, eben alles, was in drei Tagen zu schaffen ist. Harte Arbeit, das zu sehen, was auf der Wunschliste steht. Da werden Siegess\u00e4ule, Brandenburger Tor, Stra\u00dfe des 17. Juni, Unter den Linden, Museum der deutschen Geschichte&hellip;<\/p>\n<p class=\"more-link-p\"><a class=\"more-link\" href=\"http:\/\/www.editiondaslabor.de\/blog\/2007\/04\/24\/einschliesslich-ausschliessen\/\">Read more &rarr;<\/a><\/p>\n","protected":false},"author":161,"featured_media":71748,"comment_status":"closed","ping_status":"closed","sticky":false,"template":"","format":"standard","meta":{"footnotes":""},"categories":[1],"tags":[1334],"class_list":["post-48353","post","type-post","status-publish","format-standard","has-post-thumbnail","hentry","category-literatur","tag-herr-nipp"],"_links":{"self":[{"href":"http:\/\/www.editiondaslabor.de\/blog\/wp-json\/wp\/v2\/posts\/48353","targetHints":{"allow":["GET"]}}],"collection":[{"href":"http:\/\/www.editiondaslabor.de\/blog\/wp-json\/wp\/v2\/posts"}],"about":[{"href":"http:\/\/www.editiondaslabor.de\/blog\/wp-json\/wp\/v2\/types\/post"}],"author":[{"embeddable":true,"href":"http:\/\/www.editiondaslabor.de\/blog\/wp-json\/wp\/v2\/users\/161"}],"replies":[{"embeddable":true,"href":"http:\/\/www.editiondaslabor.de\/blog\/wp-json\/wp\/v2\/comments?post=48353"}],"version-history":[{"count":0,"href":"http:\/\/www.editiondaslabor.de\/blog\/wp-json\/wp\/v2\/posts\/48353\/revisions"}],"wp:featuredmedia":[{"embeddable":true,"href":"http:\/\/www.editiondaslabor.de\/blog\/wp-json\/"}],"wp:attachment":[{"href":"http:\/\/www.editiondaslabor.de\/blog\/wp-json\/wp\/v2\/media?parent=48353"}],"wp:term":[{"taxonomy":"category","embeddable":true,"href":"http:\/\/www.editiondaslabor.de\/blog\/wp-json\/wp\/v2\/categories?post=48353"},{"taxonomy":"post_tag","embeddable":true,"href":"http:\/\/www.editiondaslabor.de\/blog\/wp-json\/wp\/v2\/tags?post=48353"}],"curies":[{"name":"wp","href":"https:\/\/api.w.org\/{rel}","templated":true}]}}