{"id":47867,"date":"2018-12-13T00:01:16","date_gmt":"2018-12-12T23:01:16","guid":{"rendered":"http:\/\/www.editiondaslabor.de\/blog\/?p=47867"},"modified":"2022-03-05T18:06:14","modified_gmt":"2022-03-05T17:06:14","slug":"ritsch-ratsch-klick-2","status":"publish","type":"post","link":"http:\/\/www.editiondaslabor.de\/blog\/2018\/12\/13\/ritsch-ratsch-klick-2\/","title":{"rendered":"Ritsch, ratsch, klick!"},"content":{"rendered":"<p>&nbsp;<\/p>\n<p style=\"text-align: right;\"><span style=\"color: #999999;\">Fotografien sind Duplikate der Vergangenheit.<\/span><\/p>\n<p>&nbsp;<\/p>\n<p style=\"text-align: center;\">\n<p style=\"text-align: justify;\">Die Kamera war sein Erkenntnisinstrument. Peter Meilchen photografierte analog auf Negativfilm und ben\u00f6tigte daf\u00fcr die Realit\u00e4t. Dann baute er sich die Bilder im Sucher zurecht und schaute nach den Linien und Farben, die das Bild komponieren. Diese Kompositionen und auch die Farbauswahl sind sehr subjektiv. Das Buch \/ Katalog-Projekt <em>630<\/em> wird auf der Jahresgaben-Ausstellung des Kunstverein Linz im Rathaus, Linz am Rhein vorgestellt.<\/p>\n<p style=\"text-align: justify;\">Die Ausstellungser\u00f6ffnung ist am 15. Dezember, ab 16:00 Uhr.<\/p>\n<p style=\"text-align: justify;\">Katalogf\u00f6rderung durch die Stiftung der Stadtsparkasse Linz am Rhein.<\/p>\n<div style=\"width: 276px\" class=\"wp-caption alignleft\"><a id=\"set-post-thumbnail\" class=\"thickbox\" href=\"http:\/\/www.editiondaslabor.de\/blog\/wp-admin\/media-upload.php?post_id=46549&amp;type=image&amp;TB_iframe=1\" aria-describedby=\"set-post-thumbnail-desc\"><img loading=\"lazy\" decoding=\"async\" class=\"attachment-266x266\" src=\"http:\/\/www.editiondaslabor.de\/blog\/wp-content\/uploads\/2018\/10\/Covermotiv.jpg\" sizes=\"auto, (max-width: 266px) 100vw, 266px\" srcset=\"http:\/\/www.editiondaslabor.de\/blog\/wp-content\/uploads\/2018\/10\/Covermotiv.jpg 2481w, http:\/\/www.editiondaslabor.de\/blog\/wp-content\/uploads\/2018\/10\/Covermotiv-300x140.jpg 300w, http:\/\/www.editiondaslabor.de\/blog\/wp-content\/uploads\/2018\/10\/Covermotiv-768x358.jpg 768w, http:\/\/www.editiondaslabor.de\/blog\/wp-content\/uploads\/2018\/10\/Covermotiv-1024x478.jpg 1024w\" alt=\"\" width=\"266\" height=\"124\" \/><\/a><p class=\"wp-caption-text\">Covermotiv von Krumscheid \/ Meilchen<\/p><\/div>\n<p class=\"hide-if-no-js\" style=\"text-align: justify;\">Bisher sind in der Edition Das Labor DVDs, ein H\u00f6rbuch und ein Roman von Peter Meilchen erschienen. In 2014 erinnerte der Kunstverein in Linz mit einer Ausstellung an den K\u00fcnstler, in der erstmals die Reihe <em>Fr\u00fchlingel<\/em> vorgestellt wurde. Zu diesem Anlass erschien mit der Wortspielhalle eine Publikation, die als Role Model f\u00fcr dieses Buch \/ Katalog-Projekt dient, das zum 10. Todestag erscheint. Das Buch\/Katalog-Projekt <a href=\"http:\/\/www.editiondaslabor.de\/blog\/?p=46549\"><em>630<\/em><\/a> gibt einen konzisen \u00dcberblick \u00fcber die k\u00fcnstlerische Arbeit von Peter Meilchen in Linz und in der Werkstattgalerie Der Bogen.<\/p>\n<p style=\"text-align: justify;\"><strong>630<\/strong>, Buch \/ Katalog-Projekt\u00a0 von Peter Meilchen, Tom T\u00e4ger und A.J. Weigoni. Edition Das Labor, Bad M\u00fclheim 2018.<\/p>\n<h5>Weiterf\u00fchrend \u2192<\/h5>\n<p style=\"text-align: justify;\">Constanze Schmidt zur <a href=\"http:\/\/www.editiondaslabor.de\/blog\/2009\/11\/18\/wellenbewegungen\/\">Novelle<\/a> und zum <a href=\"http:\/\/www.editiondaslabor.de\/\">Label<\/a>. Ein <a href=\"http:\/\/www.editiondaslabor.de\/blog\/2009\/01\/18\/literaturgeografie\/\">Nachwort<\/a> von Enrik Lauer. KUNO \u00fcbernimmt einen Artikel der <a href=\"http:\/\/www.lyrikwelt.de\/rezensionen\/vignetten-r.htm\">Lyrikwelt<\/a> und aus dem <a href=\"http:\/\/www.editiondaslabor.de\/blog\/2013\/12\/09\/lachfalten-im-gesicht-der-zeit\/\">Poetenladen<\/a>. Betty Davis konstatiert <a href=\"http:\/\/www.editiondaslabor.de\/blog\/2009\/06\/18\/ein-fein-gesponnenes-psychogramm\/\">Ein fein gesponnenes Psychogramm<\/a>. \u00dcber die <a href=\"http:\/\/www.editiondaslabor.de\/blog\/2009\/12\/18\/novelle_revisited\/\">Reanimierung<\/a> der Gattung Novelle und die Weiterentwicklung zum Buch \/ Katalog-Projekt <em>630<\/em> finden Sie <a href=\"http:\/\/www.editiondaslabor.de\/blog\/?p=46549\">hier<\/a>. Einen Essay zur Ausstellung <em>50 Jahre Krumscheid \/ Meilchen<\/em> lesen Sie <a href=\"http:\/\/www.editiondaslabor.de\/blog\/?p=21518\">hier<\/a>. Mit einer <a href=\"http:\/\/www.vordenker.de\/hungertuch\/taeger2001.htm\">Laudatio<\/a> wurde der Hungertuch-Preistr\u00e4ger Tom T\u00e4ger und seine Arbeit im Tonstudio an der Ruhr gew\u00fcrdigt. Eine W\u00fcrdigung des Lebenswerks von Peter Meilchen findet sich <a href=\"http:\/\/www.editiondaslabor.de\/blog\/?p=12763\">hier<\/a>.<\/p>\n<p>&nbsp;<\/p>\n","protected":false},"excerpt":{"rendered":"<p>&nbsp; Fotografien sind Duplikate der Vergangenheit. &nbsp; Die Kamera war sein Erkenntnisinstrument. Peter Meilchen photografierte analog auf Negativfilm und ben\u00f6tigte daf\u00fcr die Realit\u00e4t. Dann baute er sich die Bilder im Sucher zurecht und schaute nach den Linien und Farben, die&hellip;<\/p>\n<p class=\"more-link-p\"><a class=\"more-link\" href=\"http:\/\/www.editiondaslabor.de\/blog\/2018\/12\/13\/ritsch-ratsch-klick-2\/\">Read more &rarr;<\/a><\/p>\n","protected":false},"author":52,"featured_media":101488,"comment_status":"closed","ping_status":"closed","sticky":false,"template":"","format":"standard","meta":{"footnotes":""},"categories":[1],"tags":[628,52,35],"class_list":["post-47867","post","type-post","status-publish","format-standard","has-post-thumbnail","hentry","category-literatur","tag-a-j-weigoni","tag-peter-meilchen","tag-tom-tager"],"_links":{"self":[{"href":"http:\/\/www.editiondaslabor.de\/blog\/wp-json\/wp\/v2\/posts\/47867","targetHints":{"allow":["GET"]}}],"collection":[{"href":"http:\/\/www.editiondaslabor.de\/blog\/wp-json\/wp\/v2\/posts"}],"about":[{"href":"http:\/\/www.editiondaslabor.de\/blog\/wp-json\/wp\/v2\/types\/post"}],"author":[{"embeddable":true,"href":"http:\/\/www.editiondaslabor.de\/blog\/wp-json\/wp\/v2\/users\/52"}],"replies":[{"embeddable":true,"href":"http:\/\/www.editiondaslabor.de\/blog\/wp-json\/wp\/v2\/comments?post=47867"}],"version-history":[{"count":2,"href":"http:\/\/www.editiondaslabor.de\/blog\/wp-json\/wp\/v2\/posts\/47867\/revisions"}],"predecessor-version":[{"id":101542,"href":"http:\/\/www.editiondaslabor.de\/blog\/wp-json\/wp\/v2\/posts\/47867\/revisions\/101542"}],"wp:featuredmedia":[{"embeddable":true,"href":"http:\/\/www.editiondaslabor.de\/blog\/wp-json\/wp\/v2\/media\/101488"}],"wp:attachment":[{"href":"http:\/\/www.editiondaslabor.de\/blog\/wp-json\/wp\/v2\/media?parent=47867"}],"wp:term":[{"taxonomy":"category","embeddable":true,"href":"http:\/\/www.editiondaslabor.de\/blog\/wp-json\/wp\/v2\/categories?post=47867"},{"taxonomy":"post_tag","embeddable":true,"href":"http:\/\/www.editiondaslabor.de\/blog\/wp-json\/wp\/v2\/tags?post=47867"}],"curies":[{"name":"wp","href":"https:\/\/api.w.org\/{rel}","templated":true}]}}