{"id":46687,"date":"2009-09-15T00:01:25","date_gmt":"2009-09-14T22:01:25","guid":{"rendered":"http:\/\/www.editiondaslabor.de\/blog\/?p=46687"},"modified":"2022-03-03T16:57:07","modified_gmt":"2022-03-03T15:57:07","slug":"das-vergangene-ist-nicht-vergangen","status":"publish","type":"post","link":"http:\/\/www.editiondaslabor.de\/blog\/2009\/09\/15\/das-vergangene-ist-nicht-vergangen\/","title":{"rendered":"Das Vergangene ist nicht vergangen"},"content":{"rendered":"<p style=\"text-align: right;\"><span style=\"color: #999999;\"><em>\u00a0<\/em><\/span><\/p>\n<p style=\"text-align: justify;\">Das Vergangene ist nicht vergangen, so lange es in jedes kommende Geschlecht sich noch mit unausl\u00f6schbaren Spuren dr\u00fcckt &#8211; und das Alte ist nicht alt geworden, so lange es noch in jeder neu aufkeimenden Einbildungskraft sich wieder verj\u00fcngen muss.<\/p>\n<p>&nbsp;<\/p>\n<p>&nbsp;<\/p>\n<p>&nbsp;<\/p>\n<div id=\"attachment_16243\" style=\"width: 230px\" class=\"wp-caption alignleft\"><a href=\"http:\/\/www.editiondaslabor.de\/blog\/wp-content\/uploads\/2013\/06\/Karl-Philipp-Moritz-Gema\u0308lde-von-Karl-Franz-Jacob-Heinrich-Schumann-1791-Gleimhaus-Halberstadt.jpg\"><img loading=\"lazy\" decoding=\"async\" aria-describedby=\"caption-attachment-16243\" class=\"size-full wp-image-16243\" src=\"http:\/\/www.editiondaslabor.de\/blog\/wp-content\/uploads\/2013\/06\/Karl-Philipp-Moritz-Gema\u0308lde-von-Karl-Franz-Jacob-Heinrich-Schumann-1791-Gleimhaus-Halberstadt.jpg\" alt=\"\" width=\"220\" height=\"263\" \/><\/a><p id=\"caption-attachment-16243\" class=\"wp-caption-text\">Karl Philipp Moritz, Gema\u0308lde von Karl Franz Jacob Heinrich Schumann, 1791, Gleimhaus Halberstadt<\/p><\/div>\n<p style=\"text-align: justify;\">Bestand die Modernit\u00e4t des Aphorismus bisher in der Operativit\u00e4t, so entspricht diese literarische Form im Zeitalter der technischen Reproduzierbarkeit der Denkgenauigkeit der Sp\u00e4tmoderne. Es ist <em>Twitteratur<\/em>.<\/p>\n<p style=\"text-align: justify;\"><strong>Weiterf\u00fchrend\u00a0\u2192 <\/strong>ein Essay \u00fcber die neue Literaturgattung <a href=\"http:\/\/www.editiondaslabor.de\/blog\/?p=22423\"><em>Twitteratur<\/em><\/a>.<\/p>\n<p style=\"text-align: justify;\"><strong>Twitteratur<\/strong>, eine Anthologie. Erweiterte Taschenbuchausgabe mit der Dokumentation des Hungertuchpreises. Herausgegeben von Matthias Hagedorn, Edition Das Labor 2019.<\/p>\n<p style=\"text-align: justify;\"><strong>\u2192<\/strong>\u00a0Einen Essay von Jutta Ludwig \u00fcber Karl Philipp Moritz finden Sie <a href=\"http:\/\/www.editiondaslabor.de\/blog\/1993\/06\/26\/karl-philipp-moritz\/\">hier<\/a>.<\/p>\n","protected":false},"excerpt":{"rendered":"<p>\u00a0 Das Vergangene ist nicht vergangen, so lange es in jedes kommende Geschlecht sich noch mit unausl\u00f6schbaren Spuren dr\u00fcckt &#8211; und das Alte ist nicht alt geworden, so lange es noch in jeder neu aufkeimenden Einbildungskraft sich wieder verj\u00fcngen muss.&hellip;<\/p>\n<p class=\"more-link-p\"><a class=\"more-link\" href=\"http:\/\/www.editiondaslabor.de\/blog\/2009\/09\/15\/das-vergangene-ist-nicht-vergangen\/\">Read more &rarr;<\/a><\/p>\n","protected":false},"author":74,"featured_media":100409,"comment_status":"closed","ping_status":"closed","sticky":false,"template":"","format":"standard","meta":{"footnotes":""},"categories":[1],"tags":[1086],"class_list":["post-46687","post","type-post","status-publish","format-standard","has-post-thumbnail","hentry","category-literatur","tag-karl-philipp-moritz"],"_links":{"self":[{"href":"http:\/\/www.editiondaslabor.de\/blog\/wp-json\/wp\/v2\/posts\/46687","targetHints":{"allow":["GET"]}}],"collection":[{"href":"http:\/\/www.editiondaslabor.de\/blog\/wp-json\/wp\/v2\/posts"}],"about":[{"href":"http:\/\/www.editiondaslabor.de\/blog\/wp-json\/wp\/v2\/types\/post"}],"author":[{"embeddable":true,"href":"http:\/\/www.editiondaslabor.de\/blog\/wp-json\/wp\/v2\/users\/74"}],"replies":[{"embeddable":true,"href":"http:\/\/www.editiondaslabor.de\/blog\/wp-json\/wp\/v2\/comments?post=46687"}],"version-history":[{"count":1,"href":"http:\/\/www.editiondaslabor.de\/blog\/wp-json\/wp\/v2\/posts\/46687\/revisions"}],"predecessor-version":[{"id":101467,"href":"http:\/\/www.editiondaslabor.de\/blog\/wp-json\/wp\/v2\/posts\/46687\/revisions\/101467"}],"wp:featuredmedia":[{"embeddable":true,"href":"http:\/\/www.editiondaslabor.de\/blog\/wp-json\/wp\/v2\/media\/100409"}],"wp:attachment":[{"href":"http:\/\/www.editiondaslabor.de\/blog\/wp-json\/wp\/v2\/media?parent=46687"}],"wp:term":[{"taxonomy":"category","embeddable":true,"href":"http:\/\/www.editiondaslabor.de\/blog\/wp-json\/wp\/v2\/categories?post=46687"},{"taxonomy":"post_tag","embeddable":true,"href":"http:\/\/www.editiondaslabor.de\/blog\/wp-json\/wp\/v2\/tags?post=46687"}],"curies":[{"name":"wp","href":"https:\/\/api.w.org\/{rel}","templated":true}]}}