{"id":46644,"date":"2011-04-30T00:01:00","date_gmt":"2011-04-29T22:01:00","guid":{"rendered":"http:\/\/www.editiondaslabor.de\/blog\/?p=46644"},"modified":"2022-02-23T09:25:52","modified_gmt":"2022-02-23T08:25:52","slug":"verschreibkunst","status":"publish","type":"post","link":"http:\/\/www.editiondaslabor.de\/blog\/2011\/04\/30\/verschreibkunst\/","title":{"rendered":"Verschreibkunst"},"content":{"rendered":"<p>&nbsp;<\/p>\n<p style=\"text-align: justify;\"><span style=\"color: #000000;\">Wenn sich eine Briefklammer derart sperrt, das soll man achten. Oder &#8218;ehren&#8216;? Nee; ehren nich. Aber achtn.<\/span><\/p>\n<p style=\"text-align: justify;\"><span style=\"color: #000000;\">Arno Schmidt<\/span><\/p>\n<p>&nbsp;<\/p>\n<p>&nbsp;<\/p>\n<p>&nbsp;<\/p>\n<div id=\"attachment_21687\" style=\"width: 310px\" class=\"wp-caption alignleft\"><a href=\"http:\/\/www.editiondaslabor.de\/blog\/wp-content\/uploads\/2014\/01\/KueheinHalbtrauer1.jpg\"><img loading=\"lazy\" decoding=\"async\" aria-describedby=\"caption-attachment-21687\" class=\"size-full wp-image-21687\" src=\"http:\/\/www.editiondaslabor.de\/blog\/wp-content\/uploads\/2014\/01\/KueheinHalbtrauer1.jpg\" alt=\"\" width=\"300\" height=\"401\" srcset=\"http:\/\/www.editiondaslabor.de\/blog\/wp-content\/uploads\/2014\/01\/KueheinHalbtrauer1.jpg 300w, http:\/\/www.editiondaslabor.de\/blog\/wp-content\/uploads\/2014\/01\/KueheinHalbtrauer1-224x300.jpg 224w\" sizes=\"auto, (max-width: 300px) 100vw, 300px\" \/><\/a><p id=\"caption-attachment-21687\" class=\"wp-caption-text\">K\u00fche in Halbtrauer. Radierung von Jens Rusch zu Arno Schmidts Erz\u00e4hlung K\u00fche in Halbtrauer<\/p><\/div>\n<p style=\"text-align: justify;\"><strong>Weiterf\u00fchrend\u00a0\u2192 <\/strong>ein Essay \u00fcber die neue Literaturgattung <a href=\"http:\/\/www.editiondaslabor.de\/blog\/?p=22423\"><em>Twitteratur<\/em><\/a>.<\/p>\n<p style=\"text-align: justify;\"><strong>Twitteratur<\/strong>, eine Anthologie. Erweiterte Taschenbuchausgabe mit der Dokumentation des Hungertuchpreises. Herausgegeben von Matthias Hagedorn, Edition Das Labor 2016.<\/p>\n<p>&nbsp;<\/p>\n","protected":false},"excerpt":{"rendered":"<p>&nbsp; Wenn sich eine Briefklammer derart sperrt, das soll man achten. Oder &#8218;ehren&#8216;? Nee; ehren nich. Aber achtn. Arno Schmidt &nbsp; &nbsp; &nbsp; Weiterf\u00fchrend\u00a0\u2192 ein Essay \u00fcber die neue Literaturgattung Twitteratur. Twitteratur, eine Anthologie. Erweiterte Taschenbuchausgabe mit der Dokumentation des&hellip;<\/p>\n<p class=\"more-link-p\"><a class=\"more-link\" href=\"http:\/\/www.editiondaslabor.de\/blog\/2011\/04\/30\/verschreibkunst\/\">Read more &rarr;<\/a><\/p>\n","protected":false},"author":2,"featured_media":99749,"comment_status":"closed","ping_status":"closed","sticky":false,"template":"","format":"standard","meta":{"footnotes":""},"categories":[1],"tags":[334],"class_list":["post-46644","post","type-post","status-publish","format-standard","has-post-thumbnail","hentry","category-literatur","tag-arno-schmidt"],"_links":{"self":[{"href":"http:\/\/www.editiondaslabor.de\/blog\/wp-json\/wp\/v2\/posts\/46644","targetHints":{"allow":["GET"]}}],"collection":[{"href":"http:\/\/www.editiondaslabor.de\/blog\/wp-json\/wp\/v2\/posts"}],"about":[{"href":"http:\/\/www.editiondaslabor.de\/blog\/wp-json\/wp\/v2\/types\/post"}],"author":[{"embeddable":true,"href":"http:\/\/www.editiondaslabor.de\/blog\/wp-json\/wp\/v2\/users\/2"}],"replies":[{"embeddable":true,"href":"http:\/\/www.editiondaslabor.de\/blog\/wp-json\/wp\/v2\/comments?post=46644"}],"version-history":[{"count":1,"href":"http:\/\/www.editiondaslabor.de\/blog\/wp-json\/wp\/v2\/posts\/46644\/revisions"}],"predecessor-version":[{"id":99755,"href":"http:\/\/www.editiondaslabor.de\/blog\/wp-json\/wp\/v2\/posts\/46644\/revisions\/99755"}],"wp:featuredmedia":[{"embeddable":true,"href":"http:\/\/www.editiondaslabor.de\/blog\/wp-json\/wp\/v2\/media\/99749"}],"wp:attachment":[{"href":"http:\/\/www.editiondaslabor.de\/blog\/wp-json\/wp\/v2\/media?parent=46644"}],"wp:term":[{"taxonomy":"category","embeddable":true,"href":"http:\/\/www.editiondaslabor.de\/blog\/wp-json\/wp\/v2\/categories?post=46644"},{"taxonomy":"post_tag","embeddable":true,"href":"http:\/\/www.editiondaslabor.de\/blog\/wp-json\/wp\/v2\/tags?post=46644"}],"curies":[{"name":"wp","href":"https:\/\/api.w.org\/{rel}","templated":true}]}}