{"id":45336,"date":"2008-06-01T00:01:35","date_gmt":"2008-05-31T22:01:35","guid":{"rendered":"http:\/\/www.editiondaslabor.de\/blog\/?p=45336"},"modified":"2022-02-22T08:52:07","modified_gmt":"2022-02-22T07:52:07","slug":"interim-kulturnotizen","status":"publish","type":"post","link":"http:\/\/www.editiondaslabor.de\/blog\/2008\/06\/01\/interim-kulturnotizen\/","title":{"rendered":"Interim \u2013 Kulturnotizen"},"content":{"rendered":"<div>\n<p style=\"text-align: right;\"><span style=\"color: #999999;\"><em>Kultur schafft und ist Kommunikation, Kultur lebt von der Kommunikation der Interessierten.<\/em><\/span><\/p>\n<p style=\"text-align: justify;\">So stellt sich nicht die Frage, warum dieses Forum geschaffen worden ist, sondern warum so bisher nicht. <strong>Interim \u2013 Kulturnotizen<\/strong> will verschiedene Aspekte der Kunst und Kulturarbeit zusammenbringen. Dies bezieht sich vor allem auf den Bereich Arnsberg, muss aber nicht darauf beschr\u00e4nkt sein, denn die meisten K\u00fcnstler sind \u00fcber die st\u00e4dtischen Grenzen hinaus t\u00e4tig. Zun\u00e4chst ist es vorgesehen, in jeder Ausgabe einen Leitartikel \u00fcber ein wichtiges Thema zu formulieren, hierzu m\u00f6chte ich jeweils Menschen einladen, die etwas zu sagen haben, nicht in der Hierarchie eines selbstgef\u00e4lligen Kulturfilzes, sondern thematisch. Dies k\u00f6nnen K\u00fcnstler, Designer, Musiker, Architekten, Schauspieler, Regisseure, T\u00e4nzer oder Choreografen, sein, sogar Kulturmanager, Kuratoren, Kunstkritiker und -historiker k\u00f6nnen zu Wort kommen, wer wei\u00df, was auf uns zukommt. In dieser ersten Ausgabe soll das Kunstwerk in Neheim im Zentrum stehen. Dazu habe ich Matthias Hagedorn eingeladen, welcher seit vielen Jahren ein teurer Begleiter in Sachen Kunst und Literatur ist.<\/p>\n<p style=\"text-align: justify;\"><strong>Interim<\/strong> will ausdr\u00fccklich nicht korrekt sein. <strong>Interim<\/strong> ist parteiisch in eigenem Interesse. Meinungen sind wichtig. Positionen m\u00fcssen vertreten werden. In der Zwischenzeit, im Zwischenraum entsteht etwas, nicht voraussagbar. Neuigkeiten werden nicht recherchiert, sie kommen. Die Nachfrage entscheidet \u00fcber die H\u00e4ufigkeit des Erscheinens, akute Frischinformationen werden schnell nachgereicht. Die Reaktionen sollen Grundlage f\u00fcr Diskussionen sein. Neues wird vorgestellt, ohne den Filter abh\u00e4ngiger Redaktionen, ich leiste mir den Luxus selbst auszuw\u00e4hlen. Wer beleidigt ist, kann sich ja wehren. Beschwerden an mich.<\/p>\n<p style=\"text-align: justify;\">Veranstaltungen, Theater, Ausstellung oder Event k\u00f6nnen kommentiert werden, hier sind alle aufgerufen, sich zu beteiligen. Kontaktdaten von Organisationen und Personen sollen ver\u00f6ffentlicht, Termine m\u00fcssen publik gemacht werden, auf diesem sehr einfachen Weg kann jeder seine Veranstaltungsprogramme hinterlegen. Wie sich <strong>Interim &#8211; Kulturnotizen<\/strong> weiter entwickelt wird sich zeigen, letztlich h\u00e4ngt dies von allen Beteiligten, den Schreibern, Veranstaltern und Lesern, ab.<\/p>\n<p style=\"text-align: justify;\">Dem postalischen Wege entstehen immer gro\u00dfe Kosten f\u00fcr Druck und Porto, da jedoch heute fast jeder \u00fcber Internet erreichbar ist, kann auf diesem Wege relativ kostenneutral gearbeitet werden. Wer lieber etwas in den H\u00e4nden h\u00e4lt, als auf den Bildschirm zu starren, darf sich <strong>Interim-Kulturnotizen<\/strong> ausdr\u00fccklich ausdrucken. Eine eigene Seite wird in den n\u00e4chsten Wochen eingerichtet werden, hier k\u00f6nnen die Kulturnotizen archiviert und Beitr\u00e4ge zu Recherchezwecken zur Verf\u00fcgung gestellt werden. So entsteht mit der Zeit ein Archiv von Texten, Adressen und Personen.<\/p>\n<p style=\"text-align: justify;\">Kultur ist immer inhaltsgebunden, hilft die Welt zu begreifen.<\/p>\n<p style=\"text-align: justify;\">Hiermit m\u00f6chte ich Sie alle einladen teilzuhaben, informieren sie auch andere Menschen \u00fcber dieses Medium. <strong>Interim \u2013 Kulturnotizen<\/strong> lebt von einer kritischen Begleitung der Leserinnen und Leser.<\/p>\n<\/div>\n<p>&nbsp;<\/p>\n<p>&nbsp;<\/p>\n<div>\n<p style=\"text-align: center;\">***<\/p>\n<p><strong>Weiterf\u00fchrend \u2192<\/strong><\/p>\n<p style=\"text-align: justify;\">Erinnerung wird zunehmend auf neue Technologien ausgelagert. Das Grundproblem der Erinnerungskultur, der Zeugenschaft, der Autorschaft, ist die Frage: Wer erz\u00e4hlt, wer verarbeitet, wem eine Geschichte geh\u00f6rt? \u2013 Die ausf\u00fchrliche Chronik des Projekts <em>Das Labor<\/em> lesen sie <a href=\"http:\/\/www.editiondaslabor.de\/blog\/2014\/12\/10\/zukunft-braucht-herkunft\/\">hier<\/a>. Diese Ausgrabungsst\u00e4tte f\u00fcr die Zukunft ist seit 2009 ein Label, die <em>Edition Das Labor<\/em>. Diese Edition arbeitet ohne Kapital, zuweilen mit Kapit\u00e4lchen, meist mit einer gro\u00dfen k\u00fcnstlerischen Spekulationskraft. Eine \u00dcbersicht \u00fcber die in diesem <em>Labor<\/em> seither realisierten K\u00fcnstlerb\u00fccher, B\u00fccher und H\u00f6rb\u00fccher finden Sie <a href=\"http:\/\/www.editiondaslabor.de\/\">hier<\/a>.<\/p>\n<p style=\"text-align: justify;\"><a href=\"http:\/\/www.editiondaslabor.de\/blog\/wp-content\/uploads\/2014\/01\/Steinlupe-Herbstbuch-Faszikel1.jpg\"><img loading=\"lazy\" decoding=\"async\" class=\"alignleft size-medium wp-image-21673\" title=\"Steinlupe-Herbstbuch-Faszikel\" src=\"http:\/\/www.editiondaslabor.de\/blog\/wp-content\/uploads\/2014\/01\/Steinlupe-Herbstbuch-Faszikel1-300x293.jpg\" alt=\"\" width=\"300\" height=\"293\" srcset=\"http:\/\/www.editiondaslabor.de\/blog\/wp-content\/uploads\/2014\/01\/Steinlupe-Herbstbuch-Faszikel1-300x293.jpg 300w, http:\/\/www.editiondaslabor.de\/blog\/wp-content\/uploads\/2014\/01\/Steinlupe-Herbstbuch-Faszikel1.jpg 539w\" sizes=\"auto, (max-width: 300px) 100vw, 300px\" \/><\/a><strong>\u2192 <\/strong>Zum Thema K\u00fcnstlerb\u00fccher finden Sie hier einen <a href=\"http:\/\/www.editiondaslabor.de\/blog\/?p=12840\">Essay<\/a> sowie einen <a href=\"http:\/\/www.editiondaslabor.de\/blog\/?p=834\">Artikel<\/a> von J.C. Albers. Vertiefend auch das <a href=\"http:\/\/www.editiondaslabor.de\/blog\/?p=21407\">Kollegengespr\u00e4ch<\/a> mit Haimo Hieronymus.<\/p>\n<p style=\"text-align: justify;\">Die K\u00fcnstlerb\u00fccher sind erh\u00e4ltlich \u00fcber die Werkstattgalerie Der Bogen, Tel. 0173 7276421<\/p>\n<\/div>\n","protected":false},"excerpt":{"rendered":"<p>Kultur schafft und ist Kommunikation, Kultur lebt von der Kommunikation der Interessierten. So stellt sich nicht die Frage, warum dieses Forum geschaffen worden ist, sondern warum so bisher nicht. Interim \u2013 Kulturnotizen will verschiedene Aspekte der Kunst und Kulturarbeit zusammenbringen.&hellip;<\/p>\n<p class=\"more-link-p\"><a class=\"more-link\" href=\"http:\/\/www.editiondaslabor.de\/blog\/2008\/06\/01\/interim-kulturnotizen\/\">Read more &rarr;<\/a><\/p>\n","protected":false},"author":4,"featured_media":99105,"comment_status":"closed","ping_status":"closed","sticky":false,"template":"","format":"standard","meta":{"footnotes":""},"categories":[1],"tags":[44],"class_list":["post-45336","post","type-post","status-publish","format-standard","has-post-thumbnail","hentry","category-literatur","tag-haimo-hieronymus"],"_links":{"self":[{"href":"http:\/\/www.editiondaslabor.de\/blog\/wp-json\/wp\/v2\/posts\/45336","targetHints":{"allow":["GET"]}}],"collection":[{"href":"http:\/\/www.editiondaslabor.de\/blog\/wp-json\/wp\/v2\/posts"}],"about":[{"href":"http:\/\/www.editiondaslabor.de\/blog\/wp-json\/wp\/v2\/types\/post"}],"author":[{"embeddable":true,"href":"http:\/\/www.editiondaslabor.de\/blog\/wp-json\/wp\/v2\/users\/4"}],"replies":[{"embeddable":true,"href":"http:\/\/www.editiondaslabor.de\/blog\/wp-json\/wp\/v2\/comments?post=45336"}],"version-history":[{"count":1,"href":"http:\/\/www.editiondaslabor.de\/blog\/wp-json\/wp\/v2\/posts\/45336\/revisions"}],"predecessor-version":[{"id":99442,"href":"http:\/\/www.editiondaslabor.de\/blog\/wp-json\/wp\/v2\/posts\/45336\/revisions\/99442"}],"wp:featuredmedia":[{"embeddable":true,"href":"http:\/\/www.editiondaslabor.de\/blog\/wp-json\/wp\/v2\/media\/99105"}],"wp:attachment":[{"href":"http:\/\/www.editiondaslabor.de\/blog\/wp-json\/wp\/v2\/media?parent=45336"}],"wp:term":[{"taxonomy":"category","embeddable":true,"href":"http:\/\/www.editiondaslabor.de\/blog\/wp-json\/wp\/v2\/categories?post=45336"},{"taxonomy":"post_tag","embeddable":true,"href":"http:\/\/www.editiondaslabor.de\/blog\/wp-json\/wp\/v2\/tags?post=45336"}],"curies":[{"name":"wp","href":"https:\/\/api.w.org\/{rel}","templated":true}]}}