{"id":45234,"date":"2019-07-02T00:01:08","date_gmt":"2019-07-01T22:01:08","guid":{"rendered":"http:\/\/www.editiondaslabor.de\/blog\/?p=45234"},"modified":"2019-07-01T09:22:48","modified_gmt":"2019-07-01T07:22:48","slug":"hang-time","status":"publish","type":"post","link":"http:\/\/www.editiondaslabor.de\/blog\/2019\/07\/02\/hang-time\/","title":{"rendered":"Hang Time"},"content":{"rendered":"<p style=\"text-align: justify;\">Der St\u00fcrmer, der den Ball hatte und ihn bis zu den gegnerischen Verteidigern, die in die H\u00f6he sprangen um den Korbwurf zu verhindern, dribbelte, sprang auf die F\u00fc\u00dfe seines Mitst\u00fcrmers, der mit hochgestreckten Beinen auf dem R\u00fccken liegend den auf seinen Sohlen stehenden St\u00fcrmer so hoch schleuderte, dass er \u00fcber den Korb flog, kopf\u00fcber mit dem Ball ins Netz fiel und mit schwindenden Sinnen im Korb h\u00e4ngen blieb, bis er wie ein Stein mit dem Kopf zu Boden st\u00fcrzte. Als er auf dem spiegelglatten Parkett aufschlug, krachte leise das Holz.<\/p>\n<p style=\"text-align: center;\">***<\/p>\n<p style=\"text-align: justify;\"><strong>Kritische K\u00f6rper<\/strong> von Ulrich Bergmann,\u00a0Pop Verlag Ludwigsburg, 2006<\/p>\n<p class=\"hide-if-no-js\" style=\"text-align: justify;\"><a id=\"set-post-thumbnail\" class=\"thickbox\" href=\"http:\/\/www.editiondaslabor.de\/blog\/wp-admin\/media-upload.php?post_id=45119&amp;type=image&amp;TB_iframe=1\" aria-describedby=\"set-post-thumbnail-desc\"><img loading=\"lazy\" decoding=\"async\" class=\"attachment-266x266 size-266x266 alignleft\" src=\"http:\/\/www.editiondaslabor.de\/blog\/wp-content\/uploads\/2019\/01\/KoerperCover-e1512293256786.jpg\" alt=\"\" width=\"185\" height=\"266\" \/><\/a>Ulrich Bergmann bezeichnet den Zyklus <em>Kritische K\u00f6rper<\/em> als \u201aCriminal Phantasy\u2019. Der Leser findet in diesen Kurzgeschichten eine f\u00fcr diesen Autor typische Montagetechnik, unterst\u00fctzt durch einen imagistischen Bildgebrauch und die Verwendung extremer Bilder. Von der Figurenzeichnung bis zum Handlungsablauf ist jederzeit klar, wie in diesem Zyklus die moralischen Grenzen verlaufen. Bergmann schreibt gegen den dr\u00f6gen Realismus der modernen Literatur an, und in der Tat besteht das Realistische seiner Literatur darin, das Grausame in seine Texte einflie\u00dfen zu lassen, wobei sie plausible Beschreibungen des Innen und des Au\u00dfen seiner Figuren auch ins Fantastische verl\u00e4ngern. Er erkl\u00e4rt uns eine Welt, in der sich die Bedeutung der Wirklichkeit nicht an der Oberfl\u00e4che erschlie\u00dft. Der Leser muss sich selber von der Abgr\u00fcndigkeit \u00fcberzeugen.<\/p>\n<div class=\"entry-content\">\n<p style=\"text-align: justify;\"><strong>Weiterf\u00fchrend \u2192 <\/strong>Lesen Sie auch zum Zyklus <em>Kritische K\u00f6rper<\/em> den <a href=\"http:\/\/www.editiondaslabor.de\/blog\/?p=15183\">Essay<\/a> von Holger Benkel.<\/p>\n<\/div>\n","protected":false},"excerpt":{"rendered":"<p>Der St\u00fcrmer, der den Ball hatte und ihn bis zu den gegnerischen Verteidigern, die in die H\u00f6he sprangen um den Korbwurf zu verhindern, dribbelte, sprang auf die F\u00fc\u00dfe seines Mitst\u00fcrmers, der mit hochgestreckten Beinen auf dem R\u00fccken liegend den auf&hellip;<\/p>\n<p class=\"more-link-p\"><a class=\"more-link\" href=\"http:\/\/www.editiondaslabor.de\/blog\/2019\/07\/02\/hang-time\/\">Read more &rarr;<\/a><\/p>\n","protected":false},"author":41,"featured_media":45126,"comment_status":"closed","ping_status":"closed","sticky":false,"template":"","format":"standard","meta":{"footnotes":""},"categories":[1],"tags":[866],"class_list":["post-45234","post","type-post","status-publish","format-standard","has-post-thumbnail","hentry","category-literatur","tag-ulrich-bergmann"],"_links":{"self":[{"href":"http:\/\/www.editiondaslabor.de\/blog\/wp-json\/wp\/v2\/posts\/45234","targetHints":{"allow":["GET"]}}],"collection":[{"href":"http:\/\/www.editiondaslabor.de\/blog\/wp-json\/wp\/v2\/posts"}],"about":[{"href":"http:\/\/www.editiondaslabor.de\/blog\/wp-json\/wp\/v2\/types\/post"}],"author":[{"embeddable":true,"href":"http:\/\/www.editiondaslabor.de\/blog\/wp-json\/wp\/v2\/users\/41"}],"replies":[{"embeddable":true,"href":"http:\/\/www.editiondaslabor.de\/blog\/wp-json\/wp\/v2\/comments?post=45234"}],"version-history":[{"count":0,"href":"http:\/\/www.editiondaslabor.de\/blog\/wp-json\/wp\/v2\/posts\/45234\/revisions"}],"wp:featuredmedia":[{"embeddable":true,"href":"http:\/\/www.editiondaslabor.de\/blog\/wp-json\/"}],"wp:attachment":[{"href":"http:\/\/www.editiondaslabor.de\/blog\/wp-json\/wp\/v2\/media?parent=45234"}],"wp:term":[{"taxonomy":"category","embeddable":true,"href":"http:\/\/www.editiondaslabor.de\/blog\/wp-json\/wp\/v2\/categories?post=45234"},{"taxonomy":"post_tag","embeddable":true,"href":"http:\/\/www.editiondaslabor.de\/blog\/wp-json\/wp\/v2\/tags?post=45234"}],"curies":[{"name":"wp","href":"https:\/\/api.w.org\/{rel}","templated":true}]}}