{"id":45232,"date":"2019-08-01T00:01:05","date_gmt":"2019-07-31T22:01:05","guid":{"rendered":"http:\/\/www.editiondaslabor.de\/blog\/?p=45232"},"modified":"2021-08-03T07:57:08","modified_gmt":"2021-08-03T05:57:08","slug":"track-n-field","status":"publish","type":"post","link":"http:\/\/www.editiondaslabor.de\/blog\/2019\/08\/01\/track-n-field\/","title":{"rendered":"Track &#8217;n Field"},"content":{"rendered":"<p>&nbsp;<\/p>\n<p style=\"text-align: justify;\">Den Athleten, die in die letzte Runde des Zehntausendmeterlaufs eingel\u00e4utet wurden, blieb, als ein Streckenw\u00e4rter in der Zielgeraden pl\u00f6tzlich den Feuerl\u00f6scher auf die an der Spitze liegenden L\u00e4ufer hielt, die Luft weg, die sie dringend brauchten um den Sturmlauf des ber\u00fchmten Afrikaners abzufangen, der, als er mit langen Schritten zwischen die amerikanischen Langstreckensprinter ging, die volle Ladung der Spritze einfing, sodass der Schaum an seinen Lippen zersplitterte. Die beiden Amerikaner, die v\u00f6llig au\u00dfer Atem waren, obwohl sie noch immer nach Luft schnappten, fielen dem Ausnahmel\u00e4ufer aus Afrika vor die F\u00fc\u00dfe, sodass er, nachdem er vergeblich versucht hatte \u00fcber sie hinweg zu springen, mit dem linken Fu\u00df im weit aufgerissenen Mund des Amerikaners zu seiner Rechten h\u00e4ngen blieb und so heftig auf die rote Bahn st\u00fcrzte, dass er mit der Schulter aufprallend wie Glas zerbrach. Der L\u00e4ufer tat seinen letzten Atemzug, w\u00e4hrend seine weit aus dem Kopf h\u00e4ngenden Augen sahen, wie alle seine Konkurrenten im Ziel f\u00fcr immer ausgestreckt auf den wei\u00dfen Linien lagen. Auf dem Zielfoto war nichts zu erkennen.<\/p>\n<p>&nbsp;<\/p>\n<p>&nbsp;<\/p>\n<p style=\"text-align: center;\">***<\/p>\n<p style=\"text-align: justify;\"><strong>Kritische K\u00f6rper<\/strong> von Ulrich Bergmann,\u00a0Pop Verlag Ludwigsburg, 2006<\/p>\n<p class=\"hide-if-no-js\" style=\"text-align: justify;\"><a id=\"set-post-thumbnail\" class=\"thickbox\" href=\"http:\/\/www.editiondaslabor.de\/blog\/wp-admin\/media-upload.php?post_id=45119&amp;type=image&amp;TB_iframe=1\" aria-describedby=\"set-post-thumbnail-desc\"><img loading=\"lazy\" decoding=\"async\" class=\"attachment-266x266 size-266x266 alignleft\" src=\"http:\/\/www.editiondaslabor.de\/blog\/wp-content\/uploads\/2019\/01\/KoerperCover-e1512293256786.jpg\" alt=\"\" width=\"185\" height=\"266\" \/><\/a>Ulrich Bergmann bezeichnet den Zyklus <em>Kritische K\u00f6rper<\/em> als \u201aCriminal Phantasy\u2019. Der Leser findet in diesen Kurzgeschichten eine f\u00fcr diesen Autor typische Montagetechnik, unterst\u00fctzt durch einen imagistischen Bildgebrauch und die Verwendung extremer Bilder. Von der Figurenzeichnung bis zum Handlungsablauf ist jederzeit klar, wie in diesem Zyklus die moralischen Grenzen verlaufen. Bergmann schreibt gegen den dr\u00f6gen Realismus der modernen Literatur an, und in der Tat besteht das Realistische seiner Literatur darin, das Grausame in seine Texte einflie\u00dfen zu lassen, wobei sie plausible Beschreibungen des Innen und des Au\u00dfen seiner Figuren auch ins Fantastische verl\u00e4ngern. Er erkl\u00e4rt uns eine Welt, in der sich die Bedeutung der Wirklichkeit nicht an der Oberfl\u00e4che erschlie\u00dft. Der Leser muss sich selber von der Abgr\u00fcndigkeit \u00fcberzeugen.<\/p>\n<p style=\"text-align: justify;\"><strong>Weiterf\u00fchrend \u2192 <\/strong>Lesen Sie auch zum Zyklus <em>Kritische K\u00f6rper<\/em> den <a href=\"http:\/\/www.editiondaslabor.de\/blog\/?p=15183\">Essay<\/a> von Holger Benkel.<\/p>\n","protected":false},"excerpt":{"rendered":"<p>&nbsp; Den Athleten, die in die letzte Runde des Zehntausendmeterlaufs eingel\u00e4utet wurden, blieb, als ein Streckenw\u00e4rter in der Zielgeraden pl\u00f6tzlich den Feuerl\u00f6scher auf die an der Spitze liegenden L\u00e4ufer hielt, die Luft weg, die sie dringend brauchten um den Sturmlauf&hellip;<\/p>\n<p class=\"more-link-p\"><a class=\"more-link\" href=\"http:\/\/www.editiondaslabor.de\/blog\/2019\/08\/01\/track-n-field\/\">Read more &rarr;<\/a><\/p>\n","protected":false},"author":41,"featured_media":45126,"comment_status":"closed","ping_status":"closed","sticky":false,"template":"","format":"standard","meta":{"footnotes":""},"categories":[1],"tags":[866],"class_list":["post-45232","post","type-post","status-publish","format-standard","has-post-thumbnail","hentry","category-literatur","tag-ulrich-bergmann"],"_links":{"self":[{"href":"http:\/\/www.editiondaslabor.de\/blog\/wp-json\/wp\/v2\/posts\/45232","targetHints":{"allow":["GET"]}}],"collection":[{"href":"http:\/\/www.editiondaslabor.de\/blog\/wp-json\/wp\/v2\/posts"}],"about":[{"href":"http:\/\/www.editiondaslabor.de\/blog\/wp-json\/wp\/v2\/types\/post"}],"author":[{"embeddable":true,"href":"http:\/\/www.editiondaslabor.de\/blog\/wp-json\/wp\/v2\/users\/41"}],"replies":[{"embeddable":true,"href":"http:\/\/www.editiondaslabor.de\/blog\/wp-json\/wp\/v2\/comments?post=45232"}],"version-history":[{"count":0,"href":"http:\/\/www.editiondaslabor.de\/blog\/wp-json\/wp\/v2\/posts\/45232\/revisions"}],"wp:featuredmedia":[{"embeddable":true,"href":"http:\/\/www.editiondaslabor.de\/blog\/wp-json\/"}],"wp:attachment":[{"href":"http:\/\/www.editiondaslabor.de\/blog\/wp-json\/wp\/v2\/media?parent=45232"}],"wp:term":[{"taxonomy":"category","embeddable":true,"href":"http:\/\/www.editiondaslabor.de\/blog\/wp-json\/wp\/v2\/categories?post=45232"},{"taxonomy":"post_tag","embeddable":true,"href":"http:\/\/www.editiondaslabor.de\/blog\/wp-json\/wp\/v2\/tags?post=45232"}],"curies":[{"name":"wp","href":"https:\/\/api.w.org\/{rel}","templated":true}]}}