{"id":43838,"date":"2017-10-07T00:01:01","date_gmt":"2017-10-06T22:01:01","guid":{"rendered":"http:\/\/www.editiondaslabor.de\/blog\/?p=43838"},"modified":"2022-02-28T19:31:00","modified_gmt":"2022-02-28T18:31:00","slug":"der-dichtung-eine-bresche-schlagen","status":"publish","type":"post","link":"http:\/\/www.editiondaslabor.de\/blog\/2017\/10\/07\/der-dichtung-eine-bresche-schlagen\/","title":{"rendered":"Warum Lyrik wieder in die Zeitungen geh\u00f6rt"},"content":{"rendered":"<p style=\"text-align: justify;\"><span style=\"color: #888888;\">Vorbemerkung der Redaktion:<\/span> KUNO widmet dem Gedicht auch in diesem Jahr den genauen Blick, das aufmerksame, geduldige, ins Denken gedrehte Lesen und Wiederlesen. Das Abtragen der Schichten, Auff\u00e4chern der Bedeutungsstr\u00e4nge, der Rhythmen und Kl\u00e4nge, der Br\u00fcche und Widerspr\u00fcche, die es, diese K\u00f6nigsdisziplin, in sich tr\u00e4gt. Poesie z\u00e4hlt auch weiterhin zu den wichtigsten identit\u00e4ts- und identifikationstiftenden Elementen einer Kultur, dies bezeugte auch der Versuch einer <a href=\"http:\/\/www.editiondaslabor.de\/blog\/?p=25630\">poetologischen Positionsbestimmung<\/a>. Der folgende Kommentar wurde von Walther Stonet im Jahr 2007 zum ersten Mal ver\u00f6ffentlicht und f\u00fchrte zum Start des Projekts \u201e<a href=\"http:\/\/www.zugetextet.com\/?p=161\" target=\"_blank\" rel=\"noopener\">Walthers Anthologie der Interlyrik<\/a>\u201c im Jahr 2008:<\/p>\n<p>&nbsp;<\/p>\n<p style=\"text-align: justify;\">Ein Volk sollst Du an seinen Dichtern erkennen. Oder vielmehr an seiner Wertsch\u00e4tzung derselben. Da ist es, so scheint es auf den ersten Blick, um Deutschland so schlecht nicht bestellt. Immerhin geh\u00f6ren Goethe und Schiller zu DEN deutschen Genies (lt. ZDF). Im Deutschunterricht erleiden deutsche Sch\u00fcler seit Generationen Schillers Glocke bis zu deren totaler Verballhornung. Und Jahr f\u00fcr Jahr \u201ereitet er durch Nacht und Wind, irgendwer mit irgendeinem Kind\u201c.<\/p>\n<p style=\"text-align: justify;\">Von neuer deutscher Lyrikwelle ist aber nur im modernen Liedgut eine Spur. Deutsche Popsongs verkaufen sich ebenso gl\u00e4nzend wie deutsche Belletristik. Die Kunst scheint die Gesellschaft wieder eingeholt zu haben, das gr\u00f6\u00dfere Deutschland seiner selbst wieder bewusster zu werden. Amerikanischer Import ist eben kein dauerhafter Ersatz f\u00fcr eigensprachliche Selbstbespiegelung.<\/p>\n<p style=\"text-align: justify;\">Bei der Lyrik ist dieses Ph\u00e4nomen, die eigene Sprache wieder als Medium des Ausdrucks eigener Befindlichkeiten zu entdecken, bisher nicht richtig angekommen. Das liegt zum einen daran, dass das, was als pr\u00e4mierte deutsche Lyrik durch den Bl\u00e4tter- und B\u00fccherwald geistert, h\u00e4ufig nur f\u00fcr Eingeweihte verst\u00e4ndlich ist.<\/p>\n<p style=\"text-align: justify;\">Zum anderen haben ganze Generationen von Deutschlehrern ihren armen Sch\u00fclern den Spa\u00df am deutschen Gedicht so gr\u00fcndlich ausgetrieben, dass man heute in Lyrikforen sich nicht selten fragt, was das ist, was da steht. Ebenso fragt man sich das h\u00e4ufig auch bei dem, was, wenn es gedruckt wird, in Buchform vor einen kommt. \u00dcber das Elend der lyrischen Moderne ist an dieser und anderen Stellen h\u00e4ufig berichtet und diskutiert worden. Noch viel schlimmer ist allerdings, dass zuerst das moderne Gedicht und schlie\u00dflich jedes Gedicht aus den deutschen Zeitungen verschwunden sind. Dies gilt mit Ausnahme der Frankfurter Anthologie f\u00fcr faktisch alle Literatur- und Feuilletonseiten.<\/p>\n<p style=\"text-align: justify;\">Dichtung aber ist wieder in aller Munde, wenigstens der Jugend. Musikgruppen zeigen, wie es geht, dass wieder deutsch gereimt und gesungen wird. Und das, was dort zu h\u00f6ren und zu lesen ist, \u00fcbertrifft in der Regel an Qualit\u00e4t, Aussage und lyrischer Kraft allemal das, was bei den meisten Lyrikwettbewerben allj\u00e4hrlich pr\u00e4miert wird.<\/p>\n<p style=\"text-align: justify;\">Es wird also Zeit, eine alte Zeitungstradition wieder aufzunehmen, n\u00e4mlich die der Entdeckung guter zeitgen\u00f6ssischer Dichtung und die F\u00f6rderung der bisher unbekannten guten Dichter, von denen es mehr als genug gibt. Das Internet und die vielen Lyrikzeitschriften aus der Independent-Szene, die nichts, aber auch gar nichts mit Leipzig und Klagenfurt am Hut haben, sind ein reicher Quell, aus dem gesch\u00f6pft werden k\u00f6nnte, was Kurzgeschichte und Lyrik sowie die vielen\u00a0Kurzformen der Sprachkunst um sie herum angeht.<\/p>\n<p style=\"text-align: justify;\">Daher wird hier laut gefordert und noch lauter eingefordert: Jeden Tag ein junges, neues deutsches Gedicht in das Feuilleton jeder deutschen Tageszeitung. Das sind wenigstens sechs Gedichte die Woche, 52 Wochen lang. Genau das ist jetzt angezeigt. Nicht mehr und nicht weniger.<\/p>\n<p>&nbsp;<\/p>\n<p>&nbsp;<\/p>\n<p>&nbsp;<\/p>\n<p style=\"text-align: center;\">* * *<\/p>\n<div id=\"attachment_44595\" style=\"width: 310px\" class=\"wp-caption alignleft\"><img loading=\"lazy\" decoding=\"async\" aria-describedby=\"caption-attachment-44595\" class=\"wp-image-44595 size-medium\" src=\"http:\/\/www.editiondaslabor.de\/blog\/wp-content\/uploads\/2017\/09\/der-lyrik-eine-bresche-fuer-ein-gedicht-je-ausgabe-einer-zeitung_1505748323-1-300x200.jpg\" alt=\"\" width=\"300\" height=\"200\" srcset=\"http:\/\/www.editiondaslabor.de\/blog\/wp-content\/uploads\/2017\/09\/der-lyrik-eine-bresche-fuer-ein-gedicht-je-ausgabe-einer-zeitung_1505748323-1-300x200.jpg 300w, http:\/\/www.editiondaslabor.de\/blog\/wp-content\/uploads\/2017\/09\/der-lyrik-eine-bresche-fuer-ein-gedicht-je-ausgabe-einer-zeitung_1505748323-1.jpg 450w\" sizes=\"auto, (max-width: 300px) 100vw, 300px\" \/><p id=\"caption-attachment-44595\" class=\"wp-caption-text\">Poesie z\u00e4hlt f\u00fcr KUNO zu den identit\u00e4ts- und identifikationstiftenden Elementen der Kultur<\/p><\/div>\n<p style=\"text-align: justify;\"><strong>Weiterf\u00fchrend<\/strong> <strong>\u2192<\/strong> Poesie z\u00e4hlt f\u00fcr KUNO zu den identit\u00e4ts- und identifikationstiftenden Elementen der Kultur, dies bezeugt der Versuch einer <a href=\"http:\/\/www.editiondaslabor.de\/blog\/?p=25630\">poetologischen Positionsbestimmung<\/a>. Um den Widerstand gegen die gepolsterte Gegenwartslyrik ein wenig anzufachen schickte <span data-offset-key=\"d96ve-1-0\">Wolfgang Schlott<\/span><span data-offset-key=\"d96ve-2-0\"> dieses\u00a0 post-dadaistische <a href=\"http:\/\/www.editiondaslabor.de\/blog\/2016\/02\/03\/handwerkliche-anleitungen-zur-ueberwindung-von-schreibblockaden\/\">Manifest<\/a>. Warum<\/span> Lyrik wieder in die Zeitungen geh\u00f6rt <a href=\"http:\/\/www.editiondaslabor.de\/blog\/2017\/10\/07\/der-dichtung-eine-bresche-schlagen\/\">begr\u00fcndete<\/a> Walther Stonet, diese Forderung hat nichts an Aktualit\u00e4t verloren. Lesen Sie auch Maximilian Zanders <a href=\"http:\/\/www.editiondaslabor.de\/blog\/?p=5418\">Essay <\/a>\u00fcber Lyrik und ein R\u00fcckblick auf den <a href=\"http:\/\/www.editiondaslabor.de\/blog\/2014\/01\/08\/lyrik-katalog-bundesrepublik\/\"><em>Lyrik-Katalog Bundesrepublik<\/em><\/a>, sowie einen Essay \u00fcber den <a href=\"http:\/\/www.editiondaslabor.de\/blog\/2013\/12\/26\/lauschender-leser-und-redender-schreiber-2\/\">Lyrikvermittler<\/a> Theo Breuer. KUNO sch\u00e4tzt den minuti\u00f6sen Selbstinszenierungsprozess des lyrischen Dichter-Ichs von Ulrich Bergmann in der Reihe <a href=\"http:\/\/www.editiondaslabor.de\/blog\/?p=27947\">Keine Bojen auf hoher See, nur Sterne \u2026 und Schwerkraft. Gedanken \u00fcber das lyrische Schreiben<\/a>. Lesen Sie ein <a href=\"http:\/\/www.editiondaslabor.de\/blog\/?p=22835\">Portr\u00e4t <\/a>\u00fcber die interdisziplin\u00e4re T\u00e4tigkeit von Angelika Janz, sowie einen <a href=\"http:\/\/www.editiondaslabor.de\/blog\/?p=29450\">Essay<\/a> der <em>Fragmenttexterin.<\/em> Ein Portr\u00e4t von Sophie Reyer findet sich\u00a0<a href=\"http:\/\/www.editiondaslabor.de\/blog\/2013\/10\/08\/von-sappho-zu-sophie\/\">hier<\/a>, ein Essay fasst das transmediale Projekt<em> \u201e<a href=\"http:\/\/www.editiondaslabor.de\/blog\/2021\/04\/14\/bi-textualitaet\/\">Wortspielhalle<\/a>\u201c <\/em>zusammen<em>. <\/em>Auf KUNO lesen Sie u.a. Rezensionsessays von <a href=\"http:\/\/www.editiondaslabor.de\/blog\/2015\/06\/17\/beschwoerungszauber\/\">Holger Benkel<\/a> \u00fcber <a href=\"http:\/\/www.editiondaslabor.de\/blog\/?p=15175\">Andr\u00e9 Schinkel<\/a>, <a href=\"http:\/\/www.editiondaslabor.de\/blog\/2017\/11\/12\/mit-deutschen-untertiteln\/\">Ralph Pordzik<\/a>,\u00a0<a href=\"http:\/\/www.editiondaslabor.de\/blog\/2018\/12\/20\/wohnraeume-der-poesie\/\">Friederike Mayr\u00f6cker<\/a>, <a href=\"http:\/\/www.editiondaslabor.de\/blog\/2017\/03\/19\/welten-gegenwelten\/\">Werner Weimar-Mazur<\/a>, <a href=\"http:\/\/www.editiondaslabor.de\/blog\/2019\/06\/26\/wohnraeume-der-poesie-2\/\">Peter Engstler<\/a>, <a href=\"http:\/\/www.editiondaslabor.de\/blog\/?p=15177\">Birgitt Lieberwirth<\/a>, <a href=\"http:\/\/www.editiondaslabor.de\/blog\/2019\/08\/17\/der-grill-auf-der-hauswiese-der-welt\/\">Linda Vilhj\u00e1lmsd\u00f3ttir<\/a>, und <a href=\"http:\/\/www.editiondaslabor.de\/blog\/2017\/09\/17\/rettungsversuche-der-literatur-im-digitalen-raum\/\">A.J. Weigoni<\/a>. Lesenswert auch die <a href=\"http:\/\/www.editiondaslabor.de\/blog\/2020\/05\/16\/verseschmied-und-lyrikfischer\/\">Gratulation<\/a> von Axel Kutsch durch Markus Peters zum 75. Geburtstag. Nicht zu vergessen eine Empfehlung der kristallklaren Lyrik von <a href=\"http:\/\/www.editiondaslabor.de\/blog\/2020\/01\/19\/die-lyrikerin-ines-hagemeyer\/\">Ines Hagemeyer<\/a>. Diese Betrachtungen versammeln sich in der Tradition von <a href=\"http:\/\/www.editiondaslabor.de\/blog\/2000\/04\/04\/vauo\/\">V.O. Stomps<\/a>, dem Klassiker des Andersseins, dem <a href=\"http:\/\/www.editiondaslabor.de\/blog\/2005\/09\/24\/erinnerungen\/\">Bottroper Literaturrocker<\/a> &#8222;Biby&#8220; Wintjes und Hadayatullah H\u00fcbsch, dem Urvater des <a href=\"http:\/\/www.editiondaslabor.de\/blog\/1995\/06\/30\/wie-was-social-beat-ist-und-warum-und-warum-nicht\/\"><em>Social-Beat<\/em><\/a>, im KUNO-Online-Archiv. Wir empfehlen f\u00fcr Neulinge als Einstieg in das weite Feld der nonkonformistischen Literatur <a href=\"http:\/\/www.editiondaslabor.de\/blog\/2001\/04\/01\/nonkonformistische-literatur\/\">diesem Hinweis<\/a> zu folgen.<\/p>\n<p>&nbsp;<\/p>\n","protected":false},"excerpt":{"rendered":"<p>Vorbemerkung der Redaktion: KUNO widmet dem Gedicht auch in diesem Jahr den genauen Blick, das aufmerksame, geduldige, ins Denken gedrehte Lesen und Wiederlesen. Das Abtragen der Schichten, Auff\u00e4chern der Bedeutungsstr\u00e4nge, der Rhythmen und Kl\u00e4nge, der Br\u00fcche und Widerspr\u00fcche, die es,&hellip;<\/p>\n<p class=\"more-link-p\"><a class=\"more-link\" href=\"http:\/\/www.editiondaslabor.de\/blog\/2017\/10\/07\/der-dichtung-eine-bresche-schlagen\/\">Read more &rarr;<\/a><\/p>\n","protected":false},"author":164,"featured_media":98207,"comment_status":"closed","ping_status":"open","sticky":false,"template":"","format":"standard","meta":{"footnotes":""},"categories":[1],"tags":[1972],"class_list":["post-43838","post","type-post","status-publish","format-standard","has-post-thumbnail","hentry","category-literatur","tag-walther-stonet"],"_links":{"self":[{"href":"http:\/\/www.editiondaslabor.de\/blog\/wp-json\/wp\/v2\/posts\/43838","targetHints":{"allow":["GET"]}}],"collection":[{"href":"http:\/\/www.editiondaslabor.de\/blog\/wp-json\/wp\/v2\/posts"}],"about":[{"href":"http:\/\/www.editiondaslabor.de\/blog\/wp-json\/wp\/v2\/types\/post"}],"author":[{"embeddable":true,"href":"http:\/\/www.editiondaslabor.de\/blog\/wp-json\/wp\/v2\/users\/164"}],"replies":[{"embeddable":true,"href":"http:\/\/www.editiondaslabor.de\/blog\/wp-json\/wp\/v2\/comments?post=43838"}],"version-history":[{"count":1,"href":"http:\/\/www.editiondaslabor.de\/blog\/wp-json\/wp\/v2\/posts\/43838\/revisions"}],"predecessor-version":[{"id":101337,"href":"http:\/\/www.editiondaslabor.de\/blog\/wp-json\/wp\/v2\/posts\/43838\/revisions\/101337"}],"wp:featuredmedia":[{"embeddable":true,"href":"http:\/\/www.editiondaslabor.de\/blog\/wp-json\/wp\/v2\/media\/98207"}],"wp:attachment":[{"href":"http:\/\/www.editiondaslabor.de\/blog\/wp-json\/wp\/v2\/media?parent=43838"}],"wp:term":[{"taxonomy":"category","embeddable":true,"href":"http:\/\/www.editiondaslabor.de\/blog\/wp-json\/wp\/v2\/categories?post=43838"},{"taxonomy":"post_tag","embeddable":true,"href":"http:\/\/www.editiondaslabor.de\/blog\/wp-json\/wp\/v2\/tags?post=43838"}],"curies":[{"name":"wp","href":"https:\/\/api.w.org\/{rel}","templated":true}]}}