{"id":43232,"date":"2018-10-21T00:01:37","date_gmt":"2018-10-20T22:01:37","guid":{"rendered":"http:\/\/www.editiondaslabor.de\/blog\/?p=43232"},"modified":"2018-10-19T13:32:06","modified_gmt":"2018-10-19T11:32:06","slug":"weiteres-von-horsti-schmandhoff","status":"publish","type":"post","link":"http:\/\/www.editiondaslabor.de\/blog\/2018\/10\/21\/weiteres-von-horsti-schmandhoff\/","title":{"rendered":"WEITERES VON HORSTI SCHMANDHOFF"},"content":{"rendered":"<p>&nbsp;<\/p>\n<p>I<\/p>\n<p>Er lebte in kurparkst\u00e4dten<\/p>\n<p>mit dobermann gattin gehalt<\/p>\n<p>und die eiszeiten h\u00e4tten<\/p>\n<p>gesorgt da\u00df er langsam erkalt<\/p>\n<p>Hatte sie\u2019s licht ausgemacht<\/p>\n<p>der schatten an seinen w\u00e4nden<\/p>\n<p>kam \u00fcber ihn mit schlacht-<\/p>\n<p>messer in Himmlerschen h\u00e4nden<\/p>\n<p>&nbsp;<\/p>\n<p>Und der SA mann<\/p>\n<p>zeigt auf den juden<\/p>\n<p>Was ist mit Haarmann?<\/p>\n<p>spieltest nicht du den?<\/p>\n<p>Sitzen jetz beide<\/p>\n<p>im gleichen boot<\/p>\n<p>Was ich doch leide \u2013<\/p>\n<p>Fast wird er rot<\/p>\n<p>&nbsp;<\/p>\n<p>Hab im proze\u00df den shloime* genannt:<\/p>\n<p>der da hat unsre lade verbrannt \u2013<\/p>\n<p>&nbsp;<\/p>\n<p>Du aber wirst ein<\/p>\n<p>zweites mal fallen<\/p>\n<p>schildkr\u00f6te in des<\/p>\n<p>kondor krallen<\/p>\n<p>&nbsp;<\/p>\n<p>II<\/p>\n<p>Am morgen kam J Controlletto<\/p>\n<p>fragte: brauchste \u2018n billett?<\/p>\n<p>und brachte das frische libretto<\/p>\n<p>und ein begr\u00e4bnisbukett<\/p>\n<p>Glei\u00dfende leichen frisch<\/p>\n<p>von den versuchen an linken:<\/p>\n<p>Gefl\u00e4zt \u00fcbern schneidetisch:<\/p>\n<p>W\u00fcrd dir der posten stinken?<\/p>\n<p>&nbsp;<\/p>\n<p>&nbsp;<\/p>\n<p>Du bist bestallt den<\/p>\n<p>torf zu bereiten<\/p>\n<p>bleibt so des alten<\/p>\n<p>macht wie vor zeiten<\/p>\n<p>Linke und rechte<\/p>\n<p>beide verschieden<\/p>\n<p>beide nur knechte<\/p>\n<p>wichtig nur wie den<\/p>\n<p>&nbsp;<\/p>\n<p>falken die fl\u00fcgel zu schneiden sei<\/p>\n<p>da\u00df uns das aas beider seiten sei \u2013<\/p>\n<p>&nbsp;<\/p>\n<p>Du aber wirst ein<\/p>\n<p>zweites mal fallen<\/p>\n<p>h\u00f6rst du die<\/p>\n<p>Jericho maulharfen schallen?<\/p>\n<p>&nbsp;<\/p>\n<p>III<\/p>\n<p>Und er war ohne scham als<\/p>\n<p>er sich den Gr\u00fcnen verdingt<\/p>\n<p>Und die SA nummer? \u2013 Damals<\/p>\n<p>wurden die falschen gelinkt<\/p>\n<p>Als er die rede verfa\u00dft<\/p>\n<p>die von den neuen zeiten<\/p>\n<p>haben die ihn geha\u00dft<\/p>\n<p>gesessen in westlichen breiten<\/p>\n<p>&nbsp;<\/p>\n<p>Noch mal karriere<\/p>\n<p>in ner partei?<\/p>\n<p>als ob nix w\u00e4re<\/p>\n<p>Horsti dabei!<\/p>\n<p>k\u00f6nntet ihr vieles<\/p>\n<p>lernen den vor<\/p>\n<p>kimme des zieles<\/p>\n<p>endlich im chor:<\/p>\n<p>&nbsp;<\/p>\n<p>Wieder wie einst und ne wiese dazu<\/p>\n<p>Wandervogel so fliege auch du!<\/p>\n<p>&nbsp;<\/p>\n<p>Du aber wirst ein<\/p>\n<p>zweites mal fallen<\/p>\n<p>es gl\u00fchn die<\/p>\n<p>Nibelungenhallen<\/p>\n<p>&nbsp;<\/p>\n<p>&nbsp;<\/p>\n<p>IV<\/p>\n<p>Wollte schon immer die freiheit<\/p>\n<p>von all dem Stalingrad<\/p>\n<p>wollte schon lange die dreiheit<\/p>\n<p>von rasse natur und staat<\/p>\n<p>Sie kauften opfernatur<\/p>\n<p>da war er der zwischent\u00e4ter<\/p>\n<p>Bedarf\u2019s einmal st\u00e4rkerer kur:<\/p>\n<p>rasse und staat \u2013 doch sp\u00e4ter<\/p>\n<p>&nbsp;<\/p>\n<p>Hetzt seine truppe<\/p>\n<p>gegen ruinen<\/p>\n<p>Stahl in die suppe<\/p>\n<p>sch\u00e4rfer als die minen<\/p>\n<p>B\u00fcrgerwehr? tauglich!<\/p>\n<p>spelt* an die \u00e4hren!<\/p>\n<p>da\u00df wir ja auch nich<\/p>\n<p>waffenlos w\u00e4ren<\/p>\n<p>&nbsp;<\/p>\n<p>Stinkt\u2019s in den b\u00f6rsensaal ich mach den bock<\/p>\n<p>Wei\u00dfestes kalb geht als erstes zum block<\/p>\n<p>&nbsp;<\/p>\n<p>Du aber wirst ein<\/p>\n<p>zweites mal fallen<\/p>\n<p>fall keiner serbin<\/p>\n<p>in die krallen<\/p>\n<p>&nbsp;<\/p>\n<p>V<\/p>\n<p>Lymphe dem leib dem gedehnten<\/p>\n<p>selbstmord? lang an der zeit<\/p>\n<p>Orgeln holen den zehnten<\/p>\n<p>schlachth\u00e4lse pfeifen geleit<\/p>\n<p>Lethe australis mit dir?<\/p>\n<p>la\u00df dich am leichenbaum blicken<\/p>\n<p>Melbourner einwandrerschmier<\/p>\n<p>wird dich inn schlangenberg schicken<\/p>\n<p>&nbsp;<\/p>\n<p>H\u00e4ng dich am strick auf<\/p>\n<p>der wird nicht splei\u00dfen<\/p>\n<p>Trimm dein genick auf<\/p>\n<p>sauberes rei\u00dfen<\/p>\n<p>Fliehn wir nach s\u00fcden<\/p>\n<p>marsch wird zu geest<\/p>\n<p>doch deine r\u00fcden<\/p>\n<p>hecheln verwest<\/p>\n<p>&nbsp;<\/p>\n<p>Geier die fra\u00dfen sich \u00fcber dir fett<\/p>\n<p>machen dem neuen gefreiten das bett<\/p>\n<p>&nbsp;<\/p>\n<p>Du aber wirst ein<\/p>\n<p>zweites mal fallen<\/p>\n<p>schildkr\u00f6te in des<\/p>\n<p>kondor krallen<\/p>\n<p>&nbsp;<\/p>\n<p>&nbsp;<\/p>\n<p>Opfer standest du selbst an der wand<\/p>\n<p>Hast deine seife Shloime genannt<\/p>\n<p>&nbsp;<\/p>\n<p>&nbsp;<\/p>\n<p>&nbsp;<\/p>\n<p>&nbsp;<\/p>\n<p style=\"text-align: center;\">***<\/p>\n<p style=\"text-align: justify;\"><strong>Rohlieder I \u2013 X<\/strong> von HEL, KUNO 2018<\/p>\n<p class=\"hide-if-no-js\" style=\"text-align: justify;\"><a id=\"set-post-thumbnail\" class=\"thickbox\" href=\"http:\/\/www.editiondaslabor.de\/blog\/wp-admin\/media-upload.php?post_id=43206&amp;type=image&amp;TB_iframe=1\" aria-describedby=\"set-post-thumbnail-desc\"><img loading=\"lazy\" decoding=\"async\" class=\"attachment-266x266 size-266x266 alignleft\" src=\"http:\/\/www.editiondaslabor.de\/blog\/wp-content\/uploads\/2018\/03\/HEL.jpeg\" alt=\"\" width=\"150\" height=\"150\" \/><\/a>HEL ist bekannt geworden als Publizist gesellschaftskritischer Lyrik sowie Essays. Nach dem Zyklus\u00a0<em>Zeitgef\u00e4hrten<\/em><em>, die<\/em> zwischen 1977 \u2013 2008 entstanden sind, ver\u00f6ffentlicht KUNO die Reihe <i>Rohlieder I \u2013 X<\/i>, die dank Caroline Hartge neu ediert worden sind. Diese Gedichte legen eine Stimmung frei, die zwischen Melancholie und Unbeschwertheit, Wehmut und Klarheit wechselt.<\/p>\n<h5 style=\"text-align: justify;\">Weiterf\u00fchrend \u2192<\/h5>\n<p style=\"text-align: justify;\">Eine W\u00fcrdigung von HEL findet sich <a href=\"http:\/\/www.editiondaslabor.de\/blog\/?p=33276\">hier<\/a>. Ein faszinierend langer Briefwechsel zwischen Ulrich Bergmann und HEL findet sich <a href=\"http:\/\/www.editiondaslabor.de\/blog\/?p=9168\">hier<\/a>. Eine <a href=\"http:\/\/www.vordenker.de\/hel\/helbenntjes.htm\">H\u00f6rprobe<\/a> des Autors findet sich auf MetaPhon.<\/p>\n<p style=\"text-align: justify;\">\n<p style=\"text-align: justify;\">\n<p style=\"text-align: justify;\"><span style=\"color: #888888;\"><i>Anmerkungen:<\/i><\/span><\/p>\n<p style=\"text-align: justify;\"><span style=\"color: #888888;\"><i>shloime = \u201eantisemit. f\u00fcr jude, jidd. f\u00fcr Salomo\u201c<\/i><\/span><\/p>\n<p style=\"text-align: justify;\"><span style=\"color: #888888;\"><i>spelt = \u201eeine lautverschiebung zur\u00fcck f\u00fcr spelz\u201c<\/i><\/span><\/p>\n","protected":false},"excerpt":{"rendered":"<p>&nbsp; I Er lebte in kurparkst\u00e4dten mit dobermann gattin gehalt und die eiszeiten h\u00e4tten gesorgt da\u00df er langsam erkalt Hatte sie\u2019s licht ausgemacht der schatten an seinen w\u00e4nden kam \u00fcber ihn mit schlacht- messer in Himmlerschen h\u00e4nden &nbsp; Und der&hellip;<\/p>\n<p class=\"more-link-p\"><a class=\"more-link\" href=\"http:\/\/www.editiondaslabor.de\/blog\/2018\/10\/21\/weiteres-von-horsti-schmandhoff\/\">Read more &rarr;<\/a><\/p>\n","protected":false},"author":154,"featured_media":0,"comment_status":"closed","ping_status":"open","sticky":false,"template":"","format":"standard","meta":{"footnotes":""},"categories":[1],"tags":[1454],"class_list":["post-43232","post","type-post","status-publish","format-standard","hentry","category-literatur","tag-hel-toussaint"],"_links":{"self":[{"href":"http:\/\/www.editiondaslabor.de\/blog\/wp-json\/wp\/v2\/posts\/43232","targetHints":{"allow":["GET"]}}],"collection":[{"href":"http:\/\/www.editiondaslabor.de\/blog\/wp-json\/wp\/v2\/posts"}],"about":[{"href":"http:\/\/www.editiondaslabor.de\/blog\/wp-json\/wp\/v2\/types\/post"}],"author":[{"embeddable":true,"href":"http:\/\/www.editiondaslabor.de\/blog\/wp-json\/wp\/v2\/users\/154"}],"replies":[{"embeddable":true,"href":"http:\/\/www.editiondaslabor.de\/blog\/wp-json\/wp\/v2\/comments?post=43232"}],"version-history":[{"count":0,"href":"http:\/\/www.editiondaslabor.de\/blog\/wp-json\/wp\/v2\/posts\/43232\/revisions"}],"wp:attachment":[{"href":"http:\/\/www.editiondaslabor.de\/blog\/wp-json\/wp\/v2\/media?parent=43232"}],"wp:term":[{"taxonomy":"category","embeddable":true,"href":"http:\/\/www.editiondaslabor.de\/blog\/wp-json\/wp\/v2\/categories?post=43232"},{"taxonomy":"post_tag","embeddable":true,"href":"http:\/\/www.editiondaslabor.de\/blog\/wp-json\/wp\/v2\/tags?post=43232"}],"curies":[{"name":"wp","href":"https:\/\/api.w.org\/{rel}","templated":true}]}}