{"id":43226,"date":"2018-10-28T00:01:07","date_gmt":"2018-10-27T22:01:07","guid":{"rendered":"http:\/\/www.editiondaslabor.de\/blog\/?p=43226"},"modified":"2018-10-26T10:24:18","modified_gmt":"2018-10-26T08:24:18","slug":"kleines-lied-fuer-annette-humpe","status":"publish","type":"post","link":"http:\/\/www.editiondaslabor.de\/blog\/2018\/10\/28\/kleines-lied-fuer-annette-humpe\/","title":{"rendered":"KLEINES LIED F\u00dcR ANNETTE HUMPE"},"content":{"rendered":"<p>&nbsp;<\/p>\n<p>niemand h\u00e4lt den zug<\/p>\n<p>dieser zeit noch an<\/p>\n<p>dem es nicht genug<\/p>\n<p>werfe sich voran<\/p>\n<p>&nbsp;<\/p>\n<p>nimm die brillen ab<\/p>\n<p>la\u00df es durch dich gehen<\/p>\n<p>tritt die treppen ab<\/p>\n<p>bald wird rauch hier stehn<\/p>\n<p>&nbsp;<\/p>\n<p>l\u00f6sch dein aufgesicht<\/p>\n<p>bunker und gebein<\/p>\n<p>wenig war es nicht<\/p>\n<p>wird dein letztes sein<\/p>\n<p>&nbsp;<\/p>\n<p>nimm die blicke mit<\/p>\n<p>eh du k\u00e4lter bist<\/p>\n<p>mauer la\u00df im kitt<\/p>\n<p>die manch kind vergi\u00dft<\/p>\n<p>&nbsp;<\/p>\n<p>la\u00df das b\u00e4umen sein<\/p>\n<p>zeit war gro\u00df und knapp<\/p>\n<p>nichts wird davon klein<\/p>\n<p>gehst du leicht hinab<\/p>\n<p>&nbsp;<\/p>\n<p>keiner h\u00e4lt den zug<\/p>\n<p>w\u00fc\u00dft er auch den plan<\/p>\n<p>weite war genug<\/p>\n<p>w\u00e4cht mal zu die bahn<\/p>\n<p>&nbsp;<\/p>\n<p>la\u00df das leben ab<\/p>\n<p>was gibt hier noch halt<\/p>\n<p>rot ist blut wie krapp<\/p>\n<p>keinem war nicht halt<\/p>\n<p>&nbsp;<\/p>\n<p>l\u00f6se nicht den blick<\/p>\n<p>gibt nicht haut noch haar<\/p>\n<p>spiel den rest vom gig<\/p>\n<p>mehr wird sein als war<\/p>\n<p>&nbsp;<\/p>\n<p>dieser geisterzug<\/p>\n<p>geistert dir im hirn<\/p>\n<p>gibt\u2019s noch nicht genug<\/p>\n<p>h\u00e4mmer vor die stirn<\/p>\n<p>&nbsp;<\/p>\n<p>&nbsp;<\/p>\n<p>&nbsp;<\/p>\n<p style=\"text-align: center;\">***<\/p>\n<p style=\"text-align: justify;\"><strong>Rohlieder I \u2013 X<\/strong> von HEL, KUNO 2018<\/p>\n<p class=\"hide-if-no-js\" style=\"text-align: justify;\"><a id=\"set-post-thumbnail\" class=\"thickbox\" href=\"http:\/\/www.editiondaslabor.de\/blog\/wp-admin\/media-upload.php?post_id=43206&amp;type=image&amp;TB_iframe=1\" aria-describedby=\"set-post-thumbnail-desc\"><img loading=\"lazy\" decoding=\"async\" class=\"attachment-266x266 size-266x266 alignleft\" src=\"http:\/\/www.editiondaslabor.de\/blog\/wp-content\/uploads\/2018\/03\/HEL.jpeg\" alt=\"\" width=\"150\" height=\"150\" \/><\/a>HEL ist bekannt geworden als Publizist gesellschaftskritischer Lyrik sowie Essays. Nach dem Zyklus\u00a0<em>Zeitgef\u00e4hrten<\/em><em>, die<\/em> zwischen 1977 \u2013 2008 entstanden sind, ver\u00f6ffentlicht KUNO die Reihe <i>Rohlieder I \u2013 X<\/i>, die dank Caroline Hartge neu ediert worden sind. Diese Gedichte legen eine Stimmung frei, die zwischen Melancholie und Unbeschwertheit, Wehmut und Klarheit wechselt.<\/p>\n<h5 style=\"text-align: justify;\">Weiterf\u00fchrend \u2192<\/h5>\n<p style=\"text-align: justify;\">Eine W\u00fcrdigung von HEL findet sich <a href=\"http:\/\/www.editiondaslabor.de\/blog\/?p=33276\">hier<\/a>. Ein faszinierend langer Briefwechsel zwischen Ulrich Bergmann und HEL findet sich <a href=\"http:\/\/www.editiondaslabor.de\/blog\/?p=9168\">hier<\/a>. Eine <a href=\"http:\/\/www.vordenker.de\/hel\/helbenntjes.htm\">H\u00f6rprobe<\/a> des Autors findet sich auf MetaPhon.<\/p>\n<p style=\"text-align: justify;\" align=\"right\">\n","protected":false},"excerpt":{"rendered":"<p>&nbsp; niemand h\u00e4lt den zug dieser zeit noch an dem es nicht genug werfe sich voran &nbsp; nimm die brillen ab la\u00df es durch dich gehen tritt die treppen ab bald wird rauch hier stehn &nbsp; l\u00f6sch dein aufgesicht bunker&hellip;<\/p>\n<p class=\"more-link-p\"><a class=\"more-link\" href=\"http:\/\/www.editiondaslabor.de\/blog\/2018\/10\/28\/kleines-lied-fuer-annette-humpe\/\">Read more &rarr;<\/a><\/p>\n","protected":false},"author":154,"featured_media":0,"comment_status":"closed","ping_status":"open","sticky":false,"template":"","format":"standard","meta":{"footnotes":""},"categories":[1],"tags":[1454],"class_list":["post-43226","post","type-post","status-publish","format-standard","hentry","category-literatur","tag-hel-toussaint"],"_links":{"self":[{"href":"http:\/\/www.editiondaslabor.de\/blog\/wp-json\/wp\/v2\/posts\/43226","targetHints":{"allow":["GET"]}}],"collection":[{"href":"http:\/\/www.editiondaslabor.de\/blog\/wp-json\/wp\/v2\/posts"}],"about":[{"href":"http:\/\/www.editiondaslabor.de\/blog\/wp-json\/wp\/v2\/types\/post"}],"author":[{"embeddable":true,"href":"http:\/\/www.editiondaslabor.de\/blog\/wp-json\/wp\/v2\/users\/154"}],"replies":[{"embeddable":true,"href":"http:\/\/www.editiondaslabor.de\/blog\/wp-json\/wp\/v2\/comments?post=43226"}],"version-history":[{"count":0,"href":"http:\/\/www.editiondaslabor.de\/blog\/wp-json\/wp\/v2\/posts\/43226\/revisions"}],"wp:attachment":[{"href":"http:\/\/www.editiondaslabor.de\/blog\/wp-json\/wp\/v2\/media?parent=43226"}],"wp:term":[{"taxonomy":"category","embeddable":true,"href":"http:\/\/www.editiondaslabor.de\/blog\/wp-json\/wp\/v2\/categories?post=43226"},{"taxonomy":"post_tag","embeddable":true,"href":"http:\/\/www.editiondaslabor.de\/blog\/wp-json\/wp\/v2\/tags?post=43226"}],"curies":[{"name":"wp","href":"https:\/\/api.w.org\/{rel}","templated":true}]}}