{"id":43221,"date":"1989-12-24T00:01:48","date_gmt":"1989-12-23T23:01:48","guid":{"rendered":"http:\/\/www.editiondaslabor.de\/blog\/?p=43221"},"modified":"2021-09-29T18:13:47","modified_gmt":"2021-09-29T16:13:47","slug":"weihnachtszonenlied-2","status":"publish","type":"post","link":"http:\/\/www.editiondaslabor.de\/blog\/1989\/12\/24\/weihnachtszonenlied-2\/","title":{"rendered":"WEIHNACHTSZONENLIED"},"content":{"rendered":"<p>&nbsp;<\/p>\n<p>Versucht nicht nachts zu zahlen<\/p>\n<p>was Ihr am tag vers\u00e4umt<\/p>\n<p>Nur in den rauhnachttalen<\/p>\n<p>ist liebe einger\u00e4umt<\/p>\n<p>&nbsp;<\/p>\n<p>Habt Ihr denn schon vergessen<\/p>\n<p>wof\u00fcr der weltverhau?<\/p>\n<p>Ihr sagtet: F\u00fcr das fressen<\/p>\n<p>Es brennt die seele blau<\/p>\n<p>&nbsp;<\/p>\n<p>So steht zu Euren schatten<\/p>\n<p>am tag des nordlichts doch<\/p>\n<p>Sonst k\u00f6nntet Ihr begatten<\/p>\n<p>des fremden fremdes loch<\/p>\n<p>&nbsp;<\/p>\n<p>Das habt Ihr selbst gegraben<\/p>\n<p>mit pauke und gebet<\/p>\n<p>La\u00dft sch\u00e4big und in schaben<\/p>\n<p>den der da drau\u00dfen steht<\/p>\n<p>&nbsp;<\/p>\n<p>In diesem sinne w\u00fcnschen<\/p>\n<p>wir Euch ein seliges fest<\/p>\n<p>und da\u00df wir nicht verp\u00fcnschen<\/p>\n<p>was Euch nicht ruhen l\u00e4\u00dft<\/p>\n<p>&nbsp;<\/p>\n<p>&nbsp;<\/p>\n<p style=\"text-align: center;\">***<\/p>\n<p style=\"text-align: justify;\"><strong>Rohlieder I \u2013 X<\/strong> von HEL<\/p>\n<p class=\"hide-if-no-js\" style=\"text-align: justify;\"><a id=\"set-post-thumbnail\" class=\"thickbox\" href=\"http:\/\/www.editiondaslabor.de\/blog\/wp-admin\/media-upload.php?post_id=43206&amp;type=image&amp;TB_iframe=1\" aria-describedby=\"set-post-thumbnail-desc\"><img loading=\"lazy\" decoding=\"async\" class=\"attachment-266x266 size-266x266 alignleft\" src=\"http:\/\/www.editiondaslabor.de\/blog\/wp-content\/uploads\/2018\/03\/HEL.jpeg\" alt=\"\" width=\"150\" height=\"150\" \/><\/a>HEL ist bekannt geworden als Publizist gesellschaftskritischer Lyrik sowie Essays. Nach dem Zyklus\u00a0<em>Zeitgef\u00e4hrten<\/em><em>, die<\/em> zwischen 1977 \u2013 2008 entstanden sind, ver\u00f6ffentlicht KUNO die Reihe <i>Rohlieder I \u2013 X<\/i>, die dank Caroline Hartge neu ediert worden sind. Diese Gedichte legen eine Stimmung frei, die zwischen Melancholie und Unbeschwertheit, Wehmut und Klarheit wechselt.<\/p>\n<h5 style=\"text-align: justify;\">Weiterf\u00fchrend \u2192<\/h5>\n<p style=\"text-align: justify;\">Eine W\u00fcrdigung von HEL findet sich <a href=\"http:\/\/www.editiondaslabor.de\/blog\/?p=33276\">hier<\/a>. Ein faszinierend langer Briefwechsel zwischen Ulrich Bergmann und HEL findet sich <a href=\"http:\/\/www.editiondaslabor.de\/blog\/?p=9168\">hier<\/a>. Eine <a href=\"http:\/\/www.vordenker.de\/hel\/helbenntjes.htm\">H\u00f6rprobe<\/a> des Autors findet sich auf MetaPhon.<\/p>\n<p><span style=\"color: #999999;\"><i>Anmerkung:<\/i><\/span><\/p>\n<p><i>co Mertens Pit (Peter Mertens)<\/i><\/p>\n","protected":false},"excerpt":{"rendered":"<p>&nbsp; Versucht nicht nachts zu zahlen was Ihr am tag vers\u00e4umt Nur in den rauhnachttalen ist liebe einger\u00e4umt &nbsp; Habt Ihr denn schon vergessen wof\u00fcr der weltverhau? Ihr sagtet: F\u00fcr das fressen Es brennt die seele blau &nbsp; So steht&hellip;<\/p>\n<p class=\"more-link-p\"><a class=\"more-link\" href=\"http:\/\/www.editiondaslabor.de\/blog\/1989\/12\/24\/weihnachtszonenlied-2\/\">Read more &rarr;<\/a><\/p>\n","protected":false},"author":154,"featured_media":46967,"comment_status":"closed","ping_status":"open","sticky":false,"template":"","format":"standard","meta":{"footnotes":""},"categories":[1],"tags":[1454],"class_list":["post-43221","post","type-post","status-publish","format-standard","has-post-thumbnail","hentry","category-literatur","tag-hel-toussaint"],"_links":{"self":[{"href":"http:\/\/www.editiondaslabor.de\/blog\/wp-json\/wp\/v2\/posts\/43221","targetHints":{"allow":["GET"]}}],"collection":[{"href":"http:\/\/www.editiondaslabor.de\/blog\/wp-json\/wp\/v2\/posts"}],"about":[{"href":"http:\/\/www.editiondaslabor.de\/blog\/wp-json\/wp\/v2\/types\/post"}],"author":[{"embeddable":true,"href":"http:\/\/www.editiondaslabor.de\/blog\/wp-json\/wp\/v2\/users\/154"}],"replies":[{"embeddable":true,"href":"http:\/\/www.editiondaslabor.de\/blog\/wp-json\/wp\/v2\/comments?post=43221"}],"version-history":[{"count":0,"href":"http:\/\/www.editiondaslabor.de\/blog\/wp-json\/wp\/v2\/posts\/43221\/revisions"}],"wp:featuredmedia":[{"embeddable":true,"href":"http:\/\/www.editiondaslabor.de\/blog\/wp-json\/"}],"wp:attachment":[{"href":"http:\/\/www.editiondaslabor.de\/blog\/wp-json\/wp\/v2\/media?parent=43221"}],"wp:term":[{"taxonomy":"category","embeddable":true,"href":"http:\/\/www.editiondaslabor.de\/blog\/wp-json\/wp\/v2\/categories?post=43221"},{"taxonomy":"post_tag","embeddable":true,"href":"http:\/\/www.editiondaslabor.de\/blog\/wp-json\/wp\/v2\/tags?post=43221"}],"curies":[{"name":"wp","href":"https:\/\/api.w.org\/{rel}","templated":true}]}}