{"id":43187,"date":"1995-07-08T00:01:40","date_gmt":"1995-07-07T22:01:40","guid":{"rendered":"http:\/\/www.editiondaslabor.de\/blog\/?p=43187"},"modified":"2021-10-24T00:08:54","modified_gmt":"2021-10-23T22:08:54","slug":"was-sind-das-fuer-maedchen","status":"publish","type":"post","link":"http:\/\/www.editiondaslabor.de\/blog\/1995\/07\/08\/was-sind-das-fuer-maedchen\/","title":{"rendered":"Was sind das f\u00fcr m\u00e4dchen"},"content":{"rendered":"<p>&nbsp;<\/p>\n<p>Was sind das f\u00fcr m\u00e4dchen<\/p>\n<p>die mit gro\u00dfen hunden<\/p>\n<p>in abendstunden<\/p>\n<p>im Elisenpark gehn<\/p>\n<p>&nbsp;<\/p>\n<p>Was ist ihre angst auf<\/p>\n<p>n\u00e4chtlichen runden<\/p>\n<p>was ihre lust<\/p>\n<p>wer soll sie verstehen<\/p>\n<p>&nbsp;<\/p>\n<p>Jene schmalen kinder<\/p>\n<p>mit gro\u00dfen hunden<\/p>\n<p>was wird sie verwunden<\/p>\n<p>was wird sie versehn<\/p>\n<p>&nbsp;<\/p>\n<p>Zu sp\u00e4teren stunden<\/p>\n<p>in welches nest<\/p>\n<p>in welches ge\u00e4st<\/p>\n<p>sind sie verschwunden<\/p>\n<p>&nbsp;<\/p>\n<p>&nbsp;<\/p>\n<p style=\"text-align: center;\">***<\/p>\n<p style=\"text-align: justify;\"><strong>Rohlieder I \u2013 X<\/strong> von HEL<\/p>\n<p class=\"hide-if-no-js\" style=\"text-align: justify;\"><a id=\"set-post-thumbnail\" class=\"thickbox\" href=\"http:\/\/www.editiondaslabor.de\/blog\/wp-admin\/media-upload.php?post_id=43168&amp;type=image&amp;TB_iframe=1\" aria-describedby=\"set-post-thumbnail-desc\"><img loading=\"lazy\" decoding=\"async\" class=\"attachment-266x266 size-266x266 alignleft\" src=\"http:\/\/www.editiondaslabor.de\/blog\/wp-content\/uploads\/2018\/03\/HEL.jpeg\" alt=\"\" width=\"150\" height=\"150\" \/><\/a>HEL ist bekannt geworden als Publizist gesellschaftskritischer Lyrik sowie Essays. Nach dem Zyklus\u00a0<em>Zeitgef\u00e4hrten<\/em><em>, die<\/em> zwischen 1977 \u2013 2008 entstanden sind, ver\u00f6ffentlicht KUNO die Reihe <i>Rohlieder I \u2013 X<\/i>, die dank Caroline Hartge neu ediert worden sind. Diese Gedichte legen eine Stimmung frei, die zwischen Melancholie und Unbeschwertheit, Wehmut und Klarheit wechselt.<\/p>\n<h5 style=\"text-align: justify;\">Weiterf\u00fchrend \u2192<\/h5>\n<p style=\"text-align: justify;\">Eine W\u00fcrdigung von HEL findet sich <a href=\"http:\/\/www.editiondaslabor.de\/blog\/?p=33276\">hier<\/a>. Ein faszinierend langer Briefwechsel zwischen Ulrich Bergmann und HEL findet sich <a href=\"http:\/\/www.editiondaslabor.de\/blog\/?p=9168\">hier<\/a>. Eine <a href=\"http:\/\/www.vordenker.de\/hel\/helbenntjes.htm\">H\u00f6rprobe<\/a> des Autors findet sich auf MetaPhon.<\/p>\n<p>&nbsp;<\/p>\n","protected":false},"excerpt":{"rendered":"<p>&nbsp; Was sind das f\u00fcr m\u00e4dchen die mit gro\u00dfen hunden in abendstunden im Elisenpark gehn &nbsp; Was ist ihre angst auf n\u00e4chtlichen runden was ihre lust wer soll sie verstehen &nbsp; Jene schmalen kinder mit gro\u00dfen hunden was wird sie&hellip;<\/p>\n<p class=\"more-link-p\"><a class=\"more-link\" href=\"http:\/\/www.editiondaslabor.de\/blog\/1995\/07\/08\/was-sind-das-fuer-maedchen\/\">Read more &rarr;<\/a><\/p>\n","protected":false},"author":154,"featured_media":46967,"comment_status":"closed","ping_status":"open","sticky":false,"template":"","format":"standard","meta":{"footnotes":""},"categories":[1],"tags":[1454],"class_list":["post-43187","post","type-post","status-publish","format-standard","has-post-thumbnail","hentry","category-literatur","tag-hel-toussaint"],"_links":{"self":[{"href":"http:\/\/www.editiondaslabor.de\/blog\/wp-json\/wp\/v2\/posts\/43187","targetHints":{"allow":["GET"]}}],"collection":[{"href":"http:\/\/www.editiondaslabor.de\/blog\/wp-json\/wp\/v2\/posts"}],"about":[{"href":"http:\/\/www.editiondaslabor.de\/blog\/wp-json\/wp\/v2\/types\/post"}],"author":[{"embeddable":true,"href":"http:\/\/www.editiondaslabor.de\/blog\/wp-json\/wp\/v2\/users\/154"}],"replies":[{"embeddable":true,"href":"http:\/\/www.editiondaslabor.de\/blog\/wp-json\/wp\/v2\/comments?post=43187"}],"version-history":[{"count":0,"href":"http:\/\/www.editiondaslabor.de\/blog\/wp-json\/wp\/v2\/posts\/43187\/revisions"}],"wp:featuredmedia":[{"embeddable":true,"href":"http:\/\/www.editiondaslabor.de\/blog\/wp-json\/"}],"wp:attachment":[{"href":"http:\/\/www.editiondaslabor.de\/blog\/wp-json\/wp\/v2\/media?parent=43187"}],"wp:term":[{"taxonomy":"category","embeddable":true,"href":"http:\/\/www.editiondaslabor.de\/blog\/wp-json\/wp\/v2\/categories?post=43187"},{"taxonomy":"post_tag","embeddable":true,"href":"http:\/\/www.editiondaslabor.de\/blog\/wp-json\/wp\/v2\/tags?post=43187"}],"curies":[{"name":"wp","href":"https:\/\/api.w.org\/{rel}","templated":true}]}}