{"id":43176,"date":"2008-06-06T00:01:40","date_gmt":"2008-06-05T22:01:40","guid":{"rendered":"http:\/\/www.editiondaslabor.de\/blog\/?p=43176"},"modified":"2022-01-01T08:21:55","modified_gmt":"2022-01-01T07:21:55","slug":"starke-stimme-sie-groelt-nicht-mehr","status":"publish","type":"post","link":"http:\/\/www.editiondaslabor.de\/blog\/2008\/06\/06\/starke-stimme-sie-groelt-nicht-mehr\/","title":{"rendered":"starke stimme sie gr\u00f6lt nicht mehr"},"content":{"rendered":"<p>&nbsp;<\/p>\n<p>starke stimme sie gr\u00f6lt nicht mehr<\/p>\n<p>la\u00df sie nicht h\u00f6ren fernstra\u00dfenher<\/p>\n<p>&nbsp;<\/p>\n<p>puls von ungeh\u00f6rtem gesang<\/p>\n<p>der den frostigen morgen bezwang<\/p>\n<p>&nbsp;<\/p>\n<p>w\u00e4hrend die angst zum herzen greift<\/p>\n<p>brauen im eisigen taggrund bereift<\/p>\n<p>&nbsp;<\/p>\n<p>sehnsucht nach frieden im wolkenge\u00e4st<\/p>\n<p>das sich nicht mehr erinnern l\u00e4\u00dft<\/p>\n<p>&nbsp;<\/p>\n<p>liebe zum meer zu den kalten seen<\/p>\n<p>liebe verschwendet an irgendwen<\/p>\n<p>&nbsp;<\/p>\n<p>du entdeckst dich im fremden gesicht<\/p>\n<p>das ist nicht glatter nicht roter im licht<\/p>\n<p>&nbsp;<\/p>\n<p>denn denkst du nur an leiser sein<\/p>\n<p>leg trauer an\u00a0\u00a0 wir sind allein<\/p>\n<p>&nbsp;<\/p>\n<p>&nbsp;<\/p>\n<p>&nbsp;<\/p>\n<p style=\"text-align: center;\">***<\/p>\n<p>&nbsp;<\/p>\n<p style=\"text-align: justify;\"><strong>Rohlieder I \u2013 X<\/strong> von HEL<\/p>\n<p class=\"hide-if-no-js\" style=\"text-align: justify;\"><a id=\"set-post-thumbnail\" class=\"thickbox\" href=\"http:\/\/www.editiondaslabor.de\/blog\/wp-admin\/media-upload.php?post_id=43168&amp;type=image&amp;TB_iframe=1\" aria-describedby=\"set-post-thumbnail-desc\"><img loading=\"lazy\" decoding=\"async\" class=\"attachment-266x266 size-266x266 alignleft\" src=\"http:\/\/www.editiondaslabor.de\/blog\/wp-content\/uploads\/2018\/03\/HEL.jpeg\" alt=\"\" width=\"150\" height=\"150\" \/><\/a>HEL ist bekannt geworden als Publizist gesellschaftskritischer Lyrik sowie Essays. Nach dem Zyklus\u00a0<em>Zeitgef\u00e4hrten<\/em><em>, die<\/em> zwischen 1977 \u2013 2008 entstanden sind, ver\u00f6ffentlicht KUNO die Reihe <i>Rohlieder I \u2013 X<\/i>, die dank Caroline Hartge neu ediert worden sind. Diese Gedichte legen eine Stimmung frei, die zwischen Melancholie und Unbeschwertheit, Wehmut und Klarheit wechselt.<\/p>\n<h5 style=\"text-align: justify;\">Weiterf\u00fchrend \u2192<\/h5>\n<p style=\"text-align: justify;\">Eine W\u00fcrdigung von HEL findet sich <a href=\"http:\/\/www.editiondaslabor.de\/blog\/?p=33276\">hier<\/a>. Eine faszinierend langer Briefwechsel zwischen Ulrich Bergmann und HEL findet sich <a href=\"http:\/\/www.editiondaslabor.de\/blog\/?p=9168\">hier<\/a>. Eine <a href=\"http:\/\/www.vordenker.de\/hel\/helbenntjes.htm\">H\u00f6rprobe<\/a> des Autors findet sich auf MetaPhon.<\/p>\n","protected":false},"excerpt":{"rendered":"<p>&nbsp; starke stimme sie gr\u00f6lt nicht mehr la\u00df sie nicht h\u00f6ren fernstra\u00dfenher &nbsp; puls von ungeh\u00f6rtem gesang der den frostigen morgen bezwang &nbsp; w\u00e4hrend die angst zum herzen greift brauen im eisigen taggrund bereift &nbsp; sehnsucht nach frieden im wolkenge\u00e4st&hellip;<\/p>\n<p class=\"more-link-p\"><a class=\"more-link\" href=\"http:\/\/www.editiondaslabor.de\/blog\/2008\/06\/06\/starke-stimme-sie-groelt-nicht-mehr\/\">Read more &rarr;<\/a><\/p>\n","protected":false},"author":154,"featured_media":46967,"comment_status":"closed","ping_status":"open","sticky":false,"template":"","format":"standard","meta":{"footnotes":""},"categories":[1],"tags":[1454],"class_list":["post-43176","post","type-post","status-publish","format-standard","has-post-thumbnail","hentry","category-literatur","tag-hel-toussaint"],"_links":{"self":[{"href":"http:\/\/www.editiondaslabor.de\/blog\/wp-json\/wp\/v2\/posts\/43176","targetHints":{"allow":["GET"]}}],"collection":[{"href":"http:\/\/www.editiondaslabor.de\/blog\/wp-json\/wp\/v2\/posts"}],"about":[{"href":"http:\/\/www.editiondaslabor.de\/blog\/wp-json\/wp\/v2\/types\/post"}],"author":[{"embeddable":true,"href":"http:\/\/www.editiondaslabor.de\/blog\/wp-json\/wp\/v2\/users\/154"}],"replies":[{"embeddable":true,"href":"http:\/\/www.editiondaslabor.de\/blog\/wp-json\/wp\/v2\/comments?post=43176"}],"version-history":[{"count":0,"href":"http:\/\/www.editiondaslabor.de\/blog\/wp-json\/wp\/v2\/posts\/43176\/revisions"}],"wp:featuredmedia":[{"embeddable":true,"href":"http:\/\/www.editiondaslabor.de\/blog\/wp-json\/"}],"wp:attachment":[{"href":"http:\/\/www.editiondaslabor.de\/blog\/wp-json\/wp\/v2\/media?parent=43176"}],"wp:term":[{"taxonomy":"category","embeddable":true,"href":"http:\/\/www.editiondaslabor.de\/blog\/wp-json\/wp\/v2\/categories?post=43176"},{"taxonomy":"post_tag","embeddable":true,"href":"http:\/\/www.editiondaslabor.de\/blog\/wp-json\/wp\/v2\/tags?post=43176"}],"curies":[{"name":"wp","href":"https:\/\/api.w.org\/{rel}","templated":true}]}}