{"id":42517,"date":"2018-02-09T00:01:57","date_gmt":"2018-02-08T23:01:57","guid":{"rendered":"http:\/\/www.editiondaslabor.de\/blog\/?p=42517"},"modified":"2021-06-14T12:41:28","modified_gmt":"2021-06-14T10:41:28","slug":"fronleichnamsfest","status":"publish","type":"post","link":"http:\/\/www.editiondaslabor.de\/blog\/2018\/02\/09\/fronleichnamsfest\/","title":{"rendered":"FRONLEICHNAMSFEST"},"content":{"rendered":"<div class=\"\" dir=\"auto\">\n<div id=\"jsc_c_1fk\" class=\"ecm0bbzt hv4rvrfc ihqw7lf3 dati1w0a\" data-ad-comet-preview=\"message\" data-ad-preview=\"message\">\n<div class=\"j83agx80 cbu4d94t ew0dbk1b irj2b8pg\">\n<div class=\"qzhwtbm6 knvmm38d\">\n<div class=\"kvgmc6g5 cxmmr5t8 oygrvhab hcukyx3x c1et5uql ii04i59q\">\n<p>&nbsp;<\/p>\n<p style=\"text-align: justify;\">FRONLEICHNAM war mir in meiner Kindheit immer das mir liebste Fest. Da war der ganze Ort mit Birken und vielen Blumen sowie mit Heiligenbildern und brennenden Kerzen in den Fenstern der H\u00e4user geschm\u00fcckt. Und wir Kinder waren alle sch\u00f6n angezogen und herausgeputzt. Und dann gab es die feierliches Prozession mit dem Te Deum am Schlu\u00df. Und was Gutes zum Essen. Und nachmittags das erste Eis. Vorher wurden wir alle vom Vater mit seiner Agfa-Box fotografiert. Kinderfreuden! Kinderzeit! Nach der Nazizeit. Das alles ist l\u00e4ngst vorbei; aber noch immer lebendig in meiner Erinnerung; und alles aufgeschrieben in meinen B\u00fcchern &#8222;Lebensbilder&#8220; und &#8222;Erinnerungsbilder&#8220;( im L\u00f6cker Verlag erschienen).<\/p>\n<p>&nbsp;<\/p>\n<p style=\"text-align: center;\">FRONLEICHNAMSFEST<\/p>\n<p style=\"text-align: center;\">in Haslach\/M\u00fchlviertel<\/p>\n<p style=\"text-align: center;\">die gr\u00fcnen birkenb\u00e4ume<\/p>\n<p style=\"text-align: center;\">die geschm\u00fcckten h\u00e4user<\/p>\n<p style=\"text-align: center;\">die bilder in den fenstern<\/p>\n<p style=\"text-align: center;\">die wehenden fahnen<\/p>\n<p style=\"text-align: center;\">die vielen uniformen<\/p>\n<p style=\"text-align: center;\">die priester im ornat<\/p>\n<p style=\"text-align: center;\">die goldene monstranz<\/p>\n<p style=\"text-align: center;\">das silberne gro\u00dfe kreuz<\/p>\n<p style=\"text-align: center;\">umgeben von gewehren<\/p>\n<p style=\"text-align: center;\">die brennenden kerzen<\/p>\n<p style=\"text-align: center;\">die bilder in den fenstern<\/p>\n<p style=\"text-align: center;\">die wei\u00dfgekleideten m\u00e4dchen<\/p>\n<p style=\"text-align: center;\">die knaben im matrosenanzug<\/p>\n<p style=\"text-align: center;\">die sogenannten honoratioren<\/p>\n<p style=\"text-align: center;\">die gendarmerie die feuerwehr<\/p>\n<p style=\"text-align: center;\">die b\u00fcrgergarde die pfadfinder<\/p>\n<p style=\"text-align: center;\">die goldhaubenfrauen der chor<\/p>\n<p style=\"text-align: center;\">die jungm\u00e4nner jungm\u00e4dchen<\/p>\n<p style=\"text-align: center;\">die alten m\u00e4nner und frauen<\/p>\n<p style=\"text-align: center;\">dem\u00fctig gebeugt und gehorsam<\/p>\n<p style=\"text-align: center;\">die ordensgeschm\u00fcckten veteranen<\/p>\n<p style=\"text-align: center;\">der kameradschaftsbund in marsch<\/p>\n<p style=\"text-align: center;\">das Vater unser und das Ave Maria<\/p>\n<p style=\"text-align: center;\">das glockengel\u00e4ute der segen<\/p>\n<p style=\"text-align: center;\">der weihrauch das Te Deum<\/p>\n<p style=\"text-align: right;\">Haslach\/Wien 1978<\/p>\n<\/div>\n<div class=\"o9v6fnle cxmmr5t8 oygrvhab hcukyx3x c1et5uql ii04i59q\">\n<div dir=\"auto\"><\/div>\n<\/div>\n<\/div>\n<\/div>\n<\/div>\n<\/div>\n<p>&nbsp;<\/p>\n<p>&nbsp;<\/p>\n<p>&nbsp;<\/p>\n<div id=\"attachment_14681\" style=\"width: 230px\" class=\"wp-caption alignleft\"><a href=\"http:\/\/www.editiondaslabor.de\/blog\/wp-content\/uploads\/2013\/12\/220px-Peter_Paul_Wiplinger.jpg\"><img loading=\"lazy\" decoding=\"async\" aria-describedby=\"caption-attachment-14681\" class=\"size-full wp-image-14681\" src=\"http:\/\/www.editiondaslabor.de\/blog\/wp-content\/uploads\/2013\/12\/220px-Peter_Paul_Wiplinger.jpg\" alt=\"\" width=\"220\" height=\"330\" srcset=\"http:\/\/www.editiondaslabor.de\/blog\/wp-content\/uploads\/2013\/12\/220px-Peter_Paul_Wiplinger.jpg 220w, http:\/\/www.editiondaslabor.de\/blog\/wp-content\/uploads\/2013\/12\/220px-Peter_Paul_Wiplinger-200x300.jpg 200w\" sizes=\"auto, (max-width: 220px) 100vw, 220px\" \/><\/a><p id=\"caption-attachment-14681\" class=\"wp-caption-text\">Photo: Gerald Ganglbauer<\/p><\/div>\n<p><strong>Weiterf\u00fchrend \u2192<\/strong><\/p>\n<p style=\"text-align: justify;\">\u00dcber den dezidiert politisch arbeitenden Peter Paul Wiplinger lesen Sie hier eine <a href=\"http:\/\/www.editiondaslabor.de\/blog\/?p=14676\">W\u00fcrdigung<\/a>.<\/p>\n","protected":false},"excerpt":{"rendered":"<p>&nbsp; FRONLEICHNAM war mir in meiner Kindheit immer das mir liebste Fest. Da war der ganze Ort mit Birken und vielen Blumen sowie mit Heiligenbildern und brennenden Kerzen in den Fenstern der H\u00e4user geschm\u00fcckt. Und wir Kinder waren alle sch\u00f6n&hellip;<\/p>\n<p class=\"more-link-p\"><a class=\"more-link\" href=\"http:\/\/www.editiondaslabor.de\/blog\/2018\/02\/09\/fronleichnamsfest\/\">Read more &rarr;<\/a><\/p>\n","protected":false},"author":98,"featured_media":14681,"comment_status":"closed","ping_status":"open","sticky":false,"template":"","format":"standard","meta":{"footnotes":""},"categories":[1],"tags":[1142],"class_list":["post-42517","post","type-post","status-publish","format-standard","has-post-thumbnail","hentry","category-literatur","tag-peter-paul-wiplinger"],"_links":{"self":[{"href":"http:\/\/www.editiondaslabor.de\/blog\/wp-json\/wp\/v2\/posts\/42517","targetHints":{"allow":["GET"]}}],"collection":[{"href":"http:\/\/www.editiondaslabor.de\/blog\/wp-json\/wp\/v2\/posts"}],"about":[{"href":"http:\/\/www.editiondaslabor.de\/blog\/wp-json\/wp\/v2\/types\/post"}],"author":[{"embeddable":true,"href":"http:\/\/www.editiondaslabor.de\/blog\/wp-json\/wp\/v2\/users\/98"}],"replies":[{"embeddable":true,"href":"http:\/\/www.editiondaslabor.de\/blog\/wp-json\/wp\/v2\/comments?post=42517"}],"version-history":[{"count":0,"href":"http:\/\/www.editiondaslabor.de\/blog\/wp-json\/wp\/v2\/posts\/42517\/revisions"}],"wp:featuredmedia":[{"embeddable":true,"href":"http:\/\/www.editiondaslabor.de\/blog\/wp-json\/"}],"wp:attachment":[{"href":"http:\/\/www.editiondaslabor.de\/blog\/wp-json\/wp\/v2\/media?parent=42517"}],"wp:term":[{"taxonomy":"category","embeddable":true,"href":"http:\/\/www.editiondaslabor.de\/blog\/wp-json\/wp\/v2\/categories?post=42517"},{"taxonomy":"post_tag","embeddable":true,"href":"http:\/\/www.editiondaslabor.de\/blog\/wp-json\/wp\/v2\/tags?post=42517"}],"curies":[{"name":"wp","href":"https:\/\/api.w.org\/{rel}","templated":true}]}}