{"id":42391,"date":"1999-03-21T00:01:12","date_gmt":"1999-03-20T23:01:12","guid":{"rendered":"http:\/\/www.editiondaslabor.de\/blog\/?p=42391"},"modified":"2024-05-18T18:43:56","modified_gmt":"2024-05-18T16:43:56","slug":"welttag-der-poesie-3","status":"publish","type":"post","link":"http:\/\/www.editiondaslabor.de\/blog\/1999\/03\/21\/welttag-der-poesie-3\/","title":{"rendered":"Welttag der Poesie"},"content":{"rendered":"<p style=\"text-align: justify;\"><span style=\"color: #888888;\">Vorbemerkung der Redaktion:<\/span> Ab dem kommenden Jahr wird jedes Jahr der <em>Welttag der Poesie<\/em> gefeiert. Er soll an \u201edie Vielfalt des Kulturguts Sprache und an die Bedeutung m\u00fcndlicher Traditionen erinnern\u201c.<\/p>\n<p style=\"text-align: justify;\"><a href=\"http:\/\/www.editiondaslabor.de\/blog\/wp-content\/uploads\/2012\/03\/Cassette2.jpg\"><img loading=\"lazy\" decoding=\"async\" class=\"wp-image-2460 size-full alignright\" title=\"Cassette\" src=\"http:\/\/www.editiondaslabor.de\/blog\/wp-content\/uploads\/2012\/03\/Cassette2.jpg\" alt=\"\" width=\"220\" height=\"126\" \/><\/a>Wir betrachten die Compact Cassette, ein Tontr\u00e4ger der in ein Kunststoffgeh\u00e4use eingeschlossen ist und sich bequem in einer Ges\u00e4\u00dftasche zu transportieren l\u00e4sst. Sofern man sich nicht draufsetzt, hat dieser Gebrauchsgegenstand eine lange Lebensdauer. Es gibt R\u00fcckmeldungen von Sammlern, dass sich diesen analoge Medium auch nach \u00fcber 30 Jahren noch abspielen l\u00e4sst. Zumindest wenn man einige Spiel \u2013 oder sollte ich besser sagen Spulregeln ber\u00fccksichtigt. Erfahrene Benutzer spulten eine Cassette immer zur\u00fcck. Sie spulten gelegentlich auch ohne das normale Abspielen einmal Hin und zur\u00fcck, damit sich das Band nicht verschieben konnte. Das regelm\u00e4ssige S\u00e4ubern des Tonkopfes mit Isopropanol Alkohol, war wegen des Abriebs obligatorisch!<\/p>\n<div style=\"text-align: justify;\">\n<p>Der Gau einer Compact Cassette ist das, was man umgangssprachlich als <em>Bandsalat<\/em> bezeichnet. Dieser entsteht, wenn das Band durch zu schnell wechselndes Vor- und R\u00fcckspulen, ungleichm\u00e4\u00dfigen Bandlauf oder zu lockeres beziehungsweise zu festes Aufwickeln besch\u00e4digt wird. Nicht mehr glatte Magnetb\u00e4nder erh\u00f6hen den Umfang eines Wickels und beg\u00fcnstigen ein verwickeltes Magnetband.<\/p>\n<p>Zur Behebung eines Bandsalats wird in der Regel ein Stift mit passendem Durchmesser, klassischerweise ein Graphitstift (idealerweise mit sechskantigem Schaft), in die \u00d6ffnung der Bandspule eingef\u00fchrt, und das von der Spule gelaufene Tonband wird mittels Drehen des Stiftes wieder aufgewickelt. Hilft auch das nicht, besteht kein Grund zur Panik.<\/p>\n<p>Im Gegensatz zu anderen elektronischen Ger\u00e4ten, die inzwischen verschwei\u00dft sind, l\u00e4sst sich eine Compact Cassette aufschrauben und in die Einzelteile zerlegen. Manchmal bedurfte es einen blutigen Schnitts, und eines St\u00fccks Tesa-Films, doch Rest lie\u00df sich retten.<\/p>\n<p>Die Compact Cassette ist ein Massenmedium, weil sie dem Nutzer erm\u00f6glicht, beliebige Inhalte individuell als <em>Mixtapes<\/em> zusammenzustellen. Dies entdeckten nicht zuletzt Tonk\u00fcnstler, die dieses Medium als Publikationsform nutzten, da ihnen mit dem Vierspurrecorder seit Ende der 1980er Jahre ein Produktionsmittel zur Verf\u00fcgung stand, dass sie von Rezipienten zu Produzenten machte.<\/p>\n<\/div>\n<p>&nbsp;<\/p>\n<p>&nbsp;<\/p>\n<p style=\"text-align: center;\">* * *<\/p>\n<p style=\"text-align: justify;\"><strong><em>Kassettent\u00e4ter<\/em><\/strong> ist der \u00dcberbegriff f\u00fcr eine Vielzahl von Ver\u00f6ffentlichungen die Ende der 1970er und vor allem in den 1980er Jahren in Deutschland erschienen sind. Gemeinsam war den Ver\u00f6ffentlichungen der Tontr\u00e4ger Kassette.<\/p>\n<p style=\"text-align: justify;\"><strong>\u2192\u00a0<\/strong>KUNO empfiehlt dar\u00fcber hinaus die Compilations &#8222;<b>Elektronische<\/b> <b>Kassettenmusik<\/b>, D\u00fcsseldorf 1982-1989&#8243;<\/p>\n<p style=\"text-align: justify;\"><strong>\u2192\u00a0<\/strong>&#8222;<strong>Magnetband<\/strong> (Experimenteller Elektronik\u200b-\u200bUnderground DDR, 1984\u200b-\u200b1989)&#8220;, die man <a href=\"https:\/\/bureaub.bandcamp.com\/album\/magnetband-experimenteller-elektronik-underground-ddr-1984-1989\" target=\"_blank\" rel=\"noopener\">hier<\/a> anh\u00f6ren kann.<\/p>\n<p style=\"text-align: justify;\"><strong>\u2192\u00a0Magnetizdat DDR<\/strong>. Magnetbanduntergrund Ost 1979\u20131990, Verbrecher-Verlag, Berlin 2023<\/p>\n<dl>\n<dt>\n<div style=\"width: 208px\" class=\"wp-caption alignright\"><a href=\"http:\/\/www.editiondaslabor.de\/blog\/wp-content\/uploads\/2012\/07\/220px-Home_taping_is_killing_music1.png\"><img loading=\"lazy\" decoding=\"async\" title=\"220px-Home_taping_is_killing_music\" src=\"http:\/\/www.editiondaslabor.de\/blog\/wp-content\/uploads\/2012\/07\/220px-Home_taping_is_killing_music1.png\" alt=\"\" width=\"198\" height=\"164\" \/><\/a><p class=\"wp-caption-text\">Home Taping Is Killing Music war eine Kampagne der British Phonographic Industry. Der Slogan war meist als Aufkleber auf Plattencovern zu finden.<\/p><\/div>\n<p style=\"text-align: justify;\"><strong>Weiterf\u00fchrend \u2192\u00a0<\/strong><\/p>\n<p style=\"text-align: justify;\">KUNO hat ein Faible f\u00fcr Trash. Dem Begriff <a href=\"http:\/\/www.editiondaslabor.de\/blog\/2014\/11\/01\/trash-eine-einfuehrung\/\"><em>Trash<\/em><\/a> haftet der Hauch der Verruchtheit und des Nonkonformismus an. In Musik, Kunst oder Film gilt Trash als Bewegung, die im Klandestinen stattfindet und an der nur ein exklusiver Kreis nonkonformistischer Aussenseiter partizipiert.<\/p>\n<dl>\n<dt>\n<p style=\"text-align: justify;\"><strong>\u2192<\/strong> Lesen Sie zum Kassettenuntergrund auch den einf\u00fchrenden <a href=\"http:\/\/www.editiondaslabor.de\/blog\/?p=40989\">Essay<\/a> von 31. Mai 1989 aus dem KUNO-Online-Archiv.<\/p>\n<\/dt>\n<\/dl>\n<p style=\"text-align: justify;\"><strong>Nachtrag \u2192 <\/strong>Die Compact Cassette ist unausrottbar, dies belegt der Essay Lost and found im Underground.<\/p>\n<\/dt>\n<\/dl>\n","protected":false},"excerpt":{"rendered":"<p>Vorbemerkung der Redaktion: Ab dem kommenden Jahr wird jedes Jahr der Welttag der Poesie gefeiert. Er soll an \u201edie Vielfalt des Kulturguts Sprache und an die Bedeutung m\u00fcndlicher Traditionen erinnern\u201c. Wir betrachten die Compact Cassette, ein Tontr\u00e4ger der in ein&hellip;<\/p>\n<p class=\"more-link-p\"><a class=\"more-link\" href=\"http:\/\/www.editiondaslabor.de\/blog\/1999\/03\/21\/welttag-der-poesie-3\/\">Read more &rarr;<\/a><\/p>\n","protected":false},"author":257,"featured_media":100697,"comment_status":"closed","ping_status":"open","sticky":false,"template":"","format":"standard","meta":{"footnotes":""},"categories":[1],"tags":[628,1152,1151,57],"class_list":["post-42391","post","type-post","status-publish","format-standard","has-post-thumbnail","hentry","category-literatur","tag-a-j-weigoni","tag-frank-michaelis","tag-marion-haberstroh","tag-thomas-suder"],"_links":{"self":[{"href":"http:\/\/www.editiondaslabor.de\/blog\/wp-json\/wp\/v2\/posts\/42391","targetHints":{"allow":["GET"]}}],"collection":[{"href":"http:\/\/www.editiondaslabor.de\/blog\/wp-json\/wp\/v2\/posts"}],"about":[{"href":"http:\/\/www.editiondaslabor.de\/blog\/wp-json\/wp\/v2\/types\/post"}],"author":[{"embeddable":true,"href":"http:\/\/www.editiondaslabor.de\/blog\/wp-json\/wp\/v2\/users\/257"}],"replies":[{"embeddable":true,"href":"http:\/\/www.editiondaslabor.de\/blog\/wp-json\/wp\/v2\/comments?post=42391"}],"version-history":[{"count":4,"href":"http:\/\/www.editiondaslabor.de\/blog\/wp-json\/wp\/v2\/posts\/42391\/revisions"}],"predecessor-version":[{"id":105661,"href":"http:\/\/www.editiondaslabor.de\/blog\/wp-json\/wp\/v2\/posts\/42391\/revisions\/105661"}],"wp:featuredmedia":[{"embeddable":true,"href":"http:\/\/www.editiondaslabor.de\/blog\/wp-json\/wp\/v2\/media\/100697"}],"wp:attachment":[{"href":"http:\/\/www.editiondaslabor.de\/blog\/wp-json\/wp\/v2\/media?parent=42391"}],"wp:term":[{"taxonomy":"category","embeddable":true,"href":"http:\/\/www.editiondaslabor.de\/blog\/wp-json\/wp\/v2\/categories?post=42391"},{"taxonomy":"post_tag","embeddable":true,"href":"http:\/\/www.editiondaslabor.de\/blog\/wp-json\/wp\/v2\/tags?post=42391"}],"curies":[{"name":"wp","href":"https:\/\/api.w.org\/{rel}","templated":true}]}}