{"id":42075,"date":"2017-08-27T00:01:42","date_gmt":"2017-08-26T22:01:42","guid":{"rendered":"http:\/\/www.editiondaslabor.de\/blog\/?p=42075"},"modified":"2021-12-27T13:54:05","modified_gmt":"2021-12-27T12:54:05","slug":"syrien-2017","status":"publish","type":"post","link":"http:\/\/www.editiondaslabor.de\/blog\/2017\/08\/27\/syrien-2017\/","title":{"rendered":"Syrien 2017"},"content":{"rendered":"<p>&nbsp;<\/p>\n<p>Beim Kampf schaut man sich nicht mehr ins Gesicht:<\/p>\n<p>Da herrschen \u2013 anzugsweis gest\u00e4hlt \u2013 Gestalten,<\/p>\n<p>Die blo\u00df ein Smartphone in den H\u00e4nden halten;<\/p>\n<p>Sie sitzen \u00fcber Kinder zu Gericht;<\/p>\n<p>&nbsp;<\/p>\n<p>Die M\u00fctter, deren Bitten still verhallten,<\/p>\n<p>Beschweren diese coolen M\u00f6rder nicht.<\/p>\n<p>Sie weinen hungernd in dem halben Licht,<\/p>\n<p>Als Gas und Bomben ihres Amtes walten.<\/p>\n<p>&nbsp;<\/p>\n<p>Und w\u00e4hrend in den St\u00e4dten Angst verhalten<\/p>\n<p>Durch Schutt und Asche taumelt, liegt ganz dicht<\/p>\n<p>Der Nachtdunst \u00fcberm Tal und will erkalten.<\/p>\n<p>&nbsp;<\/p>\n<p>In den Pal\u00e4sten, wo\u2019s an nichts gebricht,<\/p>\n<p>Kann man von Krieg auf wilde Party schalten:<\/p>\n<p>Der Spa\u00df am Leben ist Tyrannenpflicht.<\/p>\n<p>&nbsp;<\/p>\n<p>&nbsp;<\/p>\n<p>&nbsp;<\/p>\n<p style=\"text-align: center;\">\u00a0***<\/p>\n<p>&nbsp;<\/p>\n<p><strong>Weiterf\u00fchrend \u2192<\/strong><\/p>\n<div style=\"width: 186px\" class=\"wp-caption alignleft\"><a id=\"set-post-thumbnail\" class=\"thickbox\" href=\"http:\/\/www.editiondaslabor.de\/blog\/wp-admin\/media-upload.php?post_id=42053&amp;type=image&amp;TB_iframe=1\" aria-describedby=\"set-post-thumbnail-desc\"><img loading=\"lazy\" decoding=\"async\" class=\"attachment-266x266\" src=\"http:\/\/www.editiondaslabor.de\/blog\/wp-content\/uploads\/2018\/03\/Walther-Stonet.jpeg\" alt=\"\" width=\"176\" height=\"117\" \/><\/a><p class=\"wp-caption-text\">Portr\u00e4t Walther Stonet von Thomas Kiel.<\/p><\/div>\n<p style=\"text-align: justify;\">Die Redaktion verlieh Walther Stonet den KUNO-Essaypreis 2017 f\u00fcr den Essay <a href=\"http:\/\/www.editiondaslabor.de\/blog\/?p=41120\">Robokratie \u2013 Wie Social Bots die Demokratie manipulieren<\/a>. \u00a0Lesen Sie <a href=\"http:\/\/www.editiondaslabor.de\/blog\/?p=41499\">hier<\/a> die Begr\u00fcndung.<\/p>\n<p>&nbsp;<\/p>\n<p>&nbsp;<\/p>\n","protected":false},"excerpt":{"rendered":"<p>&nbsp; Beim Kampf schaut man sich nicht mehr ins Gesicht: Da herrschen \u2013 anzugsweis gest\u00e4hlt \u2013 Gestalten, Die blo\u00df ein Smartphone in den H\u00e4nden halten; Sie sitzen \u00fcber Kinder zu Gericht; &nbsp; Die M\u00fctter, deren Bitten still verhallten, Beschweren diese&hellip;<\/p>\n<p class=\"more-link-p\"><a class=\"more-link\" href=\"http:\/\/www.editiondaslabor.de\/blog\/2017\/08\/27\/syrien-2017\/\">Read more &rarr;<\/a><\/p>\n","protected":false},"author":164,"featured_media":46597,"comment_status":"closed","ping_status":"open","sticky":false,"template":"","format":"standard","meta":{"footnotes":""},"categories":[1],"tags":[1972],"class_list":["post-42075","post","type-post","status-publish","format-standard","has-post-thumbnail","hentry","category-literatur","tag-walther-stonet"],"_links":{"self":[{"href":"http:\/\/www.editiondaslabor.de\/blog\/wp-json\/wp\/v2\/posts\/42075","targetHints":{"allow":["GET"]}}],"collection":[{"href":"http:\/\/www.editiondaslabor.de\/blog\/wp-json\/wp\/v2\/posts"}],"about":[{"href":"http:\/\/www.editiondaslabor.de\/blog\/wp-json\/wp\/v2\/types\/post"}],"author":[{"embeddable":true,"href":"http:\/\/www.editiondaslabor.de\/blog\/wp-json\/wp\/v2\/users\/164"}],"replies":[{"embeddable":true,"href":"http:\/\/www.editiondaslabor.de\/blog\/wp-json\/wp\/v2\/comments?post=42075"}],"version-history":[{"count":0,"href":"http:\/\/www.editiondaslabor.de\/blog\/wp-json\/wp\/v2\/posts\/42075\/revisions"}],"wp:featuredmedia":[{"embeddable":true,"href":"http:\/\/www.editiondaslabor.de\/blog\/wp-json\/"}],"wp:attachment":[{"href":"http:\/\/www.editiondaslabor.de\/blog\/wp-json\/wp\/v2\/media?parent=42075"}],"wp:term":[{"taxonomy":"category","embeddable":true,"href":"http:\/\/www.editiondaslabor.de\/blog\/wp-json\/wp\/v2\/categories?post=42075"},{"taxonomy":"post_tag","embeddable":true,"href":"http:\/\/www.editiondaslabor.de\/blog\/wp-json\/wp\/v2\/tags?post=42075"}],"curies":[{"name":"wp","href":"https:\/\/api.w.org\/{rel}","templated":true}]}}