{"id":4151,"date":"2012-05-18T00:01:32","date_gmt":"2012-05-17T22:01:32","guid":{"rendered":"http:\/\/www.editiondaslabor.de\/blog\/?p=4151"},"modified":"2022-02-19T14:39:37","modified_gmt":"2022-02-19T13:39:37","slug":"atmendes-alphabet","status":"publish","type":"post","link":"http:\/\/www.editiondaslabor.de\/blog\/2012\/05\/18\/atmendes-alphabet\/","title":{"rendered":"MATRIX 28 \u2219 Atmendes Alphabet f\u00fcr Friederike Mayr\u00f6cker"},"content":{"rendered":"<p style=\"text-align: right;\"><span style=\"color: #999999;\">Gegen das Vergessen<\/span><\/p>\n<p style=\"text-align: justify;\">2005 erscheint die erste Ausgabe der Literaturzeitschrift <em>Matrix<\/em>, die der <span style=\"color: #000080;\"><a href=\"http:\/\/www.pop-verlag.com\/index.htm\"><span style=\"color: #000080;\">Pop Verlag Ludwigsburg<\/span><\/a><\/span> seitdem viermal im Jahr herausbringt. <em>Gegen das Vergessen und das Vergessen des Vergessens<\/em> lautet das Motto jener ersten <em>Matrix<\/em>, das man naturgem\u00e4\u00df auch als \u00fcbergreifendes Motto f\u00fcr alle Literatur und Kunst lesen kann. Im Mai 2012 erscheint <span style=\"color: #000080;\"><a href=\"http:\/\/www.pop-verlag.com\/edition-matrix\/archiv.htm\"><span style=\"color: #000080;\"><em>Matrix<\/em>, die <em>Zeitschrift f\u00fcr Literatur und Kunst<\/em><\/span><\/a><\/span>, zum 27. Mal, diesmal, nach Schwerpunktausgaben zu, beispielsweise, Herta M\u00fcller in <span style=\"color: #000080;\"><a href=\"http:\/\/www.pop-verlag.com\/edition-matrix\/4_2009_18.htm\"><span style=\"color: #000080;\"><em>Matrix 18<\/em><\/span><\/a><\/span>, sorbischer Literatur in <span style=\"color: #000080;\"><a href=\"http:\/\/www.pop-verlag.com\/edition-matrix\/2_2011_24.htm\"><span style=\"color: #000080;\"><em>Matrix 24<\/em><\/span><\/a><\/span>\u00a0(ediert von R\u00f3\u017ea Doma\u0161cyna) oder Thomas Bernhard in <em>Matrix 25<\/em>, mit einem Schwerpunkt zu <span style=\"color: #000080;\"><a href=\"http:\/\/www.pop-verlag.com\/edition-matrix\/27.htm\"><span style=\"color: #000080;\">Wjatscheslaw Kuprijanow<\/span><\/a><\/span>.<\/p>\n<p style=\"text-align: right;\"><span style=\"color: #999999;\">Wie im Rausch<\/span><\/p>\n<p style=\"text-align: justify;\">Delimra Agustini \u2219 Kerstin Becker \u2219 Hans Bender \u2219 Manfred Chobot \u2219 Daniela Danz \u2219 Rita Dove \u2219 Rodica Draghincescu \u2219 Kurt Drawert \u2219 Werner D\u00fcrrson \u2219 Juri Elperin \u2219 Gerald Fiebig \u2219 Klaus Gasseleder \u2219 Harald Gr\u00f6hler \u2219\u00a0 Franz Hodjak \u2219 Myriam Keil \u2219 Jan Koneffke \u2219 Birgit Kreipe \u2219 G\u00fcnter Kunert \u2219 Johann Lippet \u2219 Dieter P. Meier-Lenz \u2219 Kito Lorenc \u00b7 Herta M\u00fcller \u2219 Andreas Noga \u2219 Eugene O\u2019Connell \u2219 Paul Pistea \u2219 Said \u2219 Arne Rautenberg \u2219 Sophie Reyer \u2219 Peter R\u00fchmkorf, Horst Samson \u2219 Walle Sayer \u2219 Andr\u00e9 Schinkel \u2219 Dieter Schlesak \u2219 Armin Steigenberger \u2219 William Totok \u2219 Gerald Uhlig \u2219 Fred Viebahn \u2219 Rainer Wedler \u2219 Maximilian Zander \u2219 Michael Zoch geh\u00f6ren zu den Autoren, die bislang im Pop Verlag ihre Visitenkarte in Form von Gedicht, Gespr\u00e4ch, Erz\u00e4hlung, Essay, Buchbesprechung und anderen Texten abgegeben haben. Mit wachem Blick sichtet Verleger und Herausgeber Traian Pop,\u00a0redaktionell besonders tatkr\u00e4ftig unterst\u00fctzt von Francisca Ricinski (die, dar\u00fcber hinaus, regelm\u00e4\u00dfig umfassende Gespr\u00e4che \u2212 mit Thomas Lehr, Peter R\u00fchmkorf, Gerald Uhlig u.a. \u2013 beisteuert, die <em>Matrix<\/em> immer wieder bereichern), das literarische und k\u00fcnstlerische Geschehen \u2013 grunds\u00e4tzlich offen f\u00fcr Wort und Bild auf der ganzen Welt. Als im Banat aufgewachsener Rum\u00e4ne gelten besondere Interessen naturgem\u00e4\u00df auch der rum\u00e4nischen und rum\u00e4niendeutschen Literatur, und so geh\u00f6ren Texte von Autoren wie Ioan Flora oder Francisca Ricinski bzw. Johann Lippet oder Horst Samson nicht nur zum Repertoire von <em>Matrix<\/em>, sondern selbstverst\u00e4ndlich auch des lebendigen Buchprogramms, das in verschiedenen Reihen seit 2003 im Pop Verlag erscheint und bereits eine ziemliche Reihe origineller und wichtiger B\u00fccher herausgebracht hat. So lese ich j\u00fcngst \u2013 wie im Rausch \u2013 Johann Lippets im Querformat gesetztes (im Fr\u00fchling 2012 publiziertes) Gedichtbuch <span style=\"color: #000080;\"><a href=\"http:\/\/www.pop-verlag.com\/978-3-86356-034-8.htm\"><span style=\"color: #000080;\"><em>Tuchf\u00fchlung im Papierkorb<\/em><\/span><\/a><\/span>, das ich als au\u00dferordentliche Lekt\u00fcre erlebe.<\/p>\n<p style=\"text-align: right;\"><span style=\"color: #999999;\">Friederike Mayr\u00f6cker \u2219 Hans Bender<\/span><\/p>\n<p style=\"text-align: justify;\">Nachdem ich seit 2006 gelegentlich Gedichte und Essays in <em>Matrix<\/em> ver\u00f6ffentlichte, forderte Verleger Pop mich vor einiger Zeit auf, Schwerpunktausgaben zu Friederike Mayr\u00f6cker (f\u00fcr <em>Matrix 28<\/em>) und <span style=\"color: #000080;\"><a href=\"http:\/\/www.poetenladen.de\/theo-breuer-hans-bender.htm\"><span style=\"color: #000080;\">Hans Bender<\/span><\/a><\/span> (<em>Matrix 29<\/em>) vorzubereiten. Nichts lieber als das, war die Antwort, und die Ergebnisse werden im Juni\/Juli bzw. August\/September das Licht der \u00d6ffentlichkeit erblicken.<\/p>\n<p style=\"text-align: right;\"><span style=\"color: #999999;\">Atmendes Alphabet<\/span><\/p>\n<div style=\"width: 186px\" class=\"wp-caption alignleft\"><img loading=\"lazy\" decoding=\"async\" class=\" \" src=\"http:\/\/upload.wikimedia.org\/wikipedia\/commons\/thumb\/f\/fa\/Vienna_1974-11%2C_Buchwoche%2C_Austrian_writer_Friederike_Mayr%C3%B6cker.jpg\/220px-Vienna_1974-11%2C_Buchwoche%2C_Austrian_writer_Friederike_Mayr%C3%B6cker.jpg\" alt=\"\" width=\"176\" height=\"289\" \/><p class=\"wp-caption-text\">\u00a9 Wolfgang H. W\u00f6gerer (Wien\u00a0\u00b7 Austria\u00a0\u00b7 1974)<\/p><\/div>\n<p style=\"text-align: justify;\">\u00a0Mehr als 77 Autoren, Freunde, Herausgeber, K\u00fcnstler, \u00dcbersetzer der Jahrg\u00e4nge 1919 bis 1987 \u2013 aus dem deutschen Sprachraum und dar\u00fcber hinaus \u2013 bereichern mit Aufzeichnung, Bild, Buchbesprechung, Essay, Gedicht, Gespr\u00e4ch, Lobrede, Notiz, Prosa (<em>usw.<\/em>) die der Dichterin Friederike Mayr\u00f6cker gewidmete 28. Ausgabe von <em>Matrix<\/em>. Um die zahlreichen Gedichte Friederike Mayr\u00f6ckers scharen sich als atmendes Alphabet die W\u00f6rter und Bilder von Ilse Aichinger \u2219 Dato Barbakadse \u2219 Maja-Maria Becker \u2219 Hans Bender \u2219 Theo Breuer \u2219 Andrea Brincker \u2219 Peter Clar \u2219 Crauss. \u2219 Michael Donhauser \u2219 Richard Dove \u2219 Jutta Dornheim \u2219 Ulrike Draesner \u2219 Elke Erb \u2219 Susanne Eules \u2219 Christel Fallenstein \u2219 Matthias Fallenstein \u2219 Marcell Feldberg \u2219 Ingrid Fichtner \u2219 Johannes CS Frank \u2219 Zsuzsanna Gahse \u2219 Chana Galvagni \u2219 Andrea Grill \u2219 Karl-Friedrich Hacker \u2219 Bernadette Haller \u2219 Michael Hammerschmid \u2219 Bodo Hell \u2219 Friedrich H\u00f6lderlin \u2219 Semier Insayif\u00a0 \u2219 Gerhard Jaschke \u2219 Udo Kawasser \u2219 Katharina Kaps \u2219 Odile Kennel \u2219 Marie-Th\u00e9r\u00e8se Kerschbaumer \u2219 Ilse Kilic \u2219 Claudia Klu\u010dari\u0107 \u2219 Sirkka Knuuttila \u2219 Simone Kornappel \u2219 Axel Kutsch \u2219 Augusta Laar \u2219 Alma Larsen \u2219 Aurelie Le N\u00e9e \u2219 Michael Lentz \u2219 Swantje Lichtenstein \u2219 Silke Markefka \u2219 Friederike Mayr\u00f6cker \u2219 Novalis \u2219 Jos\u00e9 F. A. Oliver \u2219 Elisabeth Pein \u2219 Kevin Perryman \u2219 Peter Pessl \u2219 Judith Pfeifer \u2219 Marion Poschmann \u2219 Andreas Quirinus-Born \u2219 Ilma Rakusa \u2219 Sophie Reyer \u2219 Francisca Ricinski \u2219 Elisabeth Samsonow \u2219 Julia Schiff\u00a0 \u2219 Matthias Schmidt\u00a0 \u2219 Norbert Schneider \u2219 Vroni Schwegler \u2219 Jan Skudlarek \u2219 Marion Steinfellner \u2219 Ginka Steinwachs \u2219 Marlene Streeruwitz \u2219 Ulrich Tarlatt \u2219 Yoko Tawada \u2219 Liesl Ujvary \u2219 Anja Utler \u2219 Anatol Vitouch \u2219 Mikael Vogel \u2219 Nikolai Vogel \u2219 J\u00fcrgen V\u00f6lkert-Marten \u2219 Linde Waber \u2219 Peter Weibel \u2219 A. J. Weigoni \u2219 Fritz Widhalm \u2219 Herbert J. Wimmer \u2219 Gisela von Wysocki \u2219 Berto Xenien-Heuer \u2219 Barbara Yurtdas \u2219 Christiane Zintzen.<\/p>\n<p style=\"text-align: right;\"><span style=\"color: #999999;\">Bettlerin des Wortes<\/span><\/p>\n<p style=\"text-align: justify;\">Bereits in <span style=\"color: #000080;\"><a href=\"http:\/\/www.pop-verlag.com\/edition-matrix\/2_2011_24.htm\"><span style=\"color: #000080;\"><em>Matrix 24<\/em><\/span><\/a><\/span> (2\/2011) versuche ich im Essay <span style=\"color: #000080;\"><a href=\"http:\/\/www.poetenladen.de\/theo-breuer-friederike-mayroecker.htm\"><span style=\"color: #000080;\"><em>ich bin 1 Bettlerin des Wortes \u00b7 <\/em><em>Notizen zu Friederike Mayr\u00f6ckers Werk nach 2000<\/em><\/span><\/a><\/span> aufzuzeigen, in welch rasantem Tempo Friederike Mayr\u00f6cker nach 2000 durch die Kurven von Sprache und W\u00f6rtern braust. Die leidenschaftli\u00adche Leichtigkeit, die ich bei der Lekt\u00fcre von Mayr\u00f6ckers zwischen Berauschung und Melancholie, Mnemosyne und Traum, Eros und Thanatos schwingender Lyrik und Prosa empfinde, ist gleichsam atemberaubend:<\/p>\n<p style=\"text-align: justify; padding-left: 30px;\">Zur\u00fcck vom rundweg \u203ahimmli\u00adschen\u2039 Gang durch wei\u00dfen, schweigenden Wald mit \u203aun\u00adheimlich\u2039 wirkenden Fernblicken, bei dem uns das allu\u00adsion\u00e4re \u00b7 bildstarke \u00b7 cha\u00adrismatische \u00b7 katachretische \u00b7 liebetemperamentwunderwortklangvolle \u00b7 sinnli\u00adche \u00b7 syn\u00e4sthetische \u00b7 strahlende \u00b7 tr\u00e4nenechoreiche \u00b7 wilde \u00b7 zarte \u00b7 tagt\u00e4glich fortge\u00adschriebne Lyrikprosale\u00adbenswerk von Friederike May\u00adr\u00f6\u00adcker begleitet, in de\u00adm ich, zu\u00adhause mich f\u00fchlend wie Family Vogel in dem Nest, das sie seit Jahren im Kie\u00adferhausbaum be\u00adwohnt, unent\u00adwegt am liebs\u00adten lesen wollte, greif ich erneut nach dem Buch, zu dem ich mich, vom ersten Moment an, so heftig hingezo\u00adgen f\u00fchle. Friede\u00adrike Mayr\u00f6ckers <em>dieses J\u00e4ck\u00ad\u00adchen (n\u00e4mlich) des Vo\u00adgel Greif<\/em> \u00fcberragt alle von mir gelesenen Lyriktitel des guten Jahr\u00adgangs 2009 derma\u00dfen, da\u00df der Peter-Huchel-Preis fast schon wieder zu klein ist f\u00fcr die\u00adses gro\u00dfe, lebendige Buch. Ich gehe in diesem Augenblick des Schreibens noch einen Schritt weiter und benenne <em>dieses J\u00e4ckchen (n\u00e4m\u00adlich) des Vogel Greif<\/em> als <em>das<\/em> mich am meisten begeisternde unter den von mir zur Kenntnis genommenen Gedicht\u00adb\u00fcchern im deutschen Sprachraum nach 2000. Bei jeder Ge\u00adlegen\u00adheit wiederhole ich gern: Friederike Mayr\u00f6\u00adcker (<em>Man m\u00fcszte wenigs\u00adtens zwei\u00adhundert Jahre alt werden<\/em>): sp\u00e4tes\u00adtens seit 1999 ein lyri\u00adscher Liebling \u2026<\/p>\n<p style=\"text-align: right;\"><span style=\"color: #999999;\">Lange noch nicht am Ende<\/span><\/p>\n<p style=\"text-align: justify;\"><a href=\"http:\/\/www.editiondaslabor.de\/blog\/wp-content\/uploads\/2012\/05\/Matrix-28-U1.jpg\"><img loading=\"lazy\" decoding=\"async\" class=\"size-medium wp-image-5438 alignright\" title=\"Matrix 28 U1\" src=\"http:\/\/www.editiondaslabor.de\/blog\/wp-content\/uploads\/2012\/05\/Matrix-28-U1-224x300.jpg\" alt=\"\" width=\"224\" height=\"300\" \/><\/a>In einem neuen Essay \u2013 <span style=\"color: #000080;\"><a href=\"http:\/\/www.editiondaslabor.de\/blog\/?p=5440\"><span style=\"color: #000080;\"><em>\u00dcberschwemmt, die Lust am Taumel<\/em><\/span><\/a><\/span> \u2013, der mein Beitrag zur Friede\u00adrike-Mayr\u00f6cker-Edition in <em>Matrix 28<\/em> sein wird, werfe ich, exemplarisch, den einen oder ande\u00adren Blick auf das gesamte Werk, dessen Lyrik- und Prosab\u00fccher zusammengenommen einem F\u00fcllhorn gleichen, von dem wir wissen, da\u00df es wortw\u00f6rtlich unersch\u00f6pflich ist: Ich habe in den vergangenen Monaten erneut Buch um Buch der Mayr\u00f6cker gelesen und bin lange noch nicht am Ende:<\/p>\n<p style=\"text-align: justify; padding-left: 30px;\">Ich lese \u00b7 denke \u00b7 danke \u00b7 schreibe \u00b7 schweige, <em>w\u00e4hrend drauszen der Sturm \/ w\u00e4hrend mein Herz sich b\u00e4umt wie die B\u00fcsche am Hang<\/em>, lausche den W\u00f6rtern der Friederike Mayr\u00f6cker (die sich, <em>zerzauste Stimmchen<\/em>, zu Or\u00adten und: \u203aWorten\u2039 wandeln), und Bensch fragt: Willst du auch das letzte <em>R\u00e4tsel<\/em> dieses dich gleichsam \u203aunend\u00adlich\u2039 an May\u00adr\u00f6ckers Dich\u00adtung Fas\u00adzinie\u00adrenden l\u00f6sen? (Ulrike Draesner nennt es \u00bbdas eisenharte, weiche may\u00adr\u00f6ckersche Schreiben\u00ab.) <strong>Einfach<\/strong>, klar, unmittelbar, ulti\u00admativ kommt die Antwort: Nein, nein, nein, ich will es nicht. Und h\u00f6re Joseph Con\u00adrad souf\u00adflieren: \u00bbThe power of sound has always been greater than the power of sense.\u00ab<\/p>\n<p style=\"text-align: right;\"><span style=\"color: #999999;\">Querschnitt<\/span><\/p>\n<div style=\"width: 160px\" class=\"wp-caption alignleft\"><img loading=\"lazy\" decoding=\"async\" src=\"http:\/\/www.editiondaslabor.de\/blog\/wp-content\/uploads\/2012\/03\/Hackers-m1-150x150.jpg\" alt=\"\" width=\"150\" height=\"150\" \/><p class=\"wp-caption-text\">In Matrix 28: das vierbeinige, gleichsam doppelt gestrichene \u203am\u2039 von Karl-Friedrich Hacker<\/p><\/div>\n<p style=\"text-align: justify;\">Dem Pop Verlag in Ludwigsburg ist f\u00fcr das gro\u00dfz\u00fcgige Angebot zu danken, diese rund um die Gedichte von Friederike Mayr\u00f6cker angelegte Sammlung von W\u00f6rtern und Bildern als Querschnitt zeitgen\u00f6ssischen k\u00fcnstlerisch-literarischen Schaffens mit tatkr\u00e4ftiger Unterst\u00fctzung von Christel Fallenstein edieren zu k\u00f6nnen. Allen, die wie auch immer an dieser Edition von <em>Matrix<\/em> be\u00adteiligt sind, ist zu w\u00fcnschen, da\u00df sich demn\u00e4chst viele Leser einfinden, die mit Freude und Vergn\u00fcgen die Besichtigung eines f\u00fcr Friederike Mayr\u00f6cker, die 2012 das 88. Lebensjahr vollendet, gesch\u00f6pften Sprachkunstwerks in der 28. Aus\u00adgabe von <em>Matrix<\/em> erleben wollen.<\/p>\n<p style=\"text-align: center;\">***<\/p>\n<p style=\"text-align: right;\"><span style=\"color: #999999;\">Matrix 28<\/span><\/p>\n<div style=\"width: 230px\" class=\"wp-caption alignright\"><img loading=\"lazy\" decoding=\"async\" src=\"http:\/\/upload.wikimedia.org\/wikipedia\/commons\/thumb\/4\/46\/Matrix_german.svg\/220px-Matrix_german.svg.png\" alt=\"\" width=\"220\" height=\"178\" \/><p class=\"wp-caption-text\">\u00a9 Matrice.svg 2009<\/p><\/div>\n<p style=\"text-align: justify;\">Der <em>Matrix<\/em>-Zug mit Lokf\u00fchrer Pop ist mit Volldampf unterwegs zu den Lesern: <span style=\"color: #ff0000;\"><strong>horizontal<\/strong><\/span> wie <span style=\"color: #0000ff;\"><strong>vertikal<\/strong><\/span>. Matrix 28 ist am 20. Juni 2012 erschienen. Der Preis der 294 Seiten umfassenden Ausgabe (davon sind 254 Seiten dem rund um mehr als ein Dutzend neuer Gedichte von Friederike Mayr\u00f6cker angelegten <em>atmenden Alphabet <\/em>gewidmet, in dem kein Buchstabe ausgelassen wird) betr\u00e4gt, man reibe sich ruhig die Augen, es ist kein Druckfehler: <span style=\"color: #ffcc00;\"><strong>10,00 EUR<\/strong><\/span>. Ab sofort freut sich Traian Pop, der Verleger des POP Verlags in Ludwigsburg, auf Bestellunge.<\/p>\n<p>&nbsp;<\/p>\n<p style=\"text-align: center;\">***<\/p>\n<p style=\"text-align: justify;\"><strong>Weiterf\u00fchrend<\/strong> <strong>\u2192<\/strong> Ein Essay \u00fcber den <a href=\"http:\/\/www.editiondaslabor.de\/blog\/2013\/12\/26\/lauschender-leser-und-redender-schreiber-2\/\">Lyrikvermittler<\/a> Theo Breuer.<\/p>\n<div id=\"attachment_44595\" style=\"width: 310px\" class=\"wp-caption alignleft\"><img loading=\"lazy\" decoding=\"async\" aria-describedby=\"caption-attachment-44595\" class=\"wp-image-44595 size-medium\" src=\"http:\/\/www.editiondaslabor.de\/blog\/wp-content\/uploads\/2017\/09\/der-lyrik-eine-bresche-fuer-ein-gedicht-je-ausgabe-einer-zeitung_1505748323-1-300x200.jpg\" alt=\"\" width=\"300\" height=\"200\" srcset=\"http:\/\/www.editiondaslabor.de\/blog\/wp-content\/uploads\/2017\/09\/der-lyrik-eine-bresche-fuer-ein-gedicht-je-ausgabe-einer-zeitung_1505748323-1-300x200.jpg 300w, http:\/\/www.editiondaslabor.de\/blog\/wp-content\/uploads\/2017\/09\/der-lyrik-eine-bresche-fuer-ein-gedicht-je-ausgabe-einer-zeitung_1505748323-1.jpg 450w\" sizes=\"auto, (max-width: 300px) 100vw, 300px\" \/><p id=\"caption-attachment-44595\" class=\"wp-caption-text\">Poesie z\u00e4hlt f\u00fcr KUNO zu den identit\u00e4ts- und identifikationstiftenden Elementen der Kultur<\/p><\/div>\n<p style=\"text-align: justify;\"><strong>\u2192<\/strong> Poesie z\u00e4hlt f\u00fcr KUNO zu den identit\u00e4ts- und identifikationstiftenden Elementen einer Kultur, dies bezeugt der Versuch einer <a href=\"http:\/\/www.editiondaslabor.de\/blog\/?p=25630\">poetologischen Positionsbestimmung<\/a>. Um den Widerstand gegen die gepolsterte Gegenwartslyrik ein wenig anzufachen schickte <span data-offset-key=\"d96ve-1-0\">Wolfgang Schlott<\/span><span data-offset-key=\"d96ve-2-0\"> dieses\u00a0 post-dadaistische <a href=\"http:\/\/www.editiondaslabor.de\/blog\/2016\/02\/03\/handwerkliche-anleitungen-zur-ueberwindung-von-schreibblockaden\/\">Manifest<\/a>. Warum<\/span> Lyrik wieder in die Zeitungen geh\u00f6rt <a href=\"http:\/\/www.editiondaslabor.de\/blog\/2017\/10\/07\/der-dichtung-eine-bresche-schlagen\/\">begr\u00fcndete<\/a> Walther Stonet, diese Forderung hat nichts an Aktualit\u00e4t verloren. Lesen Sie auch Maximilian Zanders <a href=\"http:\/\/www.editiondaslabor.de\/blog\/?p=5418\">Essay <\/a>\u00fcber Lyrik und ein R\u00fcckblick auf den <a href=\"http:\/\/www.editiondaslabor.de\/blog\/2014\/01\/08\/lyrik-katalog-bundesrepublik\/\"><em>Lyrik-Katalog Bundesrepublik<\/em><\/a>. KUNO sch\u00e4tzt den minuti\u00f6sen Selbstinszenierungsprozess des lyrischen Dichter-Ichs von Ulrich Bergmann in der Reihe <a href=\"http:\/\/www.editiondaslabor.de\/blog\/?p=27947\">Keine Bojen auf hoher See, nur Sterne \u2026 und Schwerkraft. Gedanken \u00fcber das lyrische Schreiben<\/a>. Lesen Sie ein <a href=\"http:\/\/www.editiondaslabor.de\/blog\/?p=22835\">Portr\u00e4t <\/a>\u00fcber die interdisziplin\u00e4re T\u00e4tigkeit von Angelika Janz, sowie einen <a href=\"http:\/\/www.editiondaslabor.de\/blog\/?p=29450\">Essay<\/a> der <em>Fragmenttexterin.<\/em> Ein Portr\u00e4t von Sophie Reyer findet sich\u00a0<a href=\"http:\/\/www.editiondaslabor.de\/blog\/2013\/10\/08\/von-sappho-zu-sophie\/\">hier<\/a>, ein Essay fasst das transmediale Projekt<em> &#8222;<a href=\"http:\/\/www.editiondaslabor.de\/blog\/2021\/04\/14\/bi-textualitaet\/\">Wortspielhalle<\/a>&#8220; <\/em>zusammen<em>. <\/em>Auf KUNO lesen Sie u.a. Rezensionsessays von <a href=\"http:\/\/www.editiondaslabor.de\/blog\/2015\/06\/17\/beschwoerungszauber\/\">Holger Benkel<\/a> \u00fcber <a href=\"http:\/\/www.editiondaslabor.de\/blog\/?p=15175\">Andr\u00e9 Schinkel<\/a>, <a href=\"http:\/\/www.editiondaslabor.de\/blog\/2017\/11\/12\/mit-deutschen-untertiteln\/\">Ralph Pordzik<\/a>,\u00a0<a href=\"http:\/\/www.editiondaslabor.de\/blog\/2018\/12\/20\/wohnraeume-der-poesie\/\">Friederike Mayr\u00f6cker<\/a>, <a href=\"http:\/\/www.editiondaslabor.de\/blog\/2017\/03\/19\/welten-gegenwelten\/\">Werner Weimar-Mazur<\/a>, <a href=\"http:\/\/www.editiondaslabor.de\/blog\/2019\/06\/26\/wohnraeume-der-poesie-2\/\">Peter Engstler<\/a>, <a href=\"http:\/\/www.editiondaslabor.de\/blog\/?p=15177\">Birgitt Lieberwirth<\/a>, <a href=\"http:\/\/www.editiondaslabor.de\/blog\/2019\/08\/17\/der-grill-auf-der-hauswiese-der-welt\/\">Linda Vilhj\u00e1lmsd\u00f3ttir<\/a>, und <a href=\"http:\/\/www.editiondaslabor.de\/blog\/2017\/09\/17\/rettungsversuche-der-literatur-im-digitalen-raum\/\">A.J. Weigoni<\/a>. Lesenswert auch die <a href=\"http:\/\/www.editiondaslabor.de\/blog\/2020\/05\/16\/verseschmied-und-lyrikfischer\/\">Gratulation<\/a> von Axel Kutsch durch Markus Peters zum 75. Geburtstag. Nicht zu vergessen eine Empfehlung der kristallklaren Lyrik von <a href=\"http:\/\/www.editiondaslabor.de\/blog\/2020\/01\/19\/die-lyrikerin-ines-hagemeyer\/\">Ines Hagemeyer<\/a>. Diese Betrachtungen versammeln sich in der Tradition von <a href=\"http:\/\/www.editiondaslabor.de\/blog\/2000\/04\/04\/vauo\/\">V.O. Stomps<\/a>, dem Klassiker des Andersseins, dem <a href=\"http:\/\/www.editiondaslabor.de\/blog\/2005\/09\/24\/erinnerungen\/\">Bottroper Literaturrocker<\/a> &#8222;Biby&#8220; Wintjes und Hadayatullah H\u00fcbsch, dem Urvater des <a href=\"http:\/\/www.editiondaslabor.de\/blog\/1995\/06\/30\/wie-was-social-beat-ist-und-warum-und-warum-nicht\/\"><em>Social-Beat<\/em><\/a>, im KUNO-Online-Archiv. Wir empfehlen f\u00fcr Neulinge als Einstieg in das weite Feld der nonkonformistischen Literatur <a href=\"http:\/\/www.editiondaslabor.de\/blog\/2001\/04\/01\/nonkonformistische-literatur\/\">diesem Hinweis<\/a> zu folgen.<\/p>\n","protected":false},"excerpt":{"rendered":"<p>Gegen das Vergessen 2005 erscheint die erste Ausgabe der Literaturzeitschrift Matrix, die der Pop Verlag Ludwigsburg seitdem viermal im Jahr herausbringt. Gegen das Vergessen und das Vergessen des Vergessens lautet das Motto jener ersten Matrix, das man naturgem\u00e4\u00df auch als&hellip;<\/p>\n<p class=\"more-link-p\"><a class=\"more-link\" href=\"http:\/\/www.editiondaslabor.de\/blog\/2012\/05\/18\/atmendes-alphabet\/\">Read more &rarr;<\/a><\/p>\n","protected":false},"author":9,"featured_media":97870,"comment_status":"open","ping_status":"open","sticky":false,"template":"","format":"standard","meta":{"footnotes":""},"categories":[1],"tags":[628,89,104,505,516,93,143,372,363,258,427,263,374,262,555,443,520,422,383,321,537,336,84,316,301,503,442],"class_list":["post-4151","post","type-post","status-publish","format-standard","has-post-thumbnail","hentry","category-literatur","tag-a-j-weigoni","tag-andreas-noga","tag-axel-kutsch","tag-christel-fallenstein","tag-elke-erb","tag-francisca-ricinski","tag-friederike-mayrocker","tag-fritz-widhalm","tag-gerhard-jaschke","tag-hans-bender","tag-herta-muller","tag-ilse-aichinger","tag-ilse-kilic","tag-ingrid-fichtner","tag-jan-skudlarek","tag-johann-lippet","tag-johannes-cs-frank","tag-jutta-dornheim","tag-karl-friedrich-hacker","tag-marion-poschmann","tag-marlene-streeeruwitz","tag-susanne-eules","tag-theo-breuer","tag-thomas-bernhard","tag-traian-pop","tag-ulrich-tarlatt","tag-wjatscheslaw-kuprijanow"],"_links":{"self":[{"href":"http:\/\/www.editiondaslabor.de\/blog\/wp-json\/wp\/v2\/posts\/4151","targetHints":{"allow":["GET"]}}],"collection":[{"href":"http:\/\/www.editiondaslabor.de\/blog\/wp-json\/wp\/v2\/posts"}],"about":[{"href":"http:\/\/www.editiondaslabor.de\/blog\/wp-json\/wp\/v2\/types\/post"}],"author":[{"embeddable":true,"href":"http:\/\/www.editiondaslabor.de\/blog\/wp-json\/wp\/v2\/users\/9"}],"replies":[{"embeddable":true,"href":"http:\/\/www.editiondaslabor.de\/blog\/wp-json\/wp\/v2\/comments?post=4151"}],"version-history":[{"count":2,"href":"http:\/\/www.editiondaslabor.de\/blog\/wp-json\/wp\/v2\/posts\/4151\/revisions"}],"predecessor-version":[{"id":98551,"href":"http:\/\/www.editiondaslabor.de\/blog\/wp-json\/wp\/v2\/posts\/4151\/revisions\/98551"}],"wp:featuredmedia":[{"embeddable":true,"href":"http:\/\/www.editiondaslabor.de\/blog\/wp-json\/wp\/v2\/media\/97870"}],"wp:attachment":[{"href":"http:\/\/www.editiondaslabor.de\/blog\/wp-json\/wp\/v2\/media?parent=4151"}],"wp:term":[{"taxonomy":"category","embeddable":true,"href":"http:\/\/www.editiondaslabor.de\/blog\/wp-json\/wp\/v2\/categories?post=4151"},{"taxonomy":"post_tag","embeddable":true,"href":"http:\/\/www.editiondaslabor.de\/blog\/wp-json\/wp\/v2\/tags?post=4151"}],"curies":[{"name":"wp","href":"https:\/\/api.w.org\/{rel}","templated":true}]}}