{"id":40602,"date":"1995-03-01T00:01:45","date_gmt":"1995-02-28T23:01:45","guid":{"rendered":"http:\/\/www.editiondaslabor.de\/blog\/?p=40602"},"modified":"2021-06-14T13:46:18","modified_gmt":"2021-06-14T11:46:18","slug":"menschenrechtelos","status":"publish","type":"post","link":"http:\/\/www.editiondaslabor.de\/blog\/1995\/03\/01\/menschenrechtelos\/","title":{"rendered":"MENSCHENRECHTE(LOS)"},"content":{"rendered":"<p>&nbsp;<\/p>\n<p>&nbsp;<\/p>\n<p>immer sagen<\/p>\n<p>das ist in Afrika vielleicht<\/p>\n<p>das ist dort bei den negern<\/p>\n<p>anderswo nicht hier bei uns<\/p>\n<p>&nbsp;<\/p>\n<p>immer sagen<\/p>\n<p>das war unter Hitler<\/p>\n<p>das war auch unter Stalin<\/p>\n<p>unter Ceausescu vielleicht<\/p>\n<p>aber nicht hier und nicht jetzt<\/p>\n<p>&nbsp;<\/p>\n<p>imer sagen<\/p>\n<p>das war und ist in China<\/p>\n<p>das war in Chile oder sonstwo<\/p>\n<p>die todesschwadrone dort dr\u00fcben<\/p>\n<p>in solchen diktaturen vielleicht hier nicht<\/p>\n<p>&nbsp;<\/p>\n<p>immer sagen<\/p>\n<p>bei uns da gibt es recht und freiheit<\/p>\n<p>mehrparteiensystem eben demokratie<\/p>\n<p>anderswo regiert das milit\u00e4r die polizei<\/p>\n<p>doch nicht hier in unserem rechtsstaat<\/p>\n<p>&nbsp;<\/p>\n<p>vereinzelte \u00fcbergriffe ja das mag sein<\/p>\n<p>bei untersuchungshaft bei schubhaft<\/p>\n<p>auf irgendeinem polizeikommissariat<\/p>\n<p>aufgrund von willk\u00fcr einzelner beamter<\/p>\n<p>da kann jeder sich hernach beschweren<\/p>\n<p>&nbsp;<\/p>\n<p>wir sch\u00fctzen unseren staat die b\u00fcrger<\/p>\n<p>vor au\u00dfenseitern asylanten und gesindel<\/p>\n<p>denn das ist unser recht ja unsere pflicht<\/p>\n<p>geschlagen wird nur anderswo nicht hier<\/p>\n<p>und hungerstreik na ja das gibt es eben<\/p>\n<p>auch darauf hat ein jeder hier sein recht<\/p>\n<p>&nbsp;<\/p>\n<p>die menschenrechte ja nat\u00fcrlich<\/p>\n<p>das ist keine frage die sind wichtig<\/p>\n<p>sind unterschrieben auch von uns<\/p>\n<p>jeder hat so auch bei uns sein recht<\/p>\n<p>der eine mehr der andere weniger<\/p>\n<p>&nbsp;<\/p>\n<p>nur eines ist doch wirklich klar<\/p>\n<p>wir sind der herr im eigenen haus<\/p>\n<p>das ist seit jeher oberstes prinzip<\/p>\n<p>und also tun wir was wir wollen<\/p>\n<p>&nbsp;<\/p>\n<p>menschenrechte selbstverst\u00e4ndlich<\/p>\n<p>wann wieviel und wie bestimmen wir<\/p>\n<p>&nbsp;<\/p>\n<p>&nbsp;<\/p>\n<p>&nbsp;<\/p>\n<p style=\"text-align: justify;\"><strong>\u00a0<\/strong><\/p>\n<div id=\"attachment_14681\" style=\"width: 230px\" class=\"wp-caption alignleft\"><a href=\"http:\/\/www.editiondaslabor.de\/blog\/wp-content\/uploads\/2013\/12\/220px-Peter_Paul_Wiplinger.jpg\"><img loading=\"lazy\" decoding=\"async\" aria-describedby=\"caption-attachment-14681\" class=\"size-full wp-image-14681\" src=\"http:\/\/www.editiondaslabor.de\/blog\/wp-content\/uploads\/2013\/12\/220px-Peter_Paul_Wiplinger.jpg\" alt=\"\" width=\"220\" height=\"330\" srcset=\"http:\/\/www.editiondaslabor.de\/blog\/wp-content\/uploads\/2013\/12\/220px-Peter_Paul_Wiplinger.jpg 220w, http:\/\/www.editiondaslabor.de\/blog\/wp-content\/uploads\/2013\/12\/220px-Peter_Paul_Wiplinger-200x300.jpg 200w\" sizes=\"auto, (max-width: 220px) 100vw, 220px\" \/><\/a><p id=\"caption-attachment-14681\" class=\"wp-caption-text\">Photo: Gerald Ganglbauer<\/p><\/div>\n<p style=\"text-align: justify;\"><strong>Weiterf\u00fchrend \u2192<\/strong><\/p>\n<p style=\"text-align: justify;\">\u00dcber den dezidiert politisch arbeitenden Peter Paul Wiplinger lesen Sie hier eine <a href=\"http:\/\/www.editiondaslabor.de\/blog\/?p=14676\">W\u00fcrdigung<\/a>.<\/p>\n<p style=\"text-align: justify;\"><strong>\u2192<\/strong>\u00a0Poesie z\u00e4hlt f\u00fcr KUNO weiterhin zu den identit\u00e4ts- und identifikationstiftenden Elementen einer Kultur, dies bezeugte auch der Versuch einer <a href=\"http:\/\/www.editiondaslabor.de\/blog\/?p=25630\">poetologischen Positionsbestimmung<\/a>.<\/p>\n<p>&nbsp;<\/p>\n","protected":false},"excerpt":{"rendered":"<p>&nbsp; &nbsp; immer sagen das ist in Afrika vielleicht das ist dort bei den negern anderswo nicht hier bei uns &nbsp; immer sagen das war unter Hitler das war auch unter Stalin unter Ceausescu vielleicht aber nicht hier und nicht&hellip;<\/p>\n<p class=\"more-link-p\"><a class=\"more-link\" href=\"http:\/\/www.editiondaslabor.de\/blog\/1995\/03\/01\/menschenrechtelos\/\">Read more &rarr;<\/a><\/p>\n","protected":false},"author":98,"featured_media":14681,"comment_status":"closed","ping_status":"open","sticky":false,"template":"","format":"standard","meta":{"footnotes":""},"categories":[1],"tags":[1142],"class_list":["post-40602","post","type-post","status-publish","format-standard","has-post-thumbnail","hentry","category-literatur","tag-peter-paul-wiplinger"],"_links":{"self":[{"href":"http:\/\/www.editiondaslabor.de\/blog\/wp-json\/wp\/v2\/posts\/40602","targetHints":{"allow":["GET"]}}],"collection":[{"href":"http:\/\/www.editiondaslabor.de\/blog\/wp-json\/wp\/v2\/posts"}],"about":[{"href":"http:\/\/www.editiondaslabor.de\/blog\/wp-json\/wp\/v2\/types\/post"}],"author":[{"embeddable":true,"href":"http:\/\/www.editiondaslabor.de\/blog\/wp-json\/wp\/v2\/users\/98"}],"replies":[{"embeddable":true,"href":"http:\/\/www.editiondaslabor.de\/blog\/wp-json\/wp\/v2\/comments?post=40602"}],"version-history":[{"count":0,"href":"http:\/\/www.editiondaslabor.de\/blog\/wp-json\/wp\/v2\/posts\/40602\/revisions"}],"wp:featuredmedia":[{"embeddable":true,"href":"http:\/\/www.editiondaslabor.de\/blog\/wp-json\/"}],"wp:attachment":[{"href":"http:\/\/www.editiondaslabor.de\/blog\/wp-json\/wp\/v2\/media?parent=40602"}],"wp:term":[{"taxonomy":"category","embeddable":true,"href":"http:\/\/www.editiondaslabor.de\/blog\/wp-json\/wp\/v2\/categories?post=40602"},{"taxonomy":"post_tag","embeddable":true,"href":"http:\/\/www.editiondaslabor.de\/blog\/wp-json\/wp\/v2\/tags?post=40602"}],"curies":[{"name":"wp","href":"https:\/\/api.w.org\/{rel}","templated":true}]}}