{"id":40591,"date":"1989-05-08T00:01:07","date_gmt":"1989-05-07T22:01:07","guid":{"rendered":"http:\/\/www.editiondaslabor.de\/blog\/?p=40591"},"modified":"2021-07-11T13:30:55","modified_gmt":"2021-07-11T11:30:55","slug":"kameradschaft-und-krieg","status":"publish","type":"post","link":"http:\/\/www.editiondaslabor.de\/blog\/1989\/05\/08\/kameradschaft-und-krieg\/","title":{"rendered":"KAMERADSCHAFT UND KRIEG"},"content":{"rendered":"<p>&nbsp;<\/p>\n<p>die stra\u00dfen sind voll<\/p>\n<p>mit alten k\u00e4mpfern<\/p>\n<p>&nbsp;<\/p>\n<p>und immer wieder<\/p>\n<p>h\u00f6rt man die worte<\/p>\n<p><i>kameradschaft<\/i> <i>krieg<\/i><\/p>\n<p>&nbsp;<\/p>\n<p>das zeichen des kreuzes<\/p>\n<p>als zeichen des todes<\/p>\n<p>als zeichen des t\u00f6tens<\/p>\n<p>&nbsp;<\/p>\n<p>verdienstvoll am rock<\/p>\n<p>braun ist der anzug<\/p>\n<p>hart das gesicht<\/p>\n<p>&nbsp;<\/p>\n<p>voll stolz<\/p>\n<p>auf die zeichen<\/p>\n<p>von krieg und gewalt<\/p>\n<p>&nbsp;<\/p>\n<p>kameradschaft<\/p>\n<p>beim t\u00f6ten im kampf<\/p>\n<p>beim ermorden der opfer<\/p>\n<p>&nbsp;<\/p>\n<p>K\u00e4rnten im zeichen<\/p>\n<p>von <i>Heimat und Treue<\/i><\/p>\n<p>einst <i>f\u00fcr F\u00fchrer und Reich<\/i><\/p>\n<p>&nbsp;<\/p>\n<p>heute vereint im<\/p>\n<p>zur schau gestellten<\/p>\n<p>bekenntnis<\/p>\n<p>&nbsp;<\/p>\n<p>von dummheit und mythos<\/p>\n<p>von helden und heimat<\/p>\n<p>&nbsp;<\/p>\n<p>&nbsp;<\/p>\n<p>&nbsp;<\/p>\n<p>&nbsp;<\/p>\n<p><strong>\u00a0<\/strong><\/p>\n<div id=\"attachment_14681\" style=\"width: 230px\" class=\"wp-caption alignleft\"><a href=\"http:\/\/www.editiondaslabor.de\/blog\/wp-content\/uploads\/2013\/12\/220px-Peter_Paul_Wiplinger.jpg\"><img loading=\"lazy\" decoding=\"async\" aria-describedby=\"caption-attachment-14681\" class=\"size-full wp-image-14681\" src=\"http:\/\/www.editiondaslabor.de\/blog\/wp-content\/uploads\/2013\/12\/220px-Peter_Paul_Wiplinger.jpg\" alt=\"\" width=\"220\" height=\"330\" srcset=\"http:\/\/www.editiondaslabor.de\/blog\/wp-content\/uploads\/2013\/12\/220px-Peter_Paul_Wiplinger.jpg 220w, http:\/\/www.editiondaslabor.de\/blog\/wp-content\/uploads\/2013\/12\/220px-Peter_Paul_Wiplinger-200x300.jpg 200w\" sizes=\"auto, (max-width: 220px) 100vw, 220px\" \/><\/a><p id=\"caption-attachment-14681\" class=\"wp-caption-text\">Photo: Gerald Ganglbauer<\/p><\/div>\n<p style=\"text-align: justify;\"><strong>Weiterf\u00fchrend \u2192<\/strong><\/p>\n<p style=\"text-align: justify;\">\u00dcber den dezidiert politisch arbeitenden Peter Paul Wiplinger lesen Sie hier eine <a href=\"http:\/\/www.editiondaslabor.de\/blog\/?p=14676\">W\u00fcrdigung<\/a>.<\/p>\n<p style=\"text-align: justify;\"><strong>\u2192<\/strong>\u00a0Poesie z\u00e4hlt f\u00fcr KUNO weiterhin zu den identit\u00e4ts- und identifikationstiftenden Elementen einer Kultur, dies bezeugte auch der Versuch einer <a href=\"http:\/\/www.editiondaslabor.de\/blog\/?p=25630\">poetologischen Positionsbestimmung<\/a>.<\/p>\n<p>&nbsp;<\/p>\n","protected":false},"excerpt":{"rendered":"<p>&nbsp; die stra\u00dfen sind voll mit alten k\u00e4mpfern &nbsp; und immer wieder h\u00f6rt man die worte kameradschaft krieg &nbsp; das zeichen des kreuzes als zeichen des todes als zeichen des t\u00f6tens &nbsp; verdienstvoll am rock braun ist der anzug hart&hellip;<\/p>\n<p class=\"more-link-p\"><a class=\"more-link\" href=\"http:\/\/www.editiondaslabor.de\/blog\/1989\/05\/08\/kameradschaft-und-krieg\/\">Read more &rarr;<\/a><\/p>\n","protected":false},"author":98,"featured_media":14681,"comment_status":"closed","ping_status":"open","sticky":false,"template":"","format":"standard","meta":{"footnotes":""},"categories":[1],"tags":[1142],"class_list":["post-40591","post","type-post","status-publish","format-standard","has-post-thumbnail","hentry","category-literatur","tag-peter-paul-wiplinger"],"_links":{"self":[{"href":"http:\/\/www.editiondaslabor.de\/blog\/wp-json\/wp\/v2\/posts\/40591","targetHints":{"allow":["GET"]}}],"collection":[{"href":"http:\/\/www.editiondaslabor.de\/blog\/wp-json\/wp\/v2\/posts"}],"about":[{"href":"http:\/\/www.editiondaslabor.de\/blog\/wp-json\/wp\/v2\/types\/post"}],"author":[{"embeddable":true,"href":"http:\/\/www.editiondaslabor.de\/blog\/wp-json\/wp\/v2\/users\/98"}],"replies":[{"embeddable":true,"href":"http:\/\/www.editiondaslabor.de\/blog\/wp-json\/wp\/v2\/comments?post=40591"}],"version-history":[{"count":0,"href":"http:\/\/www.editiondaslabor.de\/blog\/wp-json\/wp\/v2\/posts\/40591\/revisions"}],"wp:featuredmedia":[{"embeddable":true,"href":"http:\/\/www.editiondaslabor.de\/blog\/wp-json\/"}],"wp:attachment":[{"href":"http:\/\/www.editiondaslabor.de\/blog\/wp-json\/wp\/v2\/media?parent=40591"}],"wp:term":[{"taxonomy":"category","embeddable":true,"href":"http:\/\/www.editiondaslabor.de\/blog\/wp-json\/wp\/v2\/categories?post=40591"},{"taxonomy":"post_tag","embeddable":true,"href":"http:\/\/www.editiondaslabor.de\/blog\/wp-json\/wp\/v2\/tags?post=40591"}],"curies":[{"name":"wp","href":"https:\/\/api.w.org\/{rel}","templated":true}]}}