{"id":4031,"date":"2012-05-12T09:53:51","date_gmt":"2012-05-12T07:53:51","guid":{"rendered":"http:\/\/www.editiondaslabor.de\/blog\/?p=4031"},"modified":"2021-03-19T12:18:59","modified_gmt":"2021-03-19T11:18:59","slug":"20-huntenkunst-dieses-jahr-in-ulft-nl","status":"publish","type":"post","link":"http:\/\/www.editiondaslabor.de\/blog\/2012\/05\/12\/20-huntenkunst-dieses-jahr-in-ulft-nl\/","title":{"rendered":"20. Huntenkunst &#8211; dieses Jahr in Ulft (NL)"},"content":{"rendered":"<p style=\"text-align: justify;\"><a href=\"http:\/\/www.editiondaslabor.de\/blog\/wp-content\/uploads\/2012\/05\/IMG_07831.jpg\"><img loading=\"lazy\" decoding=\"async\" class=\"alignleft wp-image-4033\" title=\"Stephanie Nehaus\u00b4 Prognose zur Wertentwicklung ihrer Bilder in den n\u00e4chsten zehn Jahren.\" src=\"http:\/\/www.editiondaslabor.de\/blog\/wp-content\/uploads\/2012\/05\/IMG_07831-300x200.jpg\" alt=\"\" width=\"240\" height=\"160\" srcset=\"http:\/\/www.editiondaslabor.de\/blog\/wp-content\/uploads\/2012\/05\/IMG_07831-300x200.jpg 300w, http:\/\/www.editiondaslabor.de\/blog\/wp-content\/uploads\/2012\/05\/IMG_07831-1024x682.jpg 1024w\" sizes=\"auto, (max-width: 240px) 100vw, 240px\" \/><\/a><\/p>\n<p style=\"text-align: justify;\">Seit zwei \u00a0Jahrzehnten hat sich die <em>Huntenkunst<\/em> \u2013 eine reine K\u00fcnstlermesse \u2212 im niederl\u00e4ndischen Kunstbetrieb etabliert. Fernab der gro\u00dfen St\u00e4dte wird hier im Bereich Doetinchem, Ulft, Rees und Emmerich jedes Jahr eine Kunstschau versammelt, die es in sich hat. In diesem Jahr findet vom 11. bis 13. Mai die 20. Huntenkunst statt. Die von Harrie Schenning initiierte und organisierte Messe ver\u00e4ndert sich von Jahr zu Jahr. Zum einen dadurch, dass es j\u00e4hrlich wechselnde Schwerpunktl\u00e4nder gibt, zum anderen durch die K\u00fcnstler selber, die meist nur ein oder zwei Jahre kommen oder eingeladen werden. Aber es gibt auch Stammk\u00fcnstler wie Brigitte Gmachreich-J\u00fcnemann, Axel Vater oder Norbert Grimm, deren Werke man regelm\u00e4\u00dfig dort sehen kann.<\/p>\n<p style=\"text-align: justify;\"><strong>International<\/strong><\/p>\n<p style=\"text-align: justify;\"><a href=\"http:\/\/www.editiondaslabor.de\/blog\/wp-content\/uploads\/2012\/05\/IMG_0752.jpg\"><img loading=\"lazy\" decoding=\"async\" class=\"size-medium wp-image-4035 alignright\" title=\"Koje von Haimo Hieronymus\" src=\"http:\/\/www.editiondaslabor.de\/blog\/wp-content\/uploads\/2012\/05\/IMG_0752-200x300.jpg\" alt=\"\" width=\"200\" height=\"300\" srcset=\"http:\/\/www.editiondaslabor.de\/blog\/wp-content\/uploads\/2012\/05\/IMG_0752-200x300.jpg 200w, http:\/\/www.editiondaslabor.de\/blog\/wp-content\/uploads\/2012\/05\/IMG_0752-682x1024.jpg 682w\" sizes=\"auto, (max-width: 200px) 100vw, 200px\" \/><\/a>Die ausgestellten Arbeiten werden von einer Jury ausgew\u00e4hlt: Nicht jeder also, der von sich denkt, dass die selbstgeh\u00e4kelten Platzdeckchen Kunst sind, kann seine Werke zeigen. K\u00fcnstler aus der ganzen Welt\u00a0\u2212 Norwegen, Rum\u00e4nien, Niederlanden, Italien, Schweiz, Belgien, \u00d6sterreich, D\u00e4nemark, Schweden, Polen, Ungarn, Frankreich, S\u00fcdkorea, Spanien, USA, T\u00fcrkei, Australien und Deutschland \u2212 sind vertreten. Aus der Ateliergemeinschaft DER BOGEN in Arnsberg-Neheim beteiligen sich Haimo Hieronymus und Stephanie Neuhaus.<\/p>\n<p style=\"text-align: justify;\"><strong>200 Kojen<\/strong><\/p>\n<p style=\"text-align: justify;\">Ob Malerei, Graphik, K\u00fcnstlerbuch, Skulptur, Keramik, Foto, Video, Zeichnung und Textilkunst, alles kann man in den 200 Kojen \u00a0finden, die zwischen 2,50 mal 2,50 m und 5 mal 2,50 m gro\u00df sind. Die K\u00fcnstler sind in der Ausstattung frei, sie bekommen einen Tisch und zwei St\u00fchle gestellt, alles andere organisieren sie selbst. Dabei entstehen beispielsweise ganze Rauminstallationen oder aufw\u00e4ndige Messest\u00e4nde. Von den Puristen bis zur Peterburger H\u00e4ngung ist alles zu finden.\u00a0 Zur Not wird auch mal ein ganzer Stand aus Wellpappe gestaltet.<\/p>\n<p style=\"text-align: justify;\"><strong>Vorteil, aber kein Muss<\/strong><\/p>\n<p style=\"text-align: justify;\"><a href=\"http:\/\/www.editiondaslabor.de\/blog\/wp-content\/uploads\/2012\/05\/IMG_0754.jpg\"><img loading=\"lazy\" decoding=\"async\" class=\"alignleft wp-image-4036\" title=\"Harrie Schenning\" src=\"http:\/\/www.editiondaslabor.de\/blog\/wp-content\/uploads\/2012\/05\/IMG_0754-216x300.jpg\" alt=\"\" width=\"216\" height=\"300\" srcset=\"http:\/\/www.editiondaslabor.de\/blog\/wp-content\/uploads\/2012\/05\/IMG_0754-216x300.jpg 216w, http:\/\/www.editiondaslabor.de\/blog\/wp-content\/uploads\/2012\/05\/IMG_0754-737x1024.jpg 737w, http:\/\/www.editiondaslabor.de\/blog\/wp-content\/uploads\/2012\/05\/IMG_0754.jpg 1238w\" sizes=\"auto, (max-width: 216px) 100vw, 216px\" \/><\/a>Zweisprachigkeit\u00a0 ist von Vorteil, aber kein Muss. Besucher kommen aus den Niederlanden, aus Deutschland, einige auch aus Belgien. Zur Not hilft man sich mit echter Zweisprachigkeit, der eine spricht holl\u00e4ndisch, der andere deutsch: Das Verbindende ist die Kunst, und man versteht einander\u00a0\u2212 so oder so. Bei den schwierigeren Fragen hilft <em>a little bit of English<\/em>.<\/p>\n<p style=\"text-align: justify;\"><strong>Herzlich<\/strong><\/p>\n<p style=\"text-align: justify;\">Die Atmosph\u00e4re der Messe ist von ausgesprochener Freundlichkeit, nein Herzlichkeit gekennzeichnet, mit der Besucher wie K\u00fcnstler aufgenommen werden. Harrie Schenning und sein Team k\u00f6nnen noch so sehr im Stress sein, sie kommen den W\u00fcnschen der Menschen, wo immer sie k\u00f6nnen, entgegen. \u00a0\u201eIch br\u00e4uchte noch einen Tisch.\u201c \u201eNein, Tische gibt es nicht mehr, aber ich k\u00fcmmere mich drum.\u201c Das ist keine Floskel. Denn keine drei \u00a0Minuten sp\u00e4ter ist der Tisch da, und es kann weitergehn.<\/p>\n<p style=\"text-align: justify;\">Die Messe wird traditionell auf einer CD-Rom dokumentiert, auf der sich die aktuellen K\u00fcnstler und Fotos der letzten Jahre finden.<\/p>\n<p style=\"text-align: justify;\"><a href=\"http:\/\/www.editiondaslabor.de\/blog\/wp-content\/uploads\/2012\/05\/IMG_0747.jpg\"><img loading=\"lazy\" decoding=\"async\" class=\"alignleft size-medium wp-image-4034\" title=\"Koje von Stephanie Neuhaus\" src=\"http:\/\/www.editiondaslabor.de\/blog\/wp-content\/uploads\/2012\/05\/IMG_0747-300x200.jpg\" alt=\"\" width=\"300\" height=\"200\" srcset=\"http:\/\/www.editiondaslabor.de\/blog\/wp-content\/uploads\/2012\/05\/IMG_0747-300x200.jpg 300w, http:\/\/www.editiondaslabor.de\/blog\/wp-content\/uploads\/2012\/05\/IMG_0747-1024x682.jpg 1024w\" sizes=\"auto, (max-width: 300px) 100vw, 300px\" \/><\/a><strong>HUNTENKUNST \u00b7 Gro\u00dfe SSP-Halle in Ulft (NL)<\/strong><\/p>\n<p style=\"text-align: justify;\"><strong>Es lohnt!<\/strong><\/p>\n","protected":false},"excerpt":{"rendered":"<p>Seit zwei \u00a0Jahrzehnten hat sich die Huntenkunst \u2013 eine reine K\u00fcnstlermesse \u2212 im niederl\u00e4ndischen Kunstbetrieb etabliert. Fernab der gro\u00dfen St\u00e4dte wird hier im Bereich Doetinchem, Ulft, Rees und Emmerich jedes Jahr eine Kunstschau versammelt, die es in sich hat. In&hellip;<\/p>\n<p class=\"more-link-p\"><a class=\"more-link\" href=\"http:\/\/www.editiondaslabor.de\/blog\/2012\/05\/12\/20-huntenkunst-dieses-jahr-in-ulft-nl\/\">Read more &rarr;<\/a><\/p>\n","protected":false},"author":4,"featured_media":4034,"comment_status":"open","ping_status":"open","sticky":false,"template":"","format":"standard","meta":{"footnotes":""},"categories":[1],"tags":[],"class_list":["post-4031","post","type-post","status-publish","format-standard","has-post-thumbnail","hentry","category-literatur"],"_links":{"self":[{"href":"http:\/\/www.editiondaslabor.de\/blog\/wp-json\/wp\/v2\/posts\/4031","targetHints":{"allow":["GET"]}}],"collection":[{"href":"http:\/\/www.editiondaslabor.de\/blog\/wp-json\/wp\/v2\/posts"}],"about":[{"href":"http:\/\/www.editiondaslabor.de\/blog\/wp-json\/wp\/v2\/types\/post"}],"author":[{"embeddable":true,"href":"http:\/\/www.editiondaslabor.de\/blog\/wp-json\/wp\/v2\/users\/4"}],"replies":[{"embeddable":true,"href":"http:\/\/www.editiondaslabor.de\/blog\/wp-json\/wp\/v2\/comments?post=4031"}],"version-history":[{"count":0,"href":"http:\/\/www.editiondaslabor.de\/blog\/wp-json\/wp\/v2\/posts\/4031\/revisions"}],"wp:featuredmedia":[{"embeddable":true,"href":"http:\/\/www.editiondaslabor.de\/blog\/wp-json\/"}],"wp:attachment":[{"href":"http:\/\/www.editiondaslabor.de\/blog\/wp-json\/wp\/v2\/media?parent=4031"}],"wp:term":[{"taxonomy":"category","embeddable":true,"href":"http:\/\/www.editiondaslabor.de\/blog\/wp-json\/wp\/v2\/categories?post=4031"},{"taxonomy":"post_tag","embeddable":true,"href":"http:\/\/www.editiondaslabor.de\/blog\/wp-json\/wp\/v2\/tags?post=4031"}],"curies":[{"name":"wp","href":"https:\/\/api.w.org\/{rel}","templated":true}]}}