{"id":39966,"date":"2001-09-04T00:01:12","date_gmt":"2001-09-03T22:01:12","guid":{"rendered":"http:\/\/www.editiondaslabor.de\/blog\/?p=39966"},"modified":"2021-01-08T13:48:30","modified_gmt":"2021-01-08T12:48:30","slug":"schwarzweisser-stummfilm","status":"publish","type":"post","link":"http:\/\/www.editiondaslabor.de\/blog\/2001\/09\/04\/schwarzweisser-stummfilm\/","title":{"rendered":"Schwarzwei\u00dfer Stummfilm"},"content":{"rendered":"<p>&nbsp;<\/p>\r\n<p style=\"text-align: justify;\">Dieser Montag sollte beginnen wie jeder andere auch, h\u00e4tte man vielleicht meinen k\u00f6nnen. Angesichts der relativen Wahrscheinlichkeit bestimmter Tagesrhythmen und Abfolgen muss man oder kann man fast schon zwangsl\u00e4ufig einplanen, dass die \u00fcbliche Montagstristesse lustvoll in ihr vages buntes Kleidchen h\u00fcpft. Andererseits \u2013 ist es nicht genauso wahrscheinlich, dass die Erwartungshaltung nur selten zufriedenstellend erf\u00fcllt werden kann und wird? Er hatte in ihr h\u00fcbsches Gesicht geblickt und feststellen m\u00fcssen, dass sie ihn erschrocken ansah. Aufgewacht war er erschreckt mit einem und durch einen Traum. Sein mobiles Telephon gab seltsam klagende Laute von sich, alles andere verschwand sofort, als h\u00e4tte es die Traumweltebene des Unterverstandes nie gegeben. Er stand auf und musste feststellen, dass auch der Aufwachgrund Teil des Traums gewesen war. Auch der frische Kaffeeduft war augenblicklich verschwunden, den er wahrzunehmen gemeint hatte.<\/p>\r\n<p style=\"text-align: justify;\">Eines aber wusste er nun ganz fest. Ja, in Tr\u00e4umen h\u00f6rt, riecht man, wer glaubt schon daran, das seien schwarzwei\u00dfe Stummfilme.<\/p>\r\n<p>&nbsp;<\/p>\r\n<!-- \/wp:post-content -->\r\n\r\n<!-- wp:paragraph {\"align\":\"center\"} -->\r\n<p style=\"text-align: center;\">***<\/p>\r\n<!-- \/wp:paragraph -->\r\n\r\n<!-- wp:paragraph -->\r\n<p style=\"text-align: justify;\"><strong>Das Mittelma\u00df der Welt<\/strong>, unerh\u00f6rte Geschichten von Herrn Nipp, dokumentiert auf KUNO 1994 &#8211; 2019<\/p>\r\n<p style=\"text-align: justify;\"><a href=\"http:\/\/www.editiondaslabor.de\/blog\/wp-content\/uploads\/2009\/01\/Herr-Nipp-Frontbild.jpg\"><img loading=\"lazy\" decoding=\"async\" class=\"alignleft size-full wp-image-71748\" src=\"http:\/\/www.editiondaslabor.de\/blog\/wp-content\/uploads\/2009\/01\/Herr-Nipp-Frontbild.jpg\" alt=\"\" width=\"217\" height=\"229\" srcset=\"http:\/\/www.editiondaslabor.de\/blog\/wp-content\/uploads\/2009\/01\/Herr-Nipp-Frontbild.jpg 217w, http:\/\/www.editiondaslabor.de\/blog\/wp-content\/uploads\/2009\/01\/Herr-Nipp-Frontbild-160x169.jpg 160w\" sizes=\"auto, (max-width: 217px) 100vw, 217px\" \/><\/a><\/p>\r\n<p style=\"text-align: justify;\"><strong>Weiterf\u00fchrend <\/strong><strong>\u2192\u00a0<\/strong>Zu einem begehrten Sammlerst\u00fcck hat sich die\u00a0Totholzausgabe von Herrn Nipps <a href=\"http:\/\/www.editiondaslabor.de\/blog\/?p=12766\"><em>Die Angst perfekter Schwiegers\u00f6hne<\/em><\/a> entwickelt.\u00a0Au\u00dferdem belegt sein Taschenbuch <a href=\"http:\/\/www.editiondaslabor.de\/blog\/?p=9294\"><em>Unerh\u00f6rte M\u00f6glichkeiten<\/em><\/a>, da\u00df man keinen Falken mehr verzehren muss, um novellistisch t\u00e4tig zu sein. Herr Nipp dampft die Gattung der Novelle konsequent zu <a href=\"http:\/\/www.editiondaslabor.de\/?p=899\"><em>Twitteratur<\/em><\/a> ein. Und au\u00dferdem pr\u00e4sentiert Haimo Hieronymus die bibliophile Kostbarkeit <a href=\"http:\/\/www.editiondaslabor.de\/blog\/?p=41385\"><em>\u00dcber Heblichkeiten, Floskeln und andere Ausrutscher<\/em><\/a> aus den Notizb\u00fcchern des Herrn Nipp. <span data-offset-key=\"bv319-0-0\">Begleitendes zur Ver\u00f6ffentlichung des Buches <a href=\"http:\/\/www.editiondaslabor.de\/blog\/2019\/12\/04\/fatale-wirkungen\/\"><em>Fatale Wirkungen<\/em><\/a>, von Herrn Nipp (Mit Fotos von Stephanie Neuhaus). \u00dcber die <a href=\"http:\/\/www.editiondaslabor.de\/blog\/?p=70620\">historische Aufgabe<\/a> von Herrn Nipp aus M\u00f6ppelheim.<\/span><\/p>\r\n<p style=\"text-align: justify;\">Zum Thema K\u00fcnstlerbucher lesen finden Sie hier einen <a href=\"http:\/\/www.editiondaslabor.de\/blog\/?p=12840\">Essay<\/a> sowie ein <a href=\"http:\/\/www.editiondaslabor.de\/blog\/?p=834\">Artikel<\/a> von J.C. Albers. Vertiefend auch das <a href=\"http:\/\/www.editiondaslabor.de\/blog\/?p=21407\">Kollegengespr\u00e4ch<\/a> mit Haimo Hieronymus.<\/p>\r\n<p style=\"text-align: justify;\">Diese bibliophile Kostbarkeiten sind erh\u00e4ltlich \u00fcber die Werkstattgalerie Der Bogen, Tel. 0173 7276421<\/p>\r\n<p style=\"text-align: justify;\">\u00a0<\/p>","protected":false},"excerpt":{"rendered":"<p>&nbsp; Dieser Montag sollte beginnen wie jeder andere auch, h\u00e4tte man vielleicht meinen k\u00f6nnen. Angesichts der relativen Wahrscheinlichkeit bestimmter Tagesrhythmen und Abfolgen muss man oder kann man fast schon zwangsl\u00e4ufig einplanen, dass die \u00fcbliche Montagstristesse lustvoll in ihr vages buntes&hellip;<\/p>\n<p class=\"more-link-p\"><a class=\"more-link\" href=\"http:\/\/www.editiondaslabor.de\/blog\/2001\/09\/04\/schwarzweisser-stummfilm\/\">Read more &rarr;<\/a><\/p>\n","protected":false},"author":161,"featured_media":71748,"comment_status":"closed","ping_status":"open","sticky":false,"template":"","format":"standard","meta":{"footnotes":""},"categories":[1],"tags":[1334],"class_list":["post-39966","post","type-post","status-publish","format-standard","has-post-thumbnail","hentry","category-literatur","tag-herr-nipp"],"_links":{"self":[{"href":"http:\/\/www.editiondaslabor.de\/blog\/wp-json\/wp\/v2\/posts\/39966","targetHints":{"allow":["GET"]}}],"collection":[{"href":"http:\/\/www.editiondaslabor.de\/blog\/wp-json\/wp\/v2\/posts"}],"about":[{"href":"http:\/\/www.editiondaslabor.de\/blog\/wp-json\/wp\/v2\/types\/post"}],"author":[{"embeddable":true,"href":"http:\/\/www.editiondaslabor.de\/blog\/wp-json\/wp\/v2\/users\/161"}],"replies":[{"embeddable":true,"href":"http:\/\/www.editiondaslabor.de\/blog\/wp-json\/wp\/v2\/comments?post=39966"}],"version-history":[{"count":0,"href":"http:\/\/www.editiondaslabor.de\/blog\/wp-json\/wp\/v2\/posts\/39966\/revisions"}],"wp:featuredmedia":[{"embeddable":true,"href":"http:\/\/www.editiondaslabor.de\/blog\/wp-json\/"}],"wp:attachment":[{"href":"http:\/\/www.editiondaslabor.de\/blog\/wp-json\/wp\/v2\/media?parent=39966"}],"wp:term":[{"taxonomy":"category","embeddable":true,"href":"http:\/\/www.editiondaslabor.de\/blog\/wp-json\/wp\/v2\/categories?post=39966"},{"taxonomy":"post_tag","embeddable":true,"href":"http:\/\/www.editiondaslabor.de\/blog\/wp-json\/wp\/v2\/tags?post=39966"}],"curies":[{"name":"wp","href":"https:\/\/api.w.org\/{rel}","templated":true}]}}