{"id":39623,"date":"2008-01-08T00:01:29","date_gmt":"2008-01-07T23:01:29","guid":{"rendered":"http:\/\/www.editiondaslabor.de\/blog\/?p=39623"},"modified":"2022-03-21T15:20:36","modified_gmt":"2022-03-21T14:20:36","slug":"ruhe-kurz","status":"publish","type":"post","link":"http:\/\/www.editiondaslabor.de\/blog\/2008\/01\/08\/ruhe-kurz\/","title":{"rendered":"Ruhe kurz"},"content":{"rendered":"<p>&nbsp;<\/p>\n<p style=\"text-align: justify;\">Menschentumult vor dem Eingang, als g\u00e4be es etwas umsonst. Neue Wache Berlin. War kaum zu erwarten, dass sich die Besucher daf\u00fcr interessieren w\u00fcrden. Trotz des Andrangs die Stufen hoch, am W\u00e4chter vorbei &#8211; dann pl\u00f6tzlich Stille der G\u00e4ste. Die Skulptur von K\u00e4the Kollwitz regennass, als h\u00e4tte sie geweint, alles trocken sonst. Nahe der T\u00fcr halten sich einige Menschen auf, fast versch\u00e4mt, halten sich verhalten auf den Stufen auf und schweigen. Staunen \u00fcber die Ausdruckskraft dieser modernen Pieta. Der Innenraum v\u00f6llig leer. Irgendwann traut sich eine einzelne Frau in die Mitte des Saals, gefolgt von zwei weiteren G\u00e4sten. Z\u00f6gernd erkunden sie die Plastik und weichen schnell wieder zur\u00fcck. Der seltsam beleuchtete Ort hat W\u00fcrde und zwingt zu respektvollem Umgang.<\/p>\n<p>&nbsp;<\/p>\n<div class=\"page\" title=\"Page 75\">\n<p>&nbsp;<\/p>\n<\/div>\n<p style=\"text-align: center;\">***<\/p>\n<p style=\"text-align: justify;\"><strong>Das Mittelma\u00df der Welt<\/strong>, unerh\u00f6rte Geschichten von Herrn Nipp, KUNO 1994 &#8211; 2019<\/p>\n<p style=\"text-align: justify;\"><a href=\"http:\/\/www.editiondaslabor.de\/blog\/wp-content\/uploads\/2009\/01\/Herr-Nipp-Frontbild.jpg\"><img loading=\"lazy\" decoding=\"async\" class=\"alignleft size-full wp-image-71748\" src=\"http:\/\/www.editiondaslabor.de\/blog\/wp-content\/uploads\/2009\/01\/Herr-Nipp-Frontbild.jpg\" alt=\"\" width=\"217\" height=\"229\" srcset=\"http:\/\/www.editiondaslabor.de\/blog\/wp-content\/uploads\/2009\/01\/Herr-Nipp-Frontbild.jpg 217w, http:\/\/www.editiondaslabor.de\/blog\/wp-content\/uploads\/2009\/01\/Herr-Nipp-Frontbild-160x169.jpg 160w\" sizes=\"auto, (max-width: 217px) 100vw, 217px\" \/><\/a><\/p>\n<p style=\"text-align: justify;\">Die <em>unerh\u00f6rten Geschichten<\/em> von Herrn Nipp sind glossierende Anmerkungen die sich schnoddrig mit dem Zeitgeist auseinandersetzen. Oft wird in diesen Kolportagen ein Konflikt zwischen Ordnung und Chaos beschrieben. Wir lesen sowohl \u00fcberraschendes und unerwartetes, potentiell ungew\u00f6hnliches, das Geschehen verweist auf einen sich real ereigneten (oder wenigstens m\u00f6glichen) Ursprung des Erz\u00e4hlten.<\/p>\n<p style=\"text-align: justify;\"><strong>Weiterf\u00fchrend\u00a0<\/strong><strong>\u2192\u00a0<\/strong><\/p>\n<p style=\"text-align: justify;\">Zum Thema K\u00fcnstlerbucher lesen finden Sie hier einen <a href=\"http:\/\/www.editiondaslabor.de\/blog\/?p=12840\">Essay<\/a> sowie ein <a href=\"http:\/\/www.editiondaslabor.de\/blog\/?p=834\">Artikel<\/a> von J.C. Albers. Papier ist autonomes Kunstmaterial, daher ein vertiefendes <a href=\"http:\/\/www.editiondaslabor.de\/blog\/?p=21407\">Kollegengespr\u00e4ch<\/a> mit Haimo Hieronymus \u00fcber Material, Medium und Faszination des Werkstoffs Papier.<\/p>\n<p style=\"text-align: justify;\">Die bibliophilen Kostbarkeiten sind erh\u00e4ltlich \u00fcber die Werkstattgalerie Der Bogen, Tel. 0173 7276421<\/p>\n<p>&nbsp;<\/p>\n","protected":false},"excerpt":{"rendered":"<p>&nbsp; Menschentumult vor dem Eingang, als g\u00e4be es etwas umsonst. Neue Wache Berlin. War kaum zu erwarten, dass sich die Besucher daf\u00fcr interessieren w\u00fcrden. Trotz des Andrangs die Stufen hoch, am W\u00e4chter vorbei &#8211; dann pl\u00f6tzlich Stille der G\u00e4ste. Die&hellip;<\/p>\n<p class=\"more-link-p\"><a class=\"more-link\" href=\"http:\/\/www.editiondaslabor.de\/blog\/2008\/01\/08\/ruhe-kurz\/\">Read more &rarr;<\/a><\/p>\n","protected":false},"author":161,"featured_media":99437,"comment_status":"closed","ping_status":"open","sticky":false,"template":"","format":"standard","meta":{"footnotes":""},"categories":[1],"tags":[1334],"class_list":["post-39623","post","type-post","status-publish","format-standard","has-post-thumbnail","hentry","category-literatur","tag-herr-nipp"],"_links":{"self":[{"href":"http:\/\/www.editiondaslabor.de\/blog\/wp-json\/wp\/v2\/posts\/39623","targetHints":{"allow":["GET"]}}],"collection":[{"href":"http:\/\/www.editiondaslabor.de\/blog\/wp-json\/wp\/v2\/posts"}],"about":[{"href":"http:\/\/www.editiondaslabor.de\/blog\/wp-json\/wp\/v2\/types\/post"}],"author":[{"embeddable":true,"href":"http:\/\/www.editiondaslabor.de\/blog\/wp-json\/wp\/v2\/users\/161"}],"replies":[{"embeddable":true,"href":"http:\/\/www.editiondaslabor.de\/blog\/wp-json\/wp\/v2\/comments?post=39623"}],"version-history":[{"count":3,"href":"http:\/\/www.editiondaslabor.de\/blog\/wp-json\/wp\/v2\/posts\/39623\/revisions"}],"predecessor-version":[{"id":102326,"href":"http:\/\/www.editiondaslabor.de\/blog\/wp-json\/wp\/v2\/posts\/39623\/revisions\/102326"}],"wp:featuredmedia":[{"embeddable":true,"href":"http:\/\/www.editiondaslabor.de\/blog\/wp-json\/wp\/v2\/media\/99437"}],"wp:attachment":[{"href":"http:\/\/www.editiondaslabor.de\/blog\/wp-json\/wp\/v2\/media?parent=39623"}],"wp:term":[{"taxonomy":"category","embeddable":true,"href":"http:\/\/www.editiondaslabor.de\/blog\/wp-json\/wp\/v2\/categories?post=39623"},{"taxonomy":"post_tag","embeddable":true,"href":"http:\/\/www.editiondaslabor.de\/blog\/wp-json\/wp\/v2\/tags?post=39623"}],"curies":[{"name":"wp","href":"https:\/\/api.w.org\/{rel}","templated":true}]}}