{"id":39133,"date":"2002-06-22T00:01:01","date_gmt":"2002-06-21T22:01:01","guid":{"rendered":"http:\/\/www.editiondaslabor.de\/blog\/?p=39133"},"modified":"2021-01-08T15:44:18","modified_gmt":"2021-01-08T14:44:18","slug":"nuesse","status":"publish","type":"post","link":"http:\/\/www.editiondaslabor.de\/blog\/2002\/06\/22\/nuesse\/","title":{"rendered":"N\u00fcsse"},"content":{"rendered":"<p>&nbsp;<\/p>\r\n<p style=\"text-align: justify;\">Als er losging, zeigte der Himmel schon sein schwierig zu benennendes herbstliches Farbenspiel. \u00dcber die gesamte Fl\u00e4che hatten sich Wolkenschl\u00e4uche gebildet, die an den R\u00e4ndern ausfransten, teilweise ineinander \u00fcberliefen. Wie so oft, wenn Wolken nicht als geschlossene Masse auftreten, ergaben sich auf diese Weise immer fragw\u00fcrdige Konstellationen, die zur Fantasie anregten. Diese flie\u00dfenden Wasserdampfgeschwader wurden von unten beleuchtet, von einer rotorangen untergehenden Sonne, die viel weiter links den Horizont ber\u00fchrte als noch vor wenigen Wochen. Sie zogen schnell, als wollten sie sich vor etwas in Sicherheit bringen. Manchmal schien es, als seien die am\u00f6big wechselhaften Himmelsgesch\u00f6pfe voller Leben. Formwandler.\u00a0 Sie sind die Wellen auf unserem trockenen Ozean.<\/p>\r\n<p style=\"text-align: justify;\">Das Vegetationsjahr zeigte die ersten periodischen Erm\u00fcdungserscheinungen, die Bl\u00e4tter hatten Verbissspuren von Insekten und Risse durch das dem Wetter Ausgesetztsein bekommen. In einigen Ecken sammelten sich schon ansehnliche Haufen von Laub. Vor allem aber hatten die N\u00fcsse ihre Samen schon geworfen. Auf allen st\u00e4dtischen Stra\u00dfen, die in den letzten zwei Jahrzehnten randst\u00e4ndig mit Lambertsn\u00fcssen bepflanzt worden waren, h\u00e4tte man zentnerweise leckerste N\u00fcsse sammeln k\u00f6nnen. Sehr schnell zu sammeln. Einmal hatte Herr Nipp gesehen, wie eine Frau mit Besen und Schaufel bewaffnet die Reste von der Stra\u00dfe kehrte, in einen Sack gab, mehrfach sch\u00fcttelte und die oben liegenden H\u00fcllen einfach absammelte und wieder in die Gosse gab. Innerhalb kurzer Zeit hatte diese Frau mehrere T\u00fcten voller N\u00fcsse geerntet. Die Nusskuchen des gesamten Winters waren auf solche Art gesichert. Vielleicht auch \u00f6lhaltige Energie, vielleicht\u00a0 f\u00fcr das n\u00e4chstliegende Biokraftwerk. Darauf war wohl wiederum noch niemand au\u00dfer Herrn Nipp gekommen, dass die Energiepflanzen demn\u00e4chst in den St\u00e4dten angebaut werden w\u00fcrden, als Schattenbringer. Die Stra\u00dfenkehrmaschinen und vor allem ihre Fahrer w\u00fcrden eine unglaubliche Aufwertung erfahren, wenn den B\u00fcrgern erst einmal\u00a0 verdeutlicht worden sei, dass nur durch deren Hilfe \u00fcberhaupt eine individuelle Automobilit\u00e4t m\u00f6glich ist. Die heimlichen Stars der Stra\u00dfe: Stra\u00dfenkehrer. Man denke sich einfach mal, welchen Stellenwert diese bisher in der Geschichte hatten. Mehr bel\u00e4chelt als geachtet sorgten sie sich um die Reinheit der Innenst\u00e4dte. Ohne sie dauerte es nur wenige Tage, oder Wochen, bis es zu einer v\u00f6lligen Verm\u00fcllung kam. Trotzdem wurde ihnen meist keine Dankbarkeit gezollt. Man beobachte doch einmal einen Kehrmaschinenfahrer, mit welcher Geschicklichkeit er die F\u00e4hrnisse der zugeparkten Stra\u00dfenfluchten umf\u00e4hrt. Wie ein Feinmechaniker der Stadt entfernt er hochmotiviert jeden noch so kleinsten Dreckkr\u00fcmel und gr\u00fc\u00dft freundlich dabei. Doch selten nur begegnet ihm ein dankbarer Blick. Solange die st\u00e4dtische Sauberkeit Normalit\u00e4t ist, solange wird ihm kein Respekt entgegengebracht. Wie einer Hausfrau, die erst dann Reaktionen erh\u00e4lt, wenn etwas nicht so gut l\u00e4uft, wenn sie vor Ersch\u00f6pfung ihre Pflichten vernachl\u00e4ssigt.<\/p>\r\n<p style=\"text-align: justify;\">Herr Nipp b\u00fcckte sich, hob einige der hartschaligen Kerne auf, er w\u00fcrde sie im Laufe des Abends noch essen.<\/p>\r\n<p>&nbsp;<\/p>\r\n<!-- \/wp:post-content -->\r\n\r\n<!-- wp:paragraph {\"align\":\"center\"} -->\r\n<p style=\"text-align: center;\">***<\/p>\r\n<!-- \/wp:paragraph -->\r\n\r\n<!-- wp:paragraph -->\r\n<p style=\"text-align: justify;\"><strong>Das Mittelma\u00df der Welt<\/strong>, unerh\u00f6rte Geschichten von Herrn Nipp, dokumentiert auf KUNO 1994 &#8211; 2019<\/p>\r\n<p style=\"text-align: justify;\"><a href=\"http:\/\/www.editiondaslabor.de\/blog\/wp-content\/uploads\/2009\/01\/Herr-Nipp-Frontbild.jpg\"><img loading=\"lazy\" decoding=\"async\" class=\"alignleft size-full wp-image-71748\" src=\"http:\/\/www.editiondaslabor.de\/blog\/wp-content\/uploads\/2009\/01\/Herr-Nipp-Frontbild.jpg\" alt=\"\" width=\"217\" height=\"229\" srcset=\"http:\/\/www.editiondaslabor.de\/blog\/wp-content\/uploads\/2009\/01\/Herr-Nipp-Frontbild.jpg 217w, http:\/\/www.editiondaslabor.de\/blog\/wp-content\/uploads\/2009\/01\/Herr-Nipp-Frontbild-160x169.jpg 160w\" sizes=\"auto, (max-width: 217px) 100vw, 217px\" \/><\/a><\/p>\r\n<p style=\"text-align: justify;\"><strong>Weiterf\u00fchrend <\/strong><strong>\u2192\u00a0<\/strong>Zu einem begehrten Sammlerst\u00fcck hat sich die\u00a0Totholzausgabe von Herrn Nipps <a href=\"http:\/\/www.editiondaslabor.de\/blog\/?p=12766\"><em>Die Angst perfekter Schwiegers\u00f6hne<\/em><\/a> entwickelt.\u00a0Au\u00dferdem belegt sein Taschenbuch <a href=\"http:\/\/www.editiondaslabor.de\/blog\/?p=9294\"><em>Unerh\u00f6rte M\u00f6glichkeiten<\/em><\/a>, da\u00df man keinen Falken mehr verzehren muss, um novellistisch t\u00e4tig zu sein. Herr Nipp dampft die Gattung der Novelle konsequent zu <a href=\"http:\/\/www.editiondaslabor.de\/?p=899\"><em>Twitteratur<\/em><\/a> ein. Und au\u00dferdem pr\u00e4sentiert Haimo Hieronymus die bibliophile Kostbarkeit <a href=\"http:\/\/www.editiondaslabor.de\/blog\/?p=41385\"><em>\u00dcber Heblichkeiten, Floskeln und andere Ausrutscher<\/em><\/a> aus den Notizb\u00fcchern des Herrn Nipp. <span data-offset-key=\"bv319-0-0\">Begleitendes zur Ver\u00f6ffentlichung des Buches <a href=\"http:\/\/www.editiondaslabor.de\/blog\/2019\/12\/04\/fatale-wirkungen\/\"><em>Fatale Wirkungen<\/em><\/a>, von Herrn Nipp (Mit Fotos von Stephanie Neuhaus). \u00dcber die <a href=\"http:\/\/www.editiondaslabor.de\/blog\/?p=70620\">historische Aufgabe<\/a> von Herrn Nipp aus M\u00f6ppelheim.<\/span><\/p>\r\n<p style=\"text-align: justify;\">Zum Thema K\u00fcnstlerbucher lesen finden Sie hier einen <a href=\"http:\/\/www.editiondaslabor.de\/blog\/?p=12840\">Essay<\/a> sowie ein <a href=\"http:\/\/www.editiondaslabor.de\/blog\/?p=834\">Artikel<\/a> von J.C. Albers. Vertiefend auch das <a href=\"http:\/\/www.editiondaslabor.de\/blog\/?p=21407\">Kollegengespr\u00e4ch<\/a> mit Haimo Hieronymus.<\/p>\r\n<p style=\"text-align: justify;\">Diese bibliophile Kostbarkeiten sind erh\u00e4ltlich \u00fcber die Werkstattgalerie Der Bogen, Tel. 0173 7276421<\/p>\r\n<p style=\"text-align: justify;\">\u00a0<\/p>","protected":false},"excerpt":{"rendered":"<p>&nbsp; Als er losging, zeigte der Himmel schon sein schwierig zu benennendes herbstliches Farbenspiel. \u00dcber die gesamte Fl\u00e4che hatten sich Wolkenschl\u00e4uche gebildet, die an den R\u00e4ndern ausfransten, teilweise ineinander \u00fcberliefen. Wie so oft, wenn Wolken nicht als geschlossene Masse auftreten,&hellip;<\/p>\n<p class=\"more-link-p\"><a class=\"more-link\" href=\"http:\/\/www.editiondaslabor.de\/blog\/2002\/06\/22\/nuesse\/\">Read more &rarr;<\/a><\/p>\n","protected":false},"author":161,"featured_media":71748,"comment_status":"closed","ping_status":"open","sticky":false,"template":"","format":"standard","meta":{"footnotes":""},"categories":[1],"tags":[1334],"class_list":["post-39133","post","type-post","status-publish","format-standard","has-post-thumbnail","hentry","category-literatur","tag-herr-nipp"],"_links":{"self":[{"href":"http:\/\/www.editiondaslabor.de\/blog\/wp-json\/wp\/v2\/posts\/39133","targetHints":{"allow":["GET"]}}],"collection":[{"href":"http:\/\/www.editiondaslabor.de\/blog\/wp-json\/wp\/v2\/posts"}],"about":[{"href":"http:\/\/www.editiondaslabor.de\/blog\/wp-json\/wp\/v2\/types\/post"}],"author":[{"embeddable":true,"href":"http:\/\/www.editiondaslabor.de\/blog\/wp-json\/wp\/v2\/users\/161"}],"replies":[{"embeddable":true,"href":"http:\/\/www.editiondaslabor.de\/blog\/wp-json\/wp\/v2\/comments?post=39133"}],"version-history":[{"count":0,"href":"http:\/\/www.editiondaslabor.de\/blog\/wp-json\/wp\/v2\/posts\/39133\/revisions"}],"wp:featuredmedia":[{"embeddable":true,"href":"http:\/\/www.editiondaslabor.de\/blog\/wp-json\/"}],"wp:attachment":[{"href":"http:\/\/www.editiondaslabor.de\/blog\/wp-json\/wp\/v2\/media?parent=39133"}],"wp:term":[{"taxonomy":"category","embeddable":true,"href":"http:\/\/www.editiondaslabor.de\/blog\/wp-json\/wp\/v2\/categories?post=39133"},{"taxonomy":"post_tag","embeddable":true,"href":"http:\/\/www.editiondaslabor.de\/blog\/wp-json\/wp\/v2\/tags?post=39133"}],"curies":[{"name":"wp","href":"https:\/\/api.w.org\/{rel}","templated":true}]}}