{"id":39005,"date":"1995-04-23T00:01:04","date_gmt":"1995-04-22T22:01:04","guid":{"rendered":"http:\/\/www.editiondaslabor.de\/blog\/?p=39005"},"modified":"2022-04-11T05:51:20","modified_gmt":"2022-04-11T03:51:20","slug":"rolf-dieter-brinkmann-ueber-poetisches-material","status":"publish","type":"post","link":"http:\/\/www.editiondaslabor.de\/blog\/1995\/04\/23\/rolf-dieter-brinkmann-ueber-poetisches-material\/","title":{"rendered":"Rolf Dieter Brinkmann \u00fcber poetisches Material"},"content":{"rendered":"<p>&nbsp;<\/p>\n<p style=\"text-align: justify;\">Es gibt kein anderes Material als das, was allen zug\u00e4nglich ist und womit jeder allt\u00e4glich umgeht, was man aufnimmt, wenn man aus dem Fenster guckt, auf der Strasse steht, an einem Schaufenster vorbeigeht&#8230; alles ganz gew\u00f6hnlich, Filmbilder, Reklamebilder, S\u00e4tze aus irgendeiner Lekt\u00fcre oder aus zur\u00fcckliegenden Gespr\u00e4chen, Meinungen, Gefasel, Gefasel, Ketchup, eine Schlagermelodie.<\/p>\n<p style=\"text-align: right;\">Rolf Dieter Brinkmann<\/p>\n<p>&nbsp;<\/p>\n<p>&nbsp;<\/p>\n<p>&nbsp;<\/p>\n<p class=\"has-text-align-center\" style=\"text-align: center;\">***<\/p>\n<div class=\"wp-block-image\">\n<figure class=\"alignleft size-large\"><img loading=\"lazy\" decoding=\"async\" width=\"118\" height=\"159\" class=\"wp-image-5367\" src=\"http:\/\/www.editiondaslabor.de\/blog\/wp-content\/uploads\/2012\/06\/Rdb.selfmade.100607.wisc_.jpg\" alt=\"\" \/><\/figure>\n<\/div>\n<p style=\"text-align: justify;\"><strong>Weiterf\u00fchrend \u2192<\/strong><\/p>\n<p style=\"text-align: justify;\">Ein Blick ins KUNO-Archiv: Lesen Sie auf KUNO eine <a href=\"http:\/\/www.editiondaslabor.de\/blog\/2016\/04\/16\/34716\/\">Betrachtung<\/a> der Jugends\u00fcnden des RDB. Einen Besuch des <a href=\"http:\/\/www.editiondaslabor.de\/blog\/2015\/04\/23\/orte-5-rdb-haus-koeln\/\">RDB-Haus<\/a>es, von Enno Stahl. Auch Sophie Reyer hat sich in der Domstadt auf die <a href=\"http:\/\/www.editiondaslabor.de\/blog\/2014\/03\/30\/fur-rolf-dieter-brinkmann-2\/\">Spuren von RDB<\/a> begeben. Einen Artikel \u00fcber <em>Das wild gefleckte Panorama eines anderen Traums<\/em><strong>,<\/strong> Rolf Dieter Brinkmanns <a href=\"http:\/\/www.editiondaslabor.de\/blog\/2015\/04\/16\/brinkmann-revisited\/\">sp\u00e4tes Romanprojekt<\/a>, von Roberto Di Bella. Und die Beantwortung der Frage: \u201eWer hat Angst vor RDB? <a href=\"http:\/\/www.editiondaslabor.de\/blog\/2014\/06\/25\/wer-hat-angst-vor-rdb\/\">durch<\/a> Axel Kutsch. <span lang=\"X-NONE\">Theo Breuer gelingt es, dem<\/span> Mythos nachzusp\u00fcren, <span lang=\"X-NONE\">eine angemessenere <a href=\"http:\/\/www.editiondaslabor.de\/blog\/?p=62988\">W\u00fcrdigung<\/a> Rolf Dieter Brinkmanns<\/span> wird man kaum finden!<\/p>\n<p style=\"text-align: justify;\">\n","protected":false},"excerpt":{"rendered":"<p>&nbsp; Es gibt kein anderes Material als das, was allen zug\u00e4nglich ist und womit jeder allt\u00e4glich umgeht, was man aufnimmt, wenn man aus dem Fenster guckt, auf der Strasse steht, an einem Schaufenster vorbeigeht&#8230; alles ganz gew\u00f6hnlich, Filmbilder, Reklamebilder, S\u00e4tze&hellip;<\/p>\n<p class=\"more-link-p\"><a class=\"more-link\" href=\"http:\/\/www.editiondaslabor.de\/blog\/1995\/04\/23\/rolf-dieter-brinkmann-ueber-poetisches-material\/\">Read more &rarr;<\/a><\/p>\n","protected":false},"author":2,"featured_media":99899,"comment_status":"closed","ping_status":"open","sticky":false,"template":"","format":"standard","meta":{"footnotes":""},"categories":[1],"tags":[241],"class_list":["post-39005","post","type-post","status-publish","format-standard","has-post-thumbnail","hentry","category-literatur","tag-rolf-dieter-brinkmann"],"_links":{"self":[{"href":"http:\/\/www.editiondaslabor.de\/blog\/wp-json\/wp\/v2\/posts\/39005","targetHints":{"allow":["GET"]}}],"collection":[{"href":"http:\/\/www.editiondaslabor.de\/blog\/wp-json\/wp\/v2\/posts"}],"about":[{"href":"http:\/\/www.editiondaslabor.de\/blog\/wp-json\/wp\/v2\/types\/post"}],"author":[{"embeddable":true,"href":"http:\/\/www.editiondaslabor.de\/blog\/wp-json\/wp\/v2\/users\/2"}],"replies":[{"embeddable":true,"href":"http:\/\/www.editiondaslabor.de\/blog\/wp-json\/wp\/v2\/comments?post=39005"}],"version-history":[{"count":2,"href":"http:\/\/www.editiondaslabor.de\/blog\/wp-json\/wp\/v2\/posts\/39005\/revisions"}],"predecessor-version":[{"id":99900,"href":"http:\/\/www.editiondaslabor.de\/blog\/wp-json\/wp\/v2\/posts\/39005\/revisions\/99900"}],"wp:featuredmedia":[{"embeddable":true,"href":"http:\/\/www.editiondaslabor.de\/blog\/wp-json\/wp\/v2\/media\/99899"}],"wp:attachment":[{"href":"http:\/\/www.editiondaslabor.de\/blog\/wp-json\/wp\/v2\/media?parent=39005"}],"wp:term":[{"taxonomy":"category","embeddable":true,"href":"http:\/\/www.editiondaslabor.de\/blog\/wp-json\/wp\/v2\/categories?post=39005"},{"taxonomy":"post_tag","embeddable":true,"href":"http:\/\/www.editiondaslabor.de\/blog\/wp-json\/wp\/v2\/tags?post=39005"}],"curies":[{"name":"wp","href":"https:\/\/api.w.org\/{rel}","templated":true}]}}