{"id":39001,"date":"1990-09-17T00:01:01","date_gmt":"1990-09-16T22:01:01","guid":{"rendered":"http:\/\/www.editiondaslabor.de\/blog\/?p=39001"},"modified":"2021-10-10T05:37:11","modified_gmt":"2021-10-10T03:37:11","slug":"die-legende","status":"publish","type":"post","link":"http:\/\/www.editiondaslabor.de\/blog\/1990\/09\/17\/die-legende\/","title":{"rendered":"Die Legende"},"content":{"rendered":"<p>&nbsp;<\/p>\n<div><\/div>\n<p>Mit kleinsten Federn<\/p>\n<p>seiner Fl\u00fcgel schreibt er<\/p>\n<p>gestochen scharf<\/p>\n<p>an reiner Sachlichkeit<\/p>\n<p>vorbei,\u00a0tele-<\/p>\n<p>phoniert im Schritt.<\/p>\n<p>Und einmal warf<\/p>\n<p>mit Fachlichkeit er<\/p>\n<p>einen Kreis in ein Geviert.<\/p>\n<p>Danach verschwand er, \u00fcberwand<\/p>\n<p>Geometrie per Poesie:<\/p>\n<p>(Trauer, Traum, Trauma,Trauer,\u00a0Zynik zuletzt)<\/p>\n<p>So war\u2019s so ist es<\/p>\n<p>wem \u2013 wem noch? &#8211;<\/p>\n<p>passiert.<\/p>\n<div>\n<div><span style=\"color: #f52c00;\">\u00a0<\/span><\/div>\n<div><\/div>\n<div>\n<p style=\"text-align: center;\">***<\/p>\n<div id=\"attachment_19507\" style=\"width: 309px\" class=\"wp-caption alignleft\"><a href=\"http:\/\/www.editiondaslabor.de\/blog\/wp-content\/uploads\/2014\/02\/Angelika-Janz.jpg\"><img loading=\"lazy\" decoding=\"async\" aria-describedby=\"caption-attachment-19507\" class=\"size-full wp-image-19507\" src=\"http:\/\/www.editiondaslabor.de\/blog\/wp-content\/uploads\/2014\/02\/Angelika-Janz.jpg\" alt=\"\" width=\"299\" height=\"253\" \/><\/a><p id=\"caption-attachment-19507\" class=\"wp-caption-text\">Angelika Janz<\/p><\/div>\n<p style=\"text-align: justify;\"><strong>Weiterf\u00fchrend\u00a0\u2192\u00a0<\/strong><\/p>\n<p style=\"text-align: justify;\">Lesen Sie auch das <a href=\"http:\/\/www.editiondaslabor.de\/blog\/?p=36409\">Kollegengespr\u00e4ch<\/a>, das A.J. Weigoni mit Angelika Janz \u00fcber den Zyklus <em>fern, fern<\/em> gef\u00fchrt hat. Vertiefend ein <a href=\"http:\/\/www.editiondaslabor.de\/blog\/?p=22835\">Portr\u00e4t <\/a>\u00fcber ihre interdisziplin\u00e4re T\u00e4tigkeit, sowie einen <a href=\"http:\/\/www.editiondaslabor.de\/blog\/?p=29450\">Essay<\/a> der <em>Fragmenttexterin<\/em>. Ebenfalls im KUNO-Archiv: Jan Kuhlbrodt mit einer <a href=\"http:\/\/www.editiondaslabor.de\/blog\/2012\/11\/05\/asthetische-prothetik\/\">Ann\u00e4herung<\/a> an die visuellen Arbeiten von Angelika Janz. Und nicht zuletzt, Michael Gratz \u00fcber Angelika Janz\u2018<a href=\"http:\/\/www.editiondaslabor.de\/blog\/2012\/11\/05\/freiraum\/\"> tEXt bILd<\/a><\/p>\n<\/div>\n<\/div>\n","protected":false},"excerpt":{"rendered":"<p>&nbsp; Mit kleinsten Federn seiner Fl\u00fcgel schreibt er gestochen scharf an reiner Sachlichkeit vorbei,\u00a0tele- phoniert im Schritt. Und einmal warf mit Fachlichkeit er einen Kreis in ein Geviert. Danach verschwand er, \u00fcberwand Geometrie per Poesie: (Trauer, Traum, Trauma,Trauer,\u00a0Zynik zuletzt) So&hellip;<\/p>\n<p class=\"more-link-p\"><a class=\"more-link\" href=\"http:\/\/www.editiondaslabor.de\/blog\/1990\/09\/17\/die-legende\/\">Read more &rarr;<\/a><\/p>\n","protected":false},"author":53,"featured_media":19507,"comment_status":"closed","ping_status":"open","sticky":false,"template":"","format":"standard","meta":{"footnotes":""},"categories":[1],"tags":[918],"class_list":["post-39001","post","type-post","status-publish","format-standard","has-post-thumbnail","hentry","category-literatur","tag-angelika-janz"],"_links":{"self":[{"href":"http:\/\/www.editiondaslabor.de\/blog\/wp-json\/wp\/v2\/posts\/39001","targetHints":{"allow":["GET"]}}],"collection":[{"href":"http:\/\/www.editiondaslabor.de\/blog\/wp-json\/wp\/v2\/posts"}],"about":[{"href":"http:\/\/www.editiondaslabor.de\/blog\/wp-json\/wp\/v2\/types\/post"}],"author":[{"embeddable":true,"href":"http:\/\/www.editiondaslabor.de\/blog\/wp-json\/wp\/v2\/users\/53"}],"replies":[{"embeddable":true,"href":"http:\/\/www.editiondaslabor.de\/blog\/wp-json\/wp\/v2\/comments?post=39001"}],"version-history":[{"count":0,"href":"http:\/\/www.editiondaslabor.de\/blog\/wp-json\/wp\/v2\/posts\/39001\/revisions"}],"wp:featuredmedia":[{"embeddable":true,"href":"http:\/\/www.editiondaslabor.de\/blog\/wp-json\/"}],"wp:attachment":[{"href":"http:\/\/www.editiondaslabor.de\/blog\/wp-json\/wp\/v2\/media?parent=39001"}],"wp:term":[{"taxonomy":"category","embeddable":true,"href":"http:\/\/www.editiondaslabor.de\/blog\/wp-json\/wp\/v2\/categories?post=39001"},{"taxonomy":"post_tag","embeddable":true,"href":"http:\/\/www.editiondaslabor.de\/blog\/wp-json\/wp\/v2\/tags?post=39001"}],"curies":[{"name":"wp","href":"https:\/\/api.w.org\/{rel}","templated":true}]}}