{"id":38979,"date":"2011-02-01T00:01:00","date_gmt":"2011-01-31T23:01:00","guid":{"rendered":"http:\/\/www.editiondaslabor.de\/blog\/?p=38979"},"modified":"2021-10-23T17:09:26","modified_gmt":"2021-10-23T15:09:26","slug":"das-lyrische-versehen-getarnt-als-gedicht","status":"publish","type":"post","link":"http:\/\/www.editiondaslabor.de\/blog\/2011\/02\/01\/das-lyrische-versehen-getarnt-als-gedicht\/","title":{"rendered":"Das lyrische Versehen getarnt als Gedicht"},"content":{"rendered":"<p align=\"center\"><b>\u00a0<\/b><\/p>\n<p align=\"center\">ich dachte, ich h\u00e4tte etwas gedichtet.<\/p>\n<p align=\"center\">Es war lyrisch,<\/p>\n<p align=\"center\">wie gemacht f\u00fcr etwas Gedichtliches.<\/p>\n<p align=\"center\">Ich wunderte mich,<\/p>\n<p align=\"center\">dass <i>es wie sch\u00f6n<\/i> zu lesen war.<\/p>\n<p align=\"center\">Andere sagten, es ist <i>zu<\/i> lesbar,<\/p>\n<p align=\"center\">um als Gedicht zu gelten<\/p>\n<p align=\"center\">und andere, es sei kotzgeil schief<\/p>\n<p align=\"center\">als Literatur generell nur getarnt.<\/p>\n<p align=\"center\">Ich mache Prosa,<\/p>\n<p align=\"center\">um das Gedicht so un-<\/p>\n<p align=\"center\">m\u00f6glich wie nur was zu machen es<\/p>\n<p align=\"center\">bleibt <i>artifizziell<\/i>, gell?<\/p>\n<p align=\"center\">Ich hasse (hasste?) mir die PflichtLeser meiner<\/p>\n<p align=\"center\">Lesbarkeiten schlicht weg und so<\/p>\n<p align=\"center\">eksistieren sie nicht.<\/p>\n<p align=\"center\">Diese abgescheuerten Texte \u00fcber<\/p>\n<p align=\"center\">die M\u00f6glichkeit der<\/p>\n<p align=\"center\">Unm\u00f6glichkeit aller ernstgemeinten<\/p>\n<p align=\"center\">Schreibe, alle Toten haben\u2019s versucht die ich <i>liebe<\/i>.<\/p>\n<p align=\"center\">Ihr andern k\u00f6nnt Euch mit mir langweilen, wie<\/p>\n<p align=\"center\">Einer sich (mich)) abqu\u00e4lt,<\/p>\n<p align=\"center\">Gedichte in die Reihe<\/p>\n<p align=\"center\">zu kriegen. Ich dachte,<\/p>\n<p align=\"center\">ich k\u00f6nnte stundenlang dar\u00fcber schreiben,<\/p>\n<p align=\"center\">wie man Gedichte hin- und zur\u00fcck<i>kriegt<\/i>.<\/p>\n<p align=\"center\">So,<\/p>\n<p align=\"center\">wie in meiner Jugend ich ex-<\/p>\n<p align=\"center\">peri-<\/p>\n<p align=\"center\">mentierte,<\/p>\n<p align=\"center\">frag-<\/p>\n<p align=\"center\">mentierte,<\/p>\n<p align=\"center\">oho, wie gut<\/p>\n<p align=\"center\">war ich da!<\/p>\n<p align=\"center\">Ich dichtete in Kombi<\/p>\n<p align=\"center\">Natio<\/p>\n<p align=\"center\">Ionen, gewissensma\u00dfen konkret wie\u2019n<\/p>\n<p align=\"center\">bissken politisch und alles<\/p>\n<p align=\"center\">ist verk\u00e4uflich wei\u00df<\/p>\n<p align=\"center\">ich jawohl noch heute schreibe<\/p>\n<p align=\"center\">schreibe schreibe schreibe so lange<\/p>\n<p align=\"center\">hin &amp; her<\/p>\n<p align=\"center\">hoch &amp; runter<\/p>\n<p align=\"center\">drauf &amp; dran<\/p>\n<p align=\"center\">bis ihr etwas<\/p>\n<p align=\"center\">\u00fcber die Quelle im Gedicht erfahrt zum Beispiel\u00a0 wie<\/p>\n<p align=\"center\">jemand neben mir heute morgen aufwacht und aufgeweckt bleibt.<\/p>\n<p align=\"center\">Gern bellen die Nachbarhunde pl\u00f6tzlich hysterisch.<\/p>\n<p align=\"center\">Sie bewachen uns mit, Hunde sind auf dem Gel\u00e4nde \u00fcberfl\u00fcssig.<\/p>\n<p align=\"center\">Dann summen auch die seit Jahren verstummten Bienen zwischen meinen Mohnblumen.<\/p>\n<p align=\"center\">Und dann legt mein Zwerghuhn\u00a0 ein erstes Ai,<\/p>\n<p align=\"center\">das allererste in meinem und seinem Leben \u00fcberhaupt, das<\/p>\n<p align=\"center\">trenne ich zwischen gelb und wei\u00df, blase<\/p>\n<p align=\"center\">es sofort aus, bemale und nummeriere es f\u00fcr mein Leben<\/p>\n<p align=\"center\">und die Osterkiste.<\/p>\n<p style=\"text-align: center;\">\u00a0***<\/p>\n<div id=\"attachment_19507\" style=\"width: 309px\" class=\"wp-caption alignleft\"><a href=\"http:\/\/www.editiondaslabor.de\/blog\/wp-content\/uploads\/2014\/02\/Angelika-Janz.jpg\"><img loading=\"lazy\" decoding=\"async\" aria-describedby=\"caption-attachment-19507\" class=\"size-full wp-image-19507\" src=\"http:\/\/www.editiondaslabor.de\/blog\/wp-content\/uploads\/2014\/02\/Angelika-Janz.jpg\" alt=\"\" width=\"299\" height=\"253\" \/><\/a><p id=\"caption-attachment-19507\" class=\"wp-caption-text\">Angelika Janz<\/p><\/div>\n<h5 style=\"text-align: justify;\">Weiterf\u00fchrend \u2192<\/h5>\n<p style=\"text-align: justify;\">Das Werk von Angelika Janz erschlie\u00dft sich nur dann richtig, wenn man die Verflechtung ihrer Bildgedanken mit der Dichtung versteht. Lesen Sie daher ein <a href=\"http:\/\/www.editiondaslabor.de\/blog\/?p=22835\">Portr\u00e4t <\/a>\u00fcber ihre interdisziplin\u00e4re T\u00e4tigkeit, sowie einen <a href=\"http:\/\/www.editiondaslabor.de\/blog\/?p=29450\">Essay<\/a> der <em>Fragmenttexterin, <\/em><\/p>\n","protected":false},"excerpt":{"rendered":"<p>\u00a0 ich dachte, ich h\u00e4tte etwas gedichtet. Es war lyrisch, wie gemacht f\u00fcr etwas Gedichtliches. Ich wunderte mich, dass es wie sch\u00f6n zu lesen war. Andere sagten, es ist zu lesbar, um als Gedicht zu gelten und andere, es sei&hellip;<\/p>\n<p class=\"more-link-p\"><a class=\"more-link\" href=\"http:\/\/www.editiondaslabor.de\/blog\/2011\/02\/01\/das-lyrische-versehen-getarnt-als-gedicht\/\">Read more &rarr;<\/a><\/p>\n","protected":false},"author":53,"featured_media":19507,"comment_status":"closed","ping_status":"open","sticky":false,"template":"","format":"standard","meta":{"footnotes":""},"categories":[1],"tags":[918],"class_list":["post-38979","post","type-post","status-publish","format-standard","has-post-thumbnail","hentry","category-literatur","tag-angelika-janz"],"_links":{"self":[{"href":"http:\/\/www.editiondaslabor.de\/blog\/wp-json\/wp\/v2\/posts\/38979","targetHints":{"allow":["GET"]}}],"collection":[{"href":"http:\/\/www.editiondaslabor.de\/blog\/wp-json\/wp\/v2\/posts"}],"about":[{"href":"http:\/\/www.editiondaslabor.de\/blog\/wp-json\/wp\/v2\/types\/post"}],"author":[{"embeddable":true,"href":"http:\/\/www.editiondaslabor.de\/blog\/wp-json\/wp\/v2\/users\/53"}],"replies":[{"embeddable":true,"href":"http:\/\/www.editiondaslabor.de\/blog\/wp-json\/wp\/v2\/comments?post=38979"}],"version-history":[{"count":0,"href":"http:\/\/www.editiondaslabor.de\/blog\/wp-json\/wp\/v2\/posts\/38979\/revisions"}],"wp:featuredmedia":[{"embeddable":true,"href":"http:\/\/www.editiondaslabor.de\/blog\/wp-json\/"}],"wp:attachment":[{"href":"http:\/\/www.editiondaslabor.de\/blog\/wp-json\/wp\/v2\/media?parent=38979"}],"wp:term":[{"taxonomy":"category","embeddable":true,"href":"http:\/\/www.editiondaslabor.de\/blog\/wp-json\/wp\/v2\/categories?post=38979"},{"taxonomy":"post_tag","embeddable":true,"href":"http:\/\/www.editiondaslabor.de\/blog\/wp-json\/wp\/v2\/tags?post=38979"}],"curies":[{"name":"wp","href":"https:\/\/api.w.org\/{rel}","templated":true}]}}