{"id":38489,"date":"2004-12-30T00:01:59","date_gmt":"2004-12-29T23:01:59","guid":{"rendered":"http:\/\/www.editiondaslabor.de\/blog\/?p=38489"},"modified":"2022-02-26T17:07:08","modified_gmt":"2022-02-26T16:07:08","slug":"naechte","status":"publish","type":"post","link":"http:\/\/www.editiondaslabor.de\/blog\/2004\/12\/30\/naechte\/","title":{"rendered":"N\u00c4CHTE"},"content":{"rendered":"<p>&nbsp;<\/p>\n<p align=\"center\">umschlie\u00dft das moor der mitternacht den himmel<\/p>\n<p align=\"center\">steh ich im chaos in der f\u00fclle ohne licht<\/p>\n<p align=\"center\">\u00a0reifen die erze verborgen weiter unter der erde<\/p>\n<p align=\"center\">\u00a0fault das korn bevor es keimt erholt das brachland sich<\/p>\n<p align=\"center\">\u00a0allein erlebt der vagabund sein reich das ausgestreute<\/p>\n<p align=\"center\">\u00a0wirklich entz\u00fcnden funken die asche am ru\u00dfenden docht<\/p>\n<p align=\"center\">fallen die schatten ab vom mond \u00f6ffnet sich das dunkel<\/p>\n<p align=\"center\">in der brust bin ich mein eigner scheffel<\/p>\n<p align=\"center\">brenn ich mich umnachtet endlich<\/p>\n<p align=\"center\">\u00a0aus dem zwischenreich zur\u00fcck ins leben<\/p>\n<p align=\"center\">***<\/p>\n<p>&nbsp;<\/p>\n<p style=\"text-align: justify;\">Eine Vorschau auf den Gedichtband <strong>Mei\u00dfelbrut<\/strong>, von Holger Benkel, Dr. Ziethen Verlag, Oschersleben, 2009\u00a0 &#8211; Eine Rezension finden Sie <a href=\"http:\/\/www.editiondaslabor.de\/blog\/?p=12769\">hier<\/a>.<\/p>\n<p><b><img loading=\"lazy\" decoding=\"async\" class=\"alignleft size-full wp-image-99159\" src=\"http:\/\/www.editiondaslabor.de\/blog\/wp-content\/uploads\/2025\/11\/Meisselbrut-e1645444519703.jpg\" alt=\"\" width=\"235\" height=\"300\" \/>Weiterf\u00fchrend <\/b><b>\u2192<\/b><\/p>\n<p>&nbsp;<\/p>\n<p style=\"text-align: justify;\">In einem <a href=\"http:\/\/www.editiondaslabor.de\/blog\/?p=29373\">Kollegengespr\u00e4ch<\/a> ergr\u00fcndeln Holger Benkel und A.J. Weigoni das Wesen der Poesie &#8211; und ihr allm\u00e4hliches Verschwinden. Das erste Kollegengespr\u00e4ch zwischen Holger Benkel und Weigoni finden Sie <a href=\"http:\/\/www.editiondaslabor.de\/blog\/?p=29373\">hier<\/a>.<\/p>\n<p style=\"text-align: justify;\"><strong>kindheit und kadaver<\/strong>, Gedichte von Holger Benkel, mit Radierungen von Jens Eigner. Verlag Blaue \u00c4pfel, Magdeburg 1995. Eine Rezension des ersten Gedichtbandes von Holger Benkel finden Sie<a href=\"http:\/\/www.editiondaslabor.de\/blog\/?p=6898\"> hier<\/a>.<\/p>\n<p style=\"text-align: justify;\"><strong>Gedanken, die um Ecken biegen<\/strong>, Aphorismen von Holger Benkel, <a href=\"http:\/\/www.editiondaslabor.de\/\">Edition Das Labor<\/a>, M\u00fclheim 2013<\/p>\n<p style=\"text-align: justify;\"><b>Essays<\/b> von Holger Benkel, Edition Das Labor 2014 \u2013 Einen Hinweis auf die in der Edition Das Labor erschienen Essays finden Sie <a href=\"http:\/\/www.editiondaslabor.de\/blog\/?p=21478\">hier<\/a>.\u00a0Auf KUNO portr\u00e4tierte Holger Benkel die <a href=\"http:\/\/www.editiondaslabor.de\/blog\/?p=11282\">Br\u00fcder Grimm<\/a>, <a href=\"http:\/\/www.editiondaslabor.de\/blog\/?p=6837\">Ulrich Bergmann<\/a>, <a href=\"http:\/\/www.editiondaslabor.de\/blog\/?p=11284\">A.J. Weigoni<\/a>, <a href=\"http:\/\/www.editiondaslabor.de\/blog\/?p=11279\">Uwe Albert<\/a>, <a href=\"http:\/\/www.editiondaslabor.de\/blog\/?p=15175\">Andr\u00e9 Schinkel<\/a>, <a href=\"http:\/\/www.editiondaslabor.de\/blog\/?p=15177\">Birgitt Lieberwirth<\/a> und <a href=\"http:\/\/www.editiondaslabor.de\/blog\/?p=15179\">Sabine Kunz<\/a>.<\/p>\n<p>&nbsp;<\/p>\n","protected":false},"excerpt":{"rendered":"<p>&nbsp; umschlie\u00dft das moor der mitternacht den himmel steh ich im chaos in der f\u00fclle ohne licht \u00a0reifen die erze verborgen weiter unter der erde \u00a0fault das korn bevor es keimt erholt das brachland sich \u00a0allein erlebt der vagabund sein&hellip;<\/p>\n<p class=\"more-link-p\"><a class=\"more-link\" href=\"http:\/\/www.editiondaslabor.de\/blog\/2004\/12\/30\/naechte\/\">Read more &rarr;<\/a><\/p>\n","protected":false},"author":36,"featured_media":99159,"comment_status":"closed","ping_status":"open","sticky":false,"template":"","format":"standard","meta":{"footnotes":""},"categories":[1],"tags":[94],"class_list":["post-38489","post","type-post","status-publish","format-standard","has-post-thumbnail","hentry","category-literatur","tag-holger-benkel"],"_links":{"self":[{"href":"http:\/\/www.editiondaslabor.de\/blog\/wp-json\/wp\/v2\/posts\/38489","targetHints":{"allow":["GET"]}}],"collection":[{"href":"http:\/\/www.editiondaslabor.de\/blog\/wp-json\/wp\/v2\/posts"}],"about":[{"href":"http:\/\/www.editiondaslabor.de\/blog\/wp-json\/wp\/v2\/types\/post"}],"author":[{"embeddable":true,"href":"http:\/\/www.editiondaslabor.de\/blog\/wp-json\/wp\/v2\/users\/36"}],"replies":[{"embeddable":true,"href":"http:\/\/www.editiondaslabor.de\/blog\/wp-json\/wp\/v2\/comments?post=38489"}],"version-history":[{"count":5,"href":"http:\/\/www.editiondaslabor.de\/blog\/wp-json\/wp\/v2\/posts\/38489\/revisions"}],"predecessor-version":[{"id":100895,"href":"http:\/\/www.editiondaslabor.de\/blog\/wp-json\/wp\/v2\/posts\/38489\/revisions\/100895"}],"wp:featuredmedia":[{"embeddable":true,"href":"http:\/\/www.editiondaslabor.de\/blog\/wp-json\/wp\/v2\/media\/99159"}],"wp:attachment":[{"href":"http:\/\/www.editiondaslabor.de\/blog\/wp-json\/wp\/v2\/media?parent=38489"}],"wp:term":[{"taxonomy":"category","embeddable":true,"href":"http:\/\/www.editiondaslabor.de\/blog\/wp-json\/wp\/v2\/categories?post=38489"},{"taxonomy":"post_tag","embeddable":true,"href":"http:\/\/www.editiondaslabor.de\/blog\/wp-json\/wp\/v2\/tags?post=38489"}],"curies":[{"name":"wp","href":"https:\/\/api.w.org\/{rel}","templated":true}]}}