{"id":38484,"date":"2011-03-28T00:01:40","date_gmt":"2011-03-27T22:01:40","guid":{"rendered":"http:\/\/www.editiondaslabor.de\/blog\/?p=38484"},"modified":"2021-10-26T10:18:11","modified_gmt":"2021-10-26T08:18:11","slug":"becken","status":"publish","type":"post","link":"http:\/\/www.editiondaslabor.de\/blog\/2011\/03\/28\/becken\/","title":{"rendered":"BECKEN"},"content":{"rendered":"<p align=\"center\">benetzt der schlag ins wasser mit dampf nur die wand<\/p>\n<p align=\"center\">ruft er das fleisch nicht zur\u00fcck befreit erst der sprung<\/p>\n<p align=\"center\">in den spiegel mein bild aus der starre im glas<\/p>\n<p align=\"center\">entbl\u00e4ttert sich die haut mondfarben \u00fcber muschel und bl\u00fcte<\/p>\n<p align=\"center\">\u00a0dem schlafenden tier kommt die flut mit hellem klang<\/p>\n<p align=\"center\">\u00a0in wirbeln und wellen str\u00f6mt das blut bl\u00e4ttern gleich<\/p>\n<p align=\"center\">\u00a0die wachsen aus dem abgrund der adern<\/p>\n<p align=\"center\">ziehbrunnen des k\u00f6rpers \u00fcberm blau der kacheln<\/p>\n<p align=\"center\">\u00a0wird rot die frucht geboren am ende aller f\u00e4den<\/p>\n<p align=\"center\">ber\u00fchrt der kopf den leib wieder<\/p>\n<p align=\"center\">\u00a0bieg ich wie ein tropfen mich ins licht<\/p>\n<p align=\"center\">\u00a0wandle ich meine gestalt zerbrech ich fall ich<\/p>\n<p align=\"center\">\u00a0ins becken entfernt sich schallendes gel\u00e4chter<\/p>\n<p align=\"center\">***<\/p>\n<p style=\"text-align: justify;\">R\u00fcckschau auf den Gedichtband <strong>Mei\u00dfelbrut<\/strong>, von Holger Benkel, Dr. Ziethen Verlag, Oschersleben, 2009\u00a0 &#8211; Eine Rezension finden Sie <a href=\"http:\/\/www.editiondaslabor.de\/blog\/?p=12769\">hier<\/a>.<\/p>\n<p><b><a href=\"http:\/\/www.editiondaslabor.de\/blog\/wp-content\/uploads\/2013\/12\/mei\u00dfel.jpg\"><img loading=\"lazy\" decoding=\"async\" class=\"alignleft size-full wp-image-12882\" src=\"http:\/\/www.editiondaslabor.de\/blog\/wp-content\/uploads\/2013\/12\/mei\u00dfel.jpg\" alt=\"\" width=\"162\" height=\"240\" \/><\/a>Weiterf\u00fchrend <\/b><b>\u2192<\/b><\/p>\n<p>&nbsp;<\/p>\n<p style=\"text-align: justify;\">In einem <a href=\"http:\/\/www.editiondaslabor.de\/blog\/?p=29373\">Kollegengespr\u00e4ch<\/a> ergr\u00fcndeln Holger Benkel und A.J. Weigoni das Wesen der Poesie &#8211; und ihr allm\u00e4hliches Verschwinden. Das erste Kollegengespr\u00e4ch zwischen Holger Benkel und Weigoni finden Sie <a href=\"http:\/\/www.editiondaslabor.de\/blog\/?p=29373\">hier<\/a>.<\/p>\n<p style=\"text-align: justify;\"><strong>kindheit und kadaver<\/strong>, Gedichte von Holger Benkel, mit Radierungen von Jens Eigner. Verlag Blaue \u00c4pfel, Magdeburg 1995. Eine Rezension des ersten Gedichtbandes von Holger Benkel finden Sie<a href=\"http:\/\/www.editiondaslabor.de\/blog\/?p=6898\"> hier<\/a>.<\/p>\n<p style=\"text-align: justify;\"><strong>Gedanken, die um Ecken biegen<\/strong>, Aphorismen von Holger Benkel, <a href=\"http:\/\/www.editiondaslabor.de\/\">Edition Das Labor<\/a>, M\u00fclheim 2013<\/p>\n<p style=\"text-align: justify;\"><b>Essays<\/b> von Holger Benkel, Edition Das Labor 2014 \u2013 Einen Hinweis auf die in der Edition Das Labor erschienen Essays finden Sie <a href=\"http:\/\/www.editiondaslabor.de\/blog\/?p=21478\">hier<\/a>.\u00a0Auf KUNO portr\u00e4tierte Holger Benkel die <a href=\"http:\/\/www.editiondaslabor.de\/blog\/?p=11282\">Br\u00fcder Grimm<\/a>, <a href=\"http:\/\/www.editiondaslabor.de\/blog\/?p=6837\">Ulrich Bergmann<\/a>, <a href=\"http:\/\/www.editiondaslabor.de\/blog\/?p=11284\">A.J. Weigoni<\/a>, <a href=\"http:\/\/www.editiondaslabor.de\/blog\/?p=11279\">Uwe Albert<\/a>, <a href=\"http:\/\/www.editiondaslabor.de\/blog\/?p=15175\">Andr\u00e9 Schinkel<\/a>, <a href=\"http:\/\/www.editiondaslabor.de\/blog\/?p=15177\">Birgitt Lieberwirth<\/a> und <a href=\"http:\/\/www.editiondaslabor.de\/blog\/?p=15179\">Sabine Kunz<\/a>.<\/p>\n<p>&nbsp;<\/p>\n","protected":false},"excerpt":{"rendered":"<p>benetzt der schlag ins wasser mit dampf nur die wand ruft er das fleisch nicht zur\u00fcck befreit erst der sprung in den spiegel mein bild aus der starre im glas entbl\u00e4ttert sich die haut mondfarben \u00fcber muschel und bl\u00fcte \u00a0dem&hellip;<\/p>\n<p class=\"more-link-p\"><a class=\"more-link\" href=\"http:\/\/www.editiondaslabor.de\/blog\/2011\/03\/28\/becken\/\">Read more &rarr;<\/a><\/p>\n","protected":false},"author":36,"featured_media":12882,"comment_status":"closed","ping_status":"open","sticky":false,"template":"","format":"standard","meta":{"footnotes":""},"categories":[1],"tags":[94],"class_list":["post-38484","post","type-post","status-publish","format-standard","has-post-thumbnail","hentry","category-literatur","tag-holger-benkel"],"_links":{"self":[{"href":"http:\/\/www.editiondaslabor.de\/blog\/wp-json\/wp\/v2\/posts\/38484","targetHints":{"allow":["GET"]}}],"collection":[{"href":"http:\/\/www.editiondaslabor.de\/blog\/wp-json\/wp\/v2\/posts"}],"about":[{"href":"http:\/\/www.editiondaslabor.de\/blog\/wp-json\/wp\/v2\/types\/post"}],"author":[{"embeddable":true,"href":"http:\/\/www.editiondaslabor.de\/blog\/wp-json\/wp\/v2\/users\/36"}],"replies":[{"embeddable":true,"href":"http:\/\/www.editiondaslabor.de\/blog\/wp-json\/wp\/v2\/comments?post=38484"}],"version-history":[{"count":0,"href":"http:\/\/www.editiondaslabor.de\/blog\/wp-json\/wp\/v2\/posts\/38484\/revisions"}],"wp:featuredmedia":[{"embeddable":true,"href":"http:\/\/www.editiondaslabor.de\/blog\/wp-json\/"}],"wp:attachment":[{"href":"http:\/\/www.editiondaslabor.de\/blog\/wp-json\/wp\/v2\/media?parent=38484"}],"wp:term":[{"taxonomy":"category","embeddable":true,"href":"http:\/\/www.editiondaslabor.de\/blog\/wp-json\/wp\/v2\/categories?post=38484"},{"taxonomy":"post_tag","embeddable":true,"href":"http:\/\/www.editiondaslabor.de\/blog\/wp-json\/wp\/v2\/tags?post=38484"}],"curies":[{"name":"wp","href":"https:\/\/api.w.org\/{rel}","templated":true}]}}