{"id":38421,"date":"2012-02-15T14:39:59","date_gmt":"2012-02-15T13:39:59","guid":{"rendered":"http:\/\/www.editiondaslabor.de\/blog\/?p=38421"},"modified":"2018-03-16T19:09:18","modified_gmt":"2018-03-16T18:09:18","slug":"schalen-3","status":"publish","type":"post","link":"http:\/\/www.editiondaslabor.de\/blog\/2012\/02\/15\/schalen-3\/","title":{"rendered":"SCHALEN"},"content":{"rendered":"<p align=\"center\">\n<p>&nbsp;<\/p>\n<p align=\"center\">\u00a0zerteilt die wunde die kuppel der brust<\/p>\n<p align=\"center\">birgt das knochendach den kopf<\/p>\n<p align=\"center\">fliegt ein schwarm st\u00fcmpfe<\/p>\n<p align=\"center\">\u00a0der klippe der schulter entgegen<\/p>\n<p align=\"center\">h\u00e4ngt der mantel der ersch\u00f6pften haut<\/p>\n<p align=\"center\">\u00fcberm schacht des leibes<\/p>\n<p align=\"center\">\u00a0streckt sich der fu\u00df im gliederscho\u00df<\/p>\n<p align=\"center\">\u00a0in der bremsspur des schorfes<\/p>\n<p align=\"center\">ist das becken grab und kelch<\/p>\n<p align=\"center\">dr\u00f6hnt der samen im sch\u00e4del um mich zu taufen<\/p>\n<p align=\"center\">f\u00f6rdert aderla\u00df wucher zutage steigt die sonne<\/p>\n<p align=\"center\">\u00a0ans ufer der haut sinken die lippen hinab<\/p>\n<p align=\"center\">\u00a0zur halbwelt der austern falten die h\u00e4nde sich<\/p>\n<p align=\"center\">pre\u00df ich mich hervor wie einen keim<\/p>\n<p align=\"center\">\u00a0heb ich die schale zum mund unter der stirn<\/p>\n<p align=\"center\">zwischen den augen tauch ich hinab<\/p>\n<p align=\"center\">\n<p align=\"center\">\n<p align=\"center\">***<\/p>\n<p>&nbsp;<\/p>\n<p style=\"text-align: justify\">Vorschau auf den Gedichtband <strong>Mei\u00dfelbrut<\/strong>, von Holger Benkel, Dr. Ziethen Verlag, Oschersleben, 2009<\/p>\n<p>&nbsp;<\/p>\n<p>&nbsp;<\/p>\n<p>&nbsp;<\/p>\n<p align=\"center\">\n","protected":false},"excerpt":{"rendered":"<p>&nbsp; \u00a0zerteilt die wunde die kuppel der brust birgt das knochendach den kopf fliegt ein schwarm st\u00fcmpfe \u00a0der klippe der schulter entgegen h\u00e4ngt der mantel der ersch\u00f6pften haut \u00fcberm schacht des leibes \u00a0streckt sich der fu\u00df im gliederscho\u00df \u00a0in der&hellip;<\/p>\n<p class=\"more-link-p\"><a class=\"more-link\" href=\"http:\/\/www.editiondaslabor.de\/blog\/2012\/02\/15\/schalen-3\/\">Read more &rarr;<\/a><\/p>\n","protected":false},"author":36,"featured_media":13740,"comment_status":"closed","ping_status":"open","sticky":false,"template":"","format":"standard","meta":{"footnotes":""},"categories":[1],"tags":[94],"class_list":["post-38421","post","type-post","status-publish","format-standard","has-post-thumbnail","hentry","category-literatur","tag-holger-benkel"],"_links":{"self":[{"href":"http:\/\/www.editiondaslabor.de\/blog\/wp-json\/wp\/v2\/posts\/38421","targetHints":{"allow":["GET"]}}],"collection":[{"href":"http:\/\/www.editiondaslabor.de\/blog\/wp-json\/wp\/v2\/posts"}],"about":[{"href":"http:\/\/www.editiondaslabor.de\/blog\/wp-json\/wp\/v2\/types\/post"}],"author":[{"embeddable":true,"href":"http:\/\/www.editiondaslabor.de\/blog\/wp-json\/wp\/v2\/users\/36"}],"replies":[{"embeddable":true,"href":"http:\/\/www.editiondaslabor.de\/blog\/wp-json\/wp\/v2\/comments?post=38421"}],"version-history":[{"count":0,"href":"http:\/\/www.editiondaslabor.de\/blog\/wp-json\/wp\/v2\/posts\/38421\/revisions"}],"wp:featuredmedia":[{"embeddable":true,"href":"http:\/\/www.editiondaslabor.de\/blog\/wp-json\/"}],"wp:attachment":[{"href":"http:\/\/www.editiondaslabor.de\/blog\/wp-json\/wp\/v2\/media?parent=38421"}],"wp:term":[{"taxonomy":"category","embeddable":true,"href":"http:\/\/www.editiondaslabor.de\/blog\/wp-json\/wp\/v2\/categories?post=38421"},{"taxonomy":"post_tag","embeddable":true,"href":"http:\/\/www.editiondaslabor.de\/blog\/wp-json\/wp\/v2\/tags?post=38421"}],"curies":[{"name":"wp","href":"https:\/\/api.w.org\/{rel}","templated":true}]}}