{"id":38356,"date":"2002-11-15T00:41:30","date_gmt":"2002-11-14T23:41:30","guid":{"rendered":"http:\/\/www.editiondaslabor.de\/blog\/?p=38356"},"modified":"2021-12-07T18:46:47","modified_gmt":"2021-12-07T17:46:47","slug":"lebensraeume-2","status":"publish","type":"post","link":"http:\/\/www.editiondaslabor.de\/blog\/2002\/11\/15\/lebensraeume-2\/","title":{"rendered":"LEBENSR\u00c4UME"},"content":{"rendered":"<p align=\"center\">solang der winter dauert lebe ich nach innen<\/p>\n<p align=\"center\">birgt mich der raum ein ausgeh\u00f6hlter stumpf<\/p>\n<p align=\"center\">denk ich wie pflanzen wachsen nach der k\u00e4lte<\/p>\n<p align=\"center\">leuchten bl\u00fcten ultraviolett tastet sie ab das freie tier<\/p>\n<p align=\"center\">spielt es im kraut mit mir gekerbt der k\u00f6rper<\/p>\n<p align=\"center\">bebend der stachel gefl\u00fcgelt die haut frag ich<\/p>\n<p align=\"center\">unterm steinglasbau der schwellung der landschaft<\/p>\n<p align=\"center\">mu\u00dfte man insekten z\u00fcchten da\u00df kultur entsteht<\/p>\n<p align=\"center\">bis der schwarm zur\u00fcckschl\u00e4gt stachelweis<\/p>\n<p align=\"center\">sich selber mordend brauche ich nur wenig honig<\/p>\n<p align=\"center\">der die schl\u00e4fen f\u00e4rbt lieg ich im bienenkorb<\/p>\n<p align=\"center\">\u00a0begraben wird mein leib ein wachsbildr\u00e4tsel ewig<\/p>\n<p align=\"center\">***<\/p>\n<p>&nbsp;<\/p>\n<p style=\"text-align: justify;\">Vorschau auf den Gedichtband <strong>Mei\u00dfelbrut<\/strong>, von Holger Benkel, Dr. Ziethen Verlag, Oschersleben, 2009\u00a0 &#8211; Eine Rezension finden Sie <a href=\"http:\/\/www.editiondaslabor.de\/blog\/?p=12769\">hier<\/a>.<\/p>\n<p><b><img loading=\"lazy\" decoding=\"async\" class=\"alignleft size-full wp-image-12882\" src=\"http:\/\/www.editiondaslabor.de\/blog\/wp-content\/uploads\/2013\/12\/mei\u00dfel.jpg\" alt=\"\" width=\"162\" height=\"240\" \/>Weiterf\u00fchrend <\/b><b>\u2192<\/b><\/p>\n<p>&nbsp;<\/p>\n<p style=\"text-align: justify;\">In einem <a href=\"http:\/\/www.editiondaslabor.de\/blog\/?p=29373\">Kollegengespr\u00e4ch<\/a> ergr\u00fcndeln Holger Benkel und A.J. Weigoni das Wesen der Poesie &#8211; und ihr allm\u00e4hliches Verschwinden. Das erste Kollegengespr\u00e4ch zwischen Holger Benkel und Weigoni finden Sie <a href=\"http:\/\/www.editiondaslabor.de\/blog\/?p=29373\">hier<\/a>.<\/p>\n<p style=\"text-align: justify;\"><strong>kindheit und kadaver<\/strong>, Gedichte von Holger Benkel, mit Radierungen von Jens Eigner. Verlag Blaue \u00c4pfel, Magdeburg 1995. Eine Rezension des ersten Gedichtbandes von Holger Benkel finden Sie<a href=\"http:\/\/www.editiondaslabor.de\/blog\/?p=6898\"> hier<\/a>.<\/p>\n<p style=\"text-align: justify;\"><strong>Gedanken, die um Ecken biegen<\/strong>, Aphorismen von Holger Benkel, <a href=\"http:\/\/www.editiondaslabor.de\/\">Edition Das Labor<\/a>, M\u00fclheim 2013<\/p>\n<p style=\"text-align: justify;\"><b>Essays<\/b> von Holger Benkel, Edition Das Labor 2014 \u2013 Einen Hinweis auf die in der Edition Das Labor erschienen Essays finden Sie <a href=\"http:\/\/www.editiondaslabor.de\/blog\/?p=21478\">hier<\/a>.\u00a0Auf KUNO portr\u00e4tierte Holger Benkel die <a href=\"http:\/\/www.editiondaslabor.de\/blog\/?p=11282\">Br\u00fcder Grimm<\/a>, <a href=\"http:\/\/www.editiondaslabor.de\/blog\/?p=6837\">Ulrich Bergmann<\/a>, <a href=\"http:\/\/www.editiondaslabor.de\/blog\/?p=11284\">A.J. Weigoni<\/a>, <a href=\"http:\/\/www.editiondaslabor.de\/blog\/?p=11279\">Uwe Albert<\/a>, <a href=\"http:\/\/www.editiondaslabor.de\/blog\/?p=15175\">Andr\u00e9 Schinkel<\/a>, <a href=\"http:\/\/www.editiondaslabor.de\/blog\/?p=15177\">Birgitt Lieberwirth<\/a> und <a href=\"http:\/\/www.editiondaslabor.de\/blog\/?p=15179\">Sabine Kunz<\/a>.<\/p>\n<p>&nbsp;<\/p>\n","protected":false},"excerpt":{"rendered":"<p>solang der winter dauert lebe ich nach innen birgt mich der raum ein ausgeh\u00f6hlter stumpf denk ich wie pflanzen wachsen nach der k\u00e4lte leuchten bl\u00fcten ultraviolett tastet sie ab das freie tier spielt es im kraut mit mir gekerbt der&hellip;<\/p>\n<p class=\"more-link-p\"><a class=\"more-link\" href=\"http:\/\/www.editiondaslabor.de\/blog\/2002\/11\/15\/lebensraeume-2\/\">Read more &rarr;<\/a><\/p>\n","protected":false},"author":36,"featured_media":12882,"comment_status":"closed","ping_status":"open","sticky":false,"template":"","format":"standard","meta":{"footnotes":""},"categories":[1],"tags":[94],"class_list":["post-38356","post","type-post","status-publish","format-standard","has-post-thumbnail","hentry","category-literatur","tag-holger-benkel"],"_links":{"self":[{"href":"http:\/\/www.editiondaslabor.de\/blog\/wp-json\/wp\/v2\/posts\/38356","targetHints":{"allow":["GET"]}}],"collection":[{"href":"http:\/\/www.editiondaslabor.de\/blog\/wp-json\/wp\/v2\/posts"}],"about":[{"href":"http:\/\/www.editiondaslabor.de\/blog\/wp-json\/wp\/v2\/types\/post"}],"author":[{"embeddable":true,"href":"http:\/\/www.editiondaslabor.de\/blog\/wp-json\/wp\/v2\/users\/36"}],"replies":[{"embeddable":true,"href":"http:\/\/www.editiondaslabor.de\/blog\/wp-json\/wp\/v2\/comments?post=38356"}],"version-history":[{"count":0,"href":"http:\/\/www.editiondaslabor.de\/blog\/wp-json\/wp\/v2\/posts\/38356\/revisions"}],"wp:featuredmedia":[{"embeddable":true,"href":"http:\/\/www.editiondaslabor.de\/blog\/wp-json\/"}],"wp:attachment":[{"href":"http:\/\/www.editiondaslabor.de\/blog\/wp-json\/wp\/v2\/media?parent=38356"}],"wp:term":[{"taxonomy":"category","embeddable":true,"href":"http:\/\/www.editiondaslabor.de\/blog\/wp-json\/wp\/v2\/categories?post=38356"},{"taxonomy":"post_tag","embeddable":true,"href":"http:\/\/www.editiondaslabor.de\/blog\/wp-json\/wp\/v2\/tags?post=38356"}],"curies":[{"name":"wp","href":"https:\/\/api.w.org\/{rel}","templated":true}]}}